{"id":46970,"date":"2023-08-16T15:22:45","date_gmt":"2023-08-16T18:22:45","guid":{"rendered":"http:\/\/labestiadeportiva.com\/lbd\/?p=46970"},"modified":"2023-08-16T15:28:29","modified_gmt":"2023-08-16T18:28:29","slug":"alejo-a-canada-audio","status":"publish","type":"post","link":"https:\/\/labestiadeportiva.com\/lbd\/alejo-a-canada-audio\/","title":{"rendered":"Alejo a Canad\u00e1 (Audio)"},"content":{"rendered":"\n<figure class=\"wp-block-image size-large\"><a href=\"http:\/\/labestiadeportiva.com\/lbd\/wp-content\/uploads\/2023\/08\/Screenshot_20230816-0953143.png\"><img loading=\"lazy\" width=\"799\" height=\"1024\" src=\"http:\/\/labestiadeportiva.com\/lbd\/wp-content\/uploads\/2023\/08\/Screenshot_20230816-0953143-799x1024.png\" alt=\"\" class=\"wp-image-46971\" srcset=\"https:\/\/labestiadeportiva.com\/lbd\/wp-content\/uploads\/2023\/08\/Screenshot_20230816-0953143-799x1024.png 799w, https:\/\/labestiadeportiva.com\/lbd\/wp-content\/uploads\/2023\/08\/Screenshot_20230816-0953143-234x300.png 234w, https:\/\/labestiadeportiva.com\/lbd\/wp-content\/uploads\/2023\/08\/Screenshot_20230816-0953143-768x984.png 768w, https:\/\/labestiadeportiva.com\/lbd\/wp-content\/uploads\/2023\/08\/Screenshot_20230816-0953143-640x820.png 640w, https:\/\/labestiadeportiva.com\/lbd\/wp-content\/uploads\/2023\/08\/Screenshot_20230816-0953143.png 1080w\" sizes=\"(max-width: 799px) 100vw, 799px\" \/><\/a><\/figure>\n\n\n\n<figure class=\"wp-block-image size-full is-resized\"><a href=\"http:\/\/labestiadeportiva.com\/lbd\/wp-content\/uploads\/2022\/11\/CARA_PEREZ-2.jpg\"><img loading=\"lazy\" src=\"http:\/\/labestiadeportiva.com\/lbd\/wp-content\/uploads\/2022\/11\/CARA_PEREZ-2.jpg\" alt=\"\" class=\"wp-image-43576\" width=\"368\" height=\"75\" srcset=\"https:\/\/labestiadeportiva.com\/lbd\/wp-content\/uploads\/2022\/11\/CARA_PEREZ-2.jpg 600w, https:\/\/labestiadeportiva.com\/lbd\/wp-content\/uploads\/2022\/11\/CARA_PEREZ-2-300x62.jpg 300w\" sizes=\"(max-width: 368px) 100vw, 368px\" \/><\/a><\/figure>\n\n\n\n<p>El joven jugador de hockey sobre Hielo del CAU, Alejo Mistraletti, realizar\u00e1 la temporada en el Vegreville Vipers canadiense.<\/p>\n\n\n\n<p>El fueguino se encuentra viajando junto a Pedro Baeza y Nicola Piccone para formar parte del Seleccionado Argentino que competir\u00e1 en  la LATAM Cup en Miami, Florida,  para luego sumarse a la instituci\u00f3n de Am\u00e9rica del Norte.<\/p>\n\n\n\n<p>Gentilmente y en exclusiva nos di\u00f3 detalles de su inminente llegada a tierra canadiense. <\/p>\n\n\n\n<!--more-->\n\n\n\n<figure class=\"wp-block-embed is-type-video is-provider-youtube wp-block-embed-youtube wp-embed-aspect-4-3 wp-has-aspect-ratio\"><div class=\"wp-block-embed__wrapper\">\n<iframe loading=\"lazy\" title=\"Audio Alejo Mistraletti\" width=\"474\" height=\"356\" src=\"https:\/\/www.youtube.com\/embed\/yyM-lWqdISA?feature=oembed\" frameborder=\"0\" allow=\"accelerometer; autoplay; clipboard-write; encrypted-media; gyroscope; picture-in-picture; web-share\" allowfullscreen><\/iframe>\n<\/div><\/figure>\n<div class='epvc-post-count'><span class='epvc-eye'><\/span>  <span class=\"epvc-count\"> 1.292<\/span><span class='epvc-label'> veces le\u00edda<\/span><\/div>\n<div class=\"jwsharethis\">\nShare this: \n<br \/>\n<a href=\"mailto:?subject=Alejo%20a%20Canad%C3%A1%20%28Audio%29&amp;body=https%3A%2F%2Flabestiadeportiva.com%2Flbd%2Falejo-a-canada-audio%2F\">\n<img src=\"https:\/\/labestiadeportiva.com\/lbd\/wp-content\/plugins\/jw-share-this\/email.png\" alt=\"Share this page via Email\" \/>\n<\/a>\n<a target=\"_blank\" href=\"http:\/\/www.stumbleupon.com\/submit?url=https%3A%2F%2Flabestiadeportiva.com%2Flbd%2Falejo-a-canada-audio%2F&amp;title=Alejo+a+Canad%C3%A1+%28Audio%29\">\n<img src=\"https:\/\/labestiadeportiva.com\/lbd\/wp-content\/plugins\/jw-share-this\/su.png\" alt=\"Share this page via Stumble Upon\" \/>\n<\/a>\n<a target=\"_blank\" href=\"http:\/\/digg.com\/submit?url=https%3A%2F%2Flabestiadeportiva.com%2Flbd%2Falejo-a-canada-audio%2F&amp;title=Alejo+a+Canad%C3%A1+%28Audio%29\">\n<img src=\"https:\/\/labestiadeportiva.com\/lbd\/wp-content\/plugins\/jw-share-this\/digg.png\" alt=\"Share this page via Digg this\" \/>\n<\/a>\n<a target=\"_blank\" href=\"http:\/\/www.facebook.com\/sharer.php?u=https%3A%2F%2Flabestiadeportiva.com%2Flbd%2Falejo-a-canada-audio%2F&amp;t=Alejo+a+Canad%C3%A1+%28Audio%29\">\n<img src=\"https:\/\/labestiadeportiva.com\/lbd\/wp-content\/plugins\/jw-share-this\/fb.png\" alt=\"Share this page via Facebook\" \/>\n<\/a>\n<a target=\"_blank\" href=\"http:\/\/twitter.com\/intent\/tweet?text=I+like+https%3A%2F%2Flabestiadeportiva.com%2Flbd%2Falejo-a-canada-audio%2F&amp;title=Alejo+a+Canad%C3%A1+%28Audio%29\">\n<img src=\"https:\/\/labestiadeportiva.com\/lbd\/wp-content\/plugins\/jw-share-this\/twitter.png\" alt=\"Share this page via Twitter\" \/>\n<\/a>\n<\/div>\n","protected":false},"excerpt":{"rendered":"<p>El joven jugador de hockey sobre Hielo del CAU, Alejo Mistraletti, realizar\u00e1 la temporada en el Vegreville Vipers canadiense. El fueguino se encuentra viajando junto a Pedro Baeza y Nicola Piccone para formar parte del Seleccionado Argentino que competir\u00e1 en la LATAM Cup en Miami, Florida, para luego sumarse a la instituci\u00f3n de Am\u00e9rica del &hellip; <a href=\"https:\/\/labestiadeportiva.com\/lbd\/alejo-a-canada-audio\/\" class=\"more-link\">Seguir leyendo <span class=\"screen-reader-text\">Alejo a Canad\u00e1 (Audio)<\/span> <span class=\"meta-nav\">&rarr;<\/span><\/a><\/p>\n","protected":false},"author":1,"featured_media":0,"comment_status":"open","ping_status":"open","sticky":false,"template":"","format":"standard","meta":[],"categories":[5,4,6,41,2353,2233,1],"tags":[5134,4829,4838,139,83],"_links":{"self":[{"href":"https:\/\/labestiadeportiva.com\/lbd\/wp-json\/wp\/v2\/posts\/46970"}],"collection":[{"href":"https:\/\/labestiadeportiva.com\/lbd\/wp-json\/wp\/v2\/posts"}],"about":[{"href":"https:\/\/labestiadeportiva.com\/lbd\/wp-json\/wp\/v2\/types\/post"}],"author":[{"embeddable":true,"href":"https:\/\/labestiadeportiva.com\/lbd\/wp-json\/wp\/v2\/users\/1"}],"replies":[{"embeddable":true,"href":"https:\/\/labestiadeportiva.com\/lbd\/wp-json\/wp\/v2\/comments?post=46970"}],"version-history":[{"count":2,"href":"https:\/\/labestiadeportiva.com\/lbd\/wp-json\/wp\/v2\/posts\/46970\/revisions"}],"predecessor-version":[{"id":46974,"href":"https:\/\/labestiadeportiva.com\/lbd\/wp-json\/wp\/v2\/posts\/46970\/revisions\/46974"}],"wp:attachment":[{"href":"https:\/\/labestiadeportiva.com\/lbd\/wp-json\/wp\/v2\/media?parent=46970"}],"wp:term":[{"taxonomy":"category","embeddable":true,"href":"https:\/\/labestiadeportiva.com\/lbd\/wp-json\/wp\/v2\/categories?post=46970"},{"taxonomy":"post_tag","embeddable":true,"href":"https:\/\/labestiadeportiva.com\/lbd\/wp-json\/wp\/v2\/tags?post=46970"}],"curies":[{"name":"wp","href":"https:\/\/api.w.org\/{rel}","templated":true}]}}