{"id":46979,"date":"2023-08-16T18:52:02","date_gmt":"2023-08-16T21:52:02","guid":{"rendered":"http:\/\/labestiadeportiva.com\/lbd\/?p=46979"},"modified":"2023-08-16T18:52:06","modified_gmt":"2023-08-16T21:52:06","slug":"la-48-edicion-por-fm-fuego-audio","status":"publish","type":"post","link":"https:\/\/labestiadeportiva.com\/lbd\/la-48-edicion-por-fm-fuego-audio\/","title":{"rendered":"La 48\u00b0 edici\u00f3n por FM Fuego (Audio)"},"content":{"rendered":"\n<figure class=\"wp-block-image size-large\"><a href=\"http:\/\/labestiadeportiva.com\/lbd\/wp-content\/uploads\/2023\/08\/FB_IMG_1692214521116.jpg\"><img loading=\"lazy\" width=\"1024\" height=\"1024\" src=\"http:\/\/labestiadeportiva.com\/lbd\/wp-content\/uploads\/2023\/08\/FB_IMG_1692214521116-1024x1024.jpg\" alt=\"\" class=\"wp-image-46980\" srcset=\"https:\/\/labestiadeportiva.com\/lbd\/wp-content\/uploads\/2023\/08\/FB_IMG_1692214521116-1024x1024.jpg 1024w, https:\/\/labestiadeportiva.com\/lbd\/wp-content\/uploads\/2023\/08\/FB_IMG_1692214521116-300x300.jpg 300w, https:\/\/labestiadeportiva.com\/lbd\/wp-content\/uploads\/2023\/08\/FB_IMG_1692214521116-150x150.jpg 150w, https:\/\/labestiadeportiva.com\/lbd\/wp-content\/uploads\/2023\/08\/FB_IMG_1692214521116-768x768.jpg 768w, https:\/\/labestiadeportiva.com\/lbd\/wp-content\/uploads\/2023\/08\/FB_IMG_1692214521116-640x640.jpg 640w, https:\/\/labestiadeportiva.com\/lbd\/wp-content\/uploads\/2023\/08\/FB_IMG_1692214521116.jpg 1080w\" sizes=\"(max-width: 1024px) 100vw, 1024px\" \/><\/a><\/figure>\n\n\n\n<figure class=\"wp-block-image size-full is-resized\"><a href=\"http:\/\/labestiadeportiva.com\/lbd\/wp-content\/uploads\/2022\/11\/CARA_PEREZ-2.jpg\"><img loading=\"lazy\" src=\"http:\/\/labestiadeportiva.com\/lbd\/wp-content\/uploads\/2022\/11\/CARA_PEREZ-2.jpg\" alt=\"\" class=\"wp-image-43576\" width=\"350\" height=\"71\" srcset=\"https:\/\/labestiadeportiva.com\/lbd\/wp-content\/uploads\/2022\/11\/CARA_PEREZ-2.jpg 600w, https:\/\/labestiadeportiva.com\/lbd\/wp-content\/uploads\/2022\/11\/CARA_PEREZ-2-300x62.jpg 300w\" sizes=\"(max-width: 350px) 100vw, 350px\" \/><\/a><\/figure>\n\n\n\n<p>De jueves a domingo la 90.1 transmitir\u00e1 cada detalle del Gran Premio de la Hermandad. Entrevistamos a Eduardo \u00abTano\u00bb Filosa quien nos brind\u00f3 un pormenorizado detalle de las acciones por venir con lugares, d\u00edas y horarios de cada una de las jornadas.<\/p>\n\n\n\n<p>A Ushuaia el relato llegar\u00e1 por nuestra emisora, 94.1 FM del Sur y la colega FM M\u00e1ster. <\/p>\n\n\n\n<!--more-->\n\n\n\n<figure class=\"wp-block-embed is-type-video is-provider-youtube wp-block-embed-youtube wp-embed-aspect-4-3 wp-has-aspect-ratio\"><div class=\"wp-block-embed__wrapper\">\n<iframe loading=\"lazy\" title=\"Audio Eduardo &quot;Tano&quot; Filoza\" width=\"474\" height=\"356\" src=\"https:\/\/www.youtube.com\/embed\/rPVI_gksGB0?feature=oembed\" frameborder=\"0\" allow=\"accelerometer; autoplay; clipboard-write; encrypted-media; gyroscope; picture-in-picture; web-share\" allowfullscreen><\/iframe>\n<\/div><\/figure>\n<div class='epvc-post-count'><span class='epvc-eye'><\/span>  <span class=\"epvc-count\"> 1.157<\/span><span class='epvc-label'> veces le\u00edda<\/span><\/div>\n<div class=\"jwsharethis\">\nShare this: \n<br \/>\n<a href=\"mailto:?subject=La%2048%C2%B0%20edici%C3%B3n%20por%20FM%20Fuego%20%28Audio%29&amp;body=https%3A%2F%2Flabestiadeportiva.com%2Flbd%2Fla-48-edicion-por-fm-fuego-audio%2F\">\n<img src=\"https:\/\/labestiadeportiva.com\/lbd\/wp-content\/plugins\/jw-share-this\/email.png\" alt=\"Share this page via Email\" \/>\n<\/a>\n<a target=\"_blank\" href=\"http:\/\/www.stumbleupon.com\/submit?url=https%3A%2F%2Flabestiadeportiva.com%2Flbd%2Fla-48-edicion-por-fm-fuego-audio%2F&amp;title=La+48%C2%B0+edici%C3%B3n+por+FM+Fuego+%28Audio%29\">\n<img src=\"https:\/\/labestiadeportiva.com\/lbd\/wp-content\/plugins\/jw-share-this\/su.png\" alt=\"Share this page via Stumble Upon\" \/>\n<\/a>\n<a target=\"_blank\" href=\"http:\/\/digg.com\/submit?url=https%3A%2F%2Flabestiadeportiva.com%2Flbd%2Fla-48-edicion-por-fm-fuego-audio%2F&amp;title=La+48%C2%B0+edici%C3%B3n+por+FM+Fuego+%28Audio%29\">\n<img src=\"https:\/\/labestiadeportiva.com\/lbd\/wp-content\/plugins\/jw-share-this\/digg.png\" alt=\"Share this page via Digg this\" \/>\n<\/a>\n<a target=\"_blank\" href=\"http:\/\/www.facebook.com\/sharer.php?u=https%3A%2F%2Flabestiadeportiva.com%2Flbd%2Fla-48-edicion-por-fm-fuego-audio%2F&amp;t=La+48%C2%B0+edici%C3%B3n+por+FM+Fuego+%28Audio%29\">\n<img src=\"https:\/\/labestiadeportiva.com\/lbd\/wp-content\/plugins\/jw-share-this\/fb.png\" alt=\"Share this page via Facebook\" \/>\n<\/a>\n<a target=\"_blank\" href=\"http:\/\/twitter.com\/intent\/tweet?text=I+like+https%3A%2F%2Flabestiadeportiva.com%2Flbd%2Fla-48-edicion-por-fm-fuego-audio%2F&amp;title=La+48%C2%B0+edici%C3%B3n+por+FM+Fuego+%28Audio%29\">\n<img src=\"https:\/\/labestiadeportiva.com\/lbd\/wp-content\/plugins\/jw-share-this\/twitter.png\" alt=\"Share this page via Twitter\" \/>\n<\/a>\n<\/div>\n","protected":false},"excerpt":{"rendered":"<p>De jueves a domingo la 90.1 transmitir\u00e1 cada detalle del Gran Premio de la Hermandad. Entrevistamos a Eduardo \u00abTano\u00bb Filosa quien nos brind\u00f3 un pormenorizado detalle de las acciones por venir con lugares, d\u00edas y horarios de cada una de las jornadas. A Ushuaia el relato llegar\u00e1 por nuestra emisora, 94.1 FM del Sur y &hellip; <a href=\"https:\/\/labestiadeportiva.com\/lbd\/la-48-edicion-por-fm-fuego-audio\/\" class=\"more-link\">Seguir leyendo <span class=\"screen-reader-text\">La 48\u00b0 edici\u00f3n por FM Fuego (Audio)<\/span> <span class=\"meta-nav\">&rarr;<\/span><\/a><\/p>\n","protected":false},"author":1,"featured_media":0,"comment_status":"open","ping_status":"open","sticky":false,"template":"","format":"standard","meta":[],"categories":[2176,2135,5,4,6,4262,1],"tags":[5068,86,4846,3258,2512],"_links":{"self":[{"href":"https:\/\/labestiadeportiva.com\/lbd\/wp-json\/wp\/v2\/posts\/46979"}],"collection":[{"href":"https:\/\/labestiadeportiva.com\/lbd\/wp-json\/wp\/v2\/posts"}],"about":[{"href":"https:\/\/labestiadeportiva.com\/lbd\/wp-json\/wp\/v2\/types\/post"}],"author":[{"embeddable":true,"href":"https:\/\/labestiadeportiva.com\/lbd\/wp-json\/wp\/v2\/users\/1"}],"replies":[{"embeddable":true,"href":"https:\/\/labestiadeportiva.com\/lbd\/wp-json\/wp\/v2\/comments?post=46979"}],"version-history":[{"count":1,"href":"https:\/\/labestiadeportiva.com\/lbd\/wp-json\/wp\/v2\/posts\/46979\/revisions"}],"predecessor-version":[{"id":46981,"href":"https:\/\/labestiadeportiva.com\/lbd\/wp-json\/wp\/v2\/posts\/46979\/revisions\/46981"}],"wp:attachment":[{"href":"https:\/\/labestiadeportiva.com\/lbd\/wp-json\/wp\/v2\/media?parent=46979"}],"wp:term":[{"taxonomy":"category","embeddable":true,"href":"https:\/\/labestiadeportiva.com\/lbd\/wp-json\/wp\/v2\/categories?post=46979"},{"taxonomy":"post_tag","embeddable":true,"href":"https:\/\/labestiadeportiva.com\/lbd\/wp-json\/wp\/v2\/tags?post=46979"}],"curies":[{"name":"wp","href":"https:\/\/api.w.org\/{rel}","templated":true}]}}