{"id":46984,"date":"2023-08-16T21:16:03","date_gmt":"2023-08-17T00:16:03","guid":{"rendered":"http:\/\/labestiadeportiva.com\/lbd\/?p=46984"},"modified":"2023-08-16T21:16:05","modified_gmt":"2023-08-17T00:16:05","slug":"eduardo-chiche-japez-sigue-en-hispano","status":"publish","type":"post","link":"https:\/\/labestiadeportiva.com\/lbd\/eduardo-chiche-japez-sigue-en-hispano\/","title":{"rendered":"Eduardo \u00abChiche\u00bb Japez sigue en Hispano"},"content":{"rendered":"\n<figure class=\"wp-block-image size-large\"><a href=\"http:\/\/labestiadeportiva.com\/lbd\/wp-content\/uploads\/2023\/08\/IMG-20230816-WA0134.jpg\"><img loading=\"lazy\" width=\"1024\" height=\"1024\" src=\"http:\/\/labestiadeportiva.com\/lbd\/wp-content\/uploads\/2023\/08\/IMG-20230816-WA0134-1024x1024.jpg\" alt=\"\" class=\"wp-image-46985\" srcset=\"https:\/\/labestiadeportiva.com\/lbd\/wp-content\/uploads\/2023\/08\/IMG-20230816-WA0134-1024x1024.jpg 1024w, https:\/\/labestiadeportiva.com\/lbd\/wp-content\/uploads\/2023\/08\/IMG-20230816-WA0134-300x300.jpg 300w, https:\/\/labestiadeportiva.com\/lbd\/wp-content\/uploads\/2023\/08\/IMG-20230816-WA0134-150x150.jpg 150w, https:\/\/labestiadeportiva.com\/lbd\/wp-content\/uploads\/2023\/08\/IMG-20230816-WA0134-768x768.jpg 768w, https:\/\/labestiadeportiva.com\/lbd\/wp-content\/uploads\/2023\/08\/IMG-20230816-WA0134-640x640.jpg 640w, https:\/\/labestiadeportiva.com\/lbd\/wp-content\/uploads\/2023\/08\/IMG-20230816-WA0134.jpg 1080w\" sizes=\"(max-width: 1024px) 100vw, 1024px\" \/><\/a><\/figure>\n\n\n\n<figure class=\"wp-block-image size-full is-resized\"><a href=\"http:\/\/labestiadeportiva.com\/lbd\/wp-content\/uploads\/2022\/11\/CARA_BAROLI-1.jpg\"><img loading=\"lazy\" src=\"http:\/\/labestiadeportiva.com\/lbd\/wp-content\/uploads\/2022\/11\/CARA_BAROLI-1.jpg\" alt=\"\" class=\"wp-image-43574\" width=\"337\" height=\"69\" srcset=\"https:\/\/labestiadeportiva.com\/lbd\/wp-content\/uploads\/2022\/11\/CARA_BAROLI-1.jpg 600w, https:\/\/labestiadeportiva.com\/lbd\/wp-content\/uploads\/2022\/11\/CARA_BAROLI-1-300x62.jpg 300w\" sizes=\"(max-width: 337px) 100vw, 337px\" \/><\/a><\/figure>\n\n\n\n<p>A la primicia de LBD sobre la confirmaci\u00f3n de la participaci\u00f3n \u00abCeleste\u00bb  en la Liga Argentina, ahora se suma la continuidad del entrenador que terminara la \u00faltima temporada.<\/p>\n\n\n\n<!--more-->\n\n\n\n<p>Las buenas noticias siguen llegando desde la calle Alberdi de Rio Gallegos para el deporte de Santa Cruz. A la reciente confirmaci\u00f3n de su participaci\u00f3n en la segunda categor\u00eda del b\u00e1squet argentino, ahora se suma la continuidad de un entrenador de jerarqu\u00eda como Eduardo Japez.<\/p>\n\n\n\n<p>El antecedente inmediato es alentador. Japez lleg\u00f3 sobre el cierre de la fase regular de la 2022\/23 de la Liga en lugar de Sebasti\u00e1n Torre. En poco tiempo, logr\u00f3 imponer su idea de juego, su impronta. Eso le permiti\u00f3 al equipo \u00abCeleste\u00bb ganar en vol\u00famen de juego y en forjar una identidad que, hasta ese momento, no ten\u00eda.<\/p>\n\n\n\n<p>Pese al corto tiempo al frente del primer equipo Celeste, logr\u00f3 coronar una muy buena Liga Argentina, perdiendo en semifinales de la conferencia Sur, ante el poderoso Racing de Chivilcoy, haciendo que el balance de la competencia para el equipo de Santa Cruz, sea m\u00e1s que positivo.<\/p>\n\n\n\n<p>Hoy, con la posibilidad de participar activamente desde la hora cero en la conformaci\u00f3n del plantel, m\u00e1s una pretemporada, la instancia previa al inicio de competencia, invita a la ilusi\u00f3n de que puede llegar a ser una temporada superadora a la anterior.<\/p>\n\n\n\n<p>El anuncio se realiz\u00f3 a trav\u00e9s de las redes sociales del b\u00e1squet Hispanista con un mensaje con una fuerte impronta de sentido de pertenencia al club, la ciudad y la provincia: <\/p>\n\n\n\n<p>\u00abEl sue\u00f1o sigue en marcha: Eduardo \u00abChiche\u00bb Japez ser\u00e1 el entrenador del Club Deportivo Hispano Americano para la temporada 2023\/24 de la Liga Argentina. Gracias por elegirnos para representar juntos, al b\u00e1squet de nuestra casi centenaria instituci\u00f3n y de toda una provincia\u00bb.<\/p>\n\n\n\n<p>Se estima que anunciada la confirmaci\u00f3n de la participaci\u00f3n en la Liga y ahora al DT, en las pr\u00f3ximas horas se comience con el anuncio de los jugadores que formar\u00e1n parte de la pr\u00f3xima edici\u00f3n de la Liga Argentina, haciendo de Hispano, un a\u00f1o m\u00e1s, el embajador por excelencia del deporte de Santa Cruz.<\/p>\n<div class='epvc-post-count'><span class='epvc-eye'><\/span>  <span class=\"epvc-count\"> 1.344<\/span><span class='epvc-label'> veces le\u00edda<\/span><\/div>\n<div class=\"jwsharethis\">\nShare this: \n<br \/>\n<a href=\"mailto:?subject=Eduardo%20%C2%ABChiche%C2%BB%20Japez%20sigue%20en%20Hispano&amp;body=https%3A%2F%2Flabestiadeportiva.com%2Flbd%2Feduardo-chiche-japez-sigue-en-hispano%2F\">\n<img src=\"https:\/\/labestiadeportiva.com\/lbd\/wp-content\/plugins\/jw-share-this\/email.png\" alt=\"Share this page via Email\" \/>\n<\/a>\n<a target=\"_blank\" href=\"http:\/\/www.stumbleupon.com\/submit?url=https%3A%2F%2Flabestiadeportiva.com%2Flbd%2Feduardo-chiche-japez-sigue-en-hispano%2F&amp;title=Eduardo+%C2%ABChiche%C2%BB+Japez+sigue+en+Hispano\">\n<img src=\"https:\/\/labestiadeportiva.com\/lbd\/wp-content\/plugins\/jw-share-this\/su.png\" alt=\"Share this page via Stumble Upon\" \/>\n<\/a>\n<a target=\"_blank\" href=\"http:\/\/digg.com\/submit?url=https%3A%2F%2Flabestiadeportiva.com%2Flbd%2Feduardo-chiche-japez-sigue-en-hispano%2F&amp;title=Eduardo+%C2%ABChiche%C2%BB+Japez+sigue+en+Hispano\">\n<img src=\"https:\/\/labestiadeportiva.com\/lbd\/wp-content\/plugins\/jw-share-this\/digg.png\" alt=\"Share this page via Digg this\" \/>\n<\/a>\n<a target=\"_blank\" href=\"http:\/\/www.facebook.com\/sharer.php?u=https%3A%2F%2Flabestiadeportiva.com%2Flbd%2Feduardo-chiche-japez-sigue-en-hispano%2F&amp;t=Eduardo+%C2%ABChiche%C2%BB+Japez+sigue+en+Hispano\">\n<img src=\"https:\/\/labestiadeportiva.com\/lbd\/wp-content\/plugins\/jw-share-this\/fb.png\" alt=\"Share this page via Facebook\" \/>\n<\/a>\n<a target=\"_blank\" href=\"http:\/\/twitter.com\/intent\/tweet?text=I+like+https%3A%2F%2Flabestiadeportiva.com%2Flbd%2Feduardo-chiche-japez-sigue-en-hispano%2F&amp;title=Eduardo+%C2%ABChiche%C2%BB+Japez+sigue+en+Hispano\">\n<img src=\"https:\/\/labestiadeportiva.com\/lbd\/wp-content\/plugins\/jw-share-this\/twitter.png\" alt=\"Share this page via Twitter\" \/>\n<\/a>\n<\/div>\n","protected":false},"excerpt":{"rendered":"<p>A la primicia de LBD sobre la confirmaci\u00f3n de la participaci\u00f3n \u00abCeleste\u00bb en la Liga Argentina, ahora se suma la continuidad del entrenador que terminara la \u00faltima temporada. 1.344 veces le\u00edda Share this:<\/p>\n","protected":false},"author":1,"featured_media":0,"comment_status":"open","ping_status":"open","sticky":false,"template":"","format":"standard","meta":[],"categories":[2432,6,5020,1],"tags":[171,3120,4917,83],"_links":{"self":[{"href":"https:\/\/labestiadeportiva.com\/lbd\/wp-json\/wp\/v2\/posts\/46984"}],"collection":[{"href":"https:\/\/labestiadeportiva.com\/lbd\/wp-json\/wp\/v2\/posts"}],"about":[{"href":"https:\/\/labestiadeportiva.com\/lbd\/wp-json\/wp\/v2\/types\/post"}],"author":[{"embeddable":true,"href":"https:\/\/labestiadeportiva.com\/lbd\/wp-json\/wp\/v2\/users\/1"}],"replies":[{"embeddable":true,"href":"https:\/\/labestiadeportiva.com\/lbd\/wp-json\/wp\/v2\/comments?post=46984"}],"version-history":[{"count":1,"href":"https:\/\/labestiadeportiva.com\/lbd\/wp-json\/wp\/v2\/posts\/46984\/revisions"}],"predecessor-version":[{"id":46986,"href":"https:\/\/labestiadeportiva.com\/lbd\/wp-json\/wp\/v2\/posts\/46984\/revisions\/46986"}],"wp:attachment":[{"href":"https:\/\/labestiadeportiva.com\/lbd\/wp-json\/wp\/v2\/media?parent=46984"}],"wp:term":[{"taxonomy":"category","embeddable":true,"href":"https:\/\/labestiadeportiva.com\/lbd\/wp-json\/wp\/v2\/categories?post=46984"},{"taxonomy":"post_tag","embeddable":true,"href":"https:\/\/labestiadeportiva.com\/lbd\/wp-json\/wp\/v2\/tags?post=46984"}],"curies":[{"name":"wp","href":"https:\/\/api.w.org\/{rel}","templated":true}]}}