{"id":46987,"date":"2023-08-18T21:56:29","date_gmt":"2023-08-19T00:56:29","guid":{"rendered":"http:\/\/labestiadeportiva.com\/lbd\/?p=46987"},"modified":"2023-08-18T21:56:30","modified_gmt":"2023-08-19T00:56:30","slug":"toto-aviles-pide-pista","status":"publish","type":"post","link":"https:\/\/labestiadeportiva.com\/lbd\/toto-aviles-pide-pista\/","title":{"rendered":"\u00abToto\u00bb \u00c1vil\u00e9s pide pista"},"content":{"rendered":"\n<figure class=\"wp-block-image size-full\"><a href=\"http:\/\/labestiadeportiva.com\/lbd\/wp-content\/uploads\/2023\/08\/IMG-20230818-WA0176.jpg\"><img loading=\"lazy\" width=\"672\" height=\"720\" src=\"http:\/\/labestiadeportiva.com\/lbd\/wp-content\/uploads\/2023\/08\/IMG-20230818-WA0176.jpg\" alt=\"\" class=\"wp-image-46996\" srcset=\"https:\/\/labestiadeportiva.com\/lbd\/wp-content\/uploads\/2023\/08\/IMG-20230818-WA0176.jpg 672w, https:\/\/labestiadeportiva.com\/lbd\/wp-content\/uploads\/2023\/08\/IMG-20230818-WA0176-280x300.jpg 280w, https:\/\/labestiadeportiva.com\/lbd\/wp-content\/uploads\/2023\/08\/IMG-20230818-WA0176-640x686.jpg 640w\" sizes=\"(max-width: 672px) 100vw, 672px\" \/><\/a><\/figure>\n\n\n\n<figure class=\"wp-block-image size-full is-resized\"><a href=\"http:\/\/labestiadeportiva.com\/lbd\/wp-content\/uploads\/2022\/11\/CARA_BAROLI-1.jpg\"><img loading=\"lazy\" src=\"http:\/\/labestiadeportiva.com\/lbd\/wp-content\/uploads\/2022\/11\/CARA_BAROLI-1.jpg\" alt=\"\" class=\"wp-image-43574\" width=\"340\" height=\"69\" srcset=\"https:\/\/labestiadeportiva.com\/lbd\/wp-content\/uploads\/2022\/11\/CARA_BAROLI-1.jpg 600w, https:\/\/labestiadeportiva.com\/lbd\/wp-content\/uploads\/2022\/11\/CARA_BAROLI-1-300x62.jpg 300w\" sizes=\"(max-width: 340px) 100vw, 340px\" \/><\/a><\/figure>\n\n\n\n<p>El Riogalleguense, flamante refuerzo del Inter de Miami, podr\u00eda debutar nada m\u00e1s y nada menos que en la final de la Leagues Cup ante el Nashville SC.<\/p>\n\n\n\n<!--more-->\n\n\n\n<p>Este s\u00e1bado, desde las 22 de la Argentina, el actual equipo de Lionel Messi enfrentar\u00e1 al Nashville en la final de la Leagues Cup. El partido se jugar\u00e1 en el estadio Geodis Park donde el equipo de Tennessee oficia de local.<\/p>\n\n\n\n<p>Tom\u00e1s \u00abToto\u00bb Avil\u00e9s, el defensor Riogalleguense, que lleg\u00f3 a cambio de nueve millones por el 80% del pase y firm\u00f3 con el club de David Beckham hasta 2026, aspira a ganarse un lugar en la consideraci\u00f3n del \u00abTata\u00bb Martino.<\/p>\n\n\n\n<p>A pesar de su corta estad\u00eda en Florida, al ex Racing se lo vio muy metido en las pr\u00e1cticas, a punto tal que en las \u00faltimas horas se viraliz\u00f3 un video en el que le hace un ca\u00f1o al experimentado Sergio Busquets.<\/p>\n\n\n\n<p>Cabe destacar que la Leagues Cup es el torneo que re\u00fane a los equipos de la Major League Soccer (MLS) de EE. UU. y conjuntos de la Liga MX de M\u00e9xico. El Inter Miami de Lionel Messi le gan\u00f3 al Cruz Azul, Atlanta, Orlando City, Dallas, Charlotte y Philadelphia.<\/p>\n<div class='epvc-post-count'><span class='epvc-eye'><\/span>  <span class=\"epvc-count\"> 1.277<\/span><span class='epvc-label'> veces le\u00edda<\/span><\/div>\n<div class=\"jwsharethis\">\nShare this: \n<br \/>\n<a href=\"mailto:?subject=%C2%ABToto%C2%BB%20%C3%81vil%C3%A9s%20pide%20pista&amp;body=https%3A%2F%2Flabestiadeportiva.com%2Flbd%2Ftoto-aviles-pide-pista%2F\">\n<img src=\"https:\/\/labestiadeportiva.com\/lbd\/wp-content\/plugins\/jw-share-this\/email.png\" alt=\"Share this page via Email\" \/>\n<\/a>\n<a target=\"_blank\" href=\"http:\/\/www.stumbleupon.com\/submit?url=https%3A%2F%2Flabestiadeportiva.com%2Flbd%2Ftoto-aviles-pide-pista%2F&amp;title=%C2%ABToto%C2%BB+%C3%81vil%C3%A9s+pide+pista\">\n<img src=\"https:\/\/labestiadeportiva.com\/lbd\/wp-content\/plugins\/jw-share-this\/su.png\" alt=\"Share this page via Stumble Upon\" \/>\n<\/a>\n<a target=\"_blank\" href=\"http:\/\/digg.com\/submit?url=https%3A%2F%2Flabestiadeportiva.com%2Flbd%2Ftoto-aviles-pide-pista%2F&amp;title=%C2%ABToto%C2%BB+%C3%81vil%C3%A9s+pide+pista\">\n<img src=\"https:\/\/labestiadeportiva.com\/lbd\/wp-content\/plugins\/jw-share-this\/digg.png\" alt=\"Share this page via Digg this\" \/>\n<\/a>\n<a target=\"_blank\" href=\"http:\/\/www.facebook.com\/sharer.php?u=https%3A%2F%2Flabestiadeportiva.com%2Flbd%2Ftoto-aviles-pide-pista%2F&amp;t=%C2%ABToto%C2%BB+%C3%81vil%C3%A9s+pide+pista\">\n<img src=\"https:\/\/labestiadeportiva.com\/lbd\/wp-content\/plugins\/jw-share-this\/fb.png\" alt=\"Share this page via Facebook\" \/>\n<\/a>\n<a target=\"_blank\" href=\"http:\/\/twitter.com\/intent\/tweet?text=I+like+https%3A%2F%2Flabestiadeportiva.com%2Flbd%2Ftoto-aviles-pide-pista%2F&amp;title=%C2%ABToto%C2%BB+%C3%81vil%C3%A9s+pide+pista\">\n<img src=\"https:\/\/labestiadeportiva.com\/lbd\/wp-content\/plugins\/jw-share-this\/twitter.png\" alt=\"Share this page via Twitter\" \/>\n<\/a>\n<\/div>\n","protected":false},"excerpt":{"rendered":"<p>El Riogalleguense, flamante refuerzo del Inter de Miami, podr\u00eda debutar nada m\u00e1s y nada menos que en la final de la Leagues Cup ante el Nashville SC. 1.277 veces le\u00edda Share this:<\/p>\n","protected":false},"author":1,"featured_media":0,"comment_status":"open","ping_status":"open","sticky":false,"template":"","format":"standard","meta":[],"categories":[4,14,1],"tags":[233,4830,5138,83,5137],"_links":{"self":[{"href":"https:\/\/labestiadeportiva.com\/lbd\/wp-json\/wp\/v2\/posts\/46987"}],"collection":[{"href":"https:\/\/labestiadeportiva.com\/lbd\/wp-json\/wp\/v2\/posts"}],"about":[{"href":"https:\/\/labestiadeportiva.com\/lbd\/wp-json\/wp\/v2\/types\/post"}],"author":[{"embeddable":true,"href":"https:\/\/labestiadeportiva.com\/lbd\/wp-json\/wp\/v2\/users\/1"}],"replies":[{"embeddable":true,"href":"https:\/\/labestiadeportiva.com\/lbd\/wp-json\/wp\/v2\/comments?post=46987"}],"version-history":[{"count":1,"href":"https:\/\/labestiadeportiva.com\/lbd\/wp-json\/wp\/v2\/posts\/46987\/revisions"}],"predecessor-version":[{"id":46997,"href":"https:\/\/labestiadeportiva.com\/lbd\/wp-json\/wp\/v2\/posts\/46987\/revisions\/46997"}],"wp:attachment":[{"href":"https:\/\/labestiadeportiva.com\/lbd\/wp-json\/wp\/v2\/media?parent=46987"}],"wp:term":[{"taxonomy":"category","embeddable":true,"href":"https:\/\/labestiadeportiva.com\/lbd\/wp-json\/wp\/v2\/categories?post=46987"},{"taxonomy":"post_tag","embeddable":true,"href":"https:\/\/labestiadeportiva.com\/lbd\/wp-json\/wp\/v2\/tags?post=46987"}],"curies":[{"name":"wp","href":"https:\/\/api.w.org\/{rel}","templated":true}]}}