{"id":46998,"date":"2023-08-18T22:09:28","date_gmt":"2023-08-19T01:09:28","guid":{"rendered":"http:\/\/labestiadeportiva.com\/lbd\/?p=46998"},"modified":"2023-08-18T22:09:30","modified_gmt":"2023-08-19T01:09:30","slug":"llega-la-fiesta-del-esqui-de-fondo","status":"publish","type":"post","link":"https:\/\/labestiadeportiva.com\/lbd\/llega-la-fiesta-del-esqui-de-fondo\/","title":{"rendered":"Llega la \u00abFiesta\u00bb del Esqu\u00ed de Fondo"},"content":{"rendered":"\n<figure class=\"wp-block-image size-full\"><a href=\"http:\/\/labestiadeportiva.com\/lbd\/wp-content\/uploads\/2023\/08\/IMG-20230816-WA0003.jpg\"><img loading=\"lazy\" width=\"800\" height=\"533\" src=\"http:\/\/labestiadeportiva.com\/lbd\/wp-content\/uploads\/2023\/08\/IMG-20230816-WA0003.jpg\" alt=\"\" class=\"wp-image-47007\" srcset=\"https:\/\/labestiadeportiva.com\/lbd\/wp-content\/uploads\/2023\/08\/IMG-20230816-WA0003.jpg 800w, https:\/\/labestiadeportiva.com\/lbd\/wp-content\/uploads\/2023\/08\/IMG-20230816-WA0003-300x200.jpg 300w, https:\/\/labestiadeportiva.com\/lbd\/wp-content\/uploads\/2023\/08\/IMG-20230816-WA0003-768x512.jpg 768w, https:\/\/labestiadeportiva.com\/lbd\/wp-content\/uploads\/2023\/08\/IMG-20230816-WA0003-640x426.jpg 640w\" sizes=\"(max-width: 800px) 100vw, 800px\" \/><\/a><\/figure>\n\n\n\n<p>Con m\u00e1s de 300 anotados, 15 nacionalidades en pista y cuatro modalidades en dos jornadas a pura tradici\u00f3n fueguina, Ushuaia Loppet &#8211; Marchablanca ultima detalles para un fin de semana inolvidable en los valles de Tierra Mayor. Se abre el circuito mundial de maratones de esqu\u00ed de fondo a todo color. Fuente y foto Prensa CAU.<\/p>\n\n\n\n<!--more-->\n\n\n\n<p>Con un trazado acorde a las expectativas, condiciones climatol\u00f3gicas perfectas en el Fin del Mundo y la llegada de m\u00e1s de 25 atletas del viejo continente con el objetivo de firmar sus pasaportes Worldloppet, el circuito mundial de maratones de esqu\u00ed de fondo abrir\u00e1 su calendario en una nueva edici\u00f3n de Ushuaia Loppet &#8211; Marchablanca.<br><\/p>\n\n\n\n<p>Ser\u00e1 la 11\u00b0 edici\u00f3n de Ushuaia Loppet (42k) y 35\u00b0 de la emblem\u00e1tica Marchablanca (21 y 7k), adem\u00e1s de la jornada sabatina enfocada en la Mini Marchablanca con cupos completos al cierre de las inscripciones y m\u00e1s de 300 anotados.<br><\/p>\n\n\n\n<p>Sin dudas, el esqu\u00ed de fondo volver\u00e1 a disfrutar de una contienda internacional de excelencia avalado por la Federaci\u00f3n Internacional fundada en 1978 que re\u00fane a 20 carreras de Europa, Am\u00e9rica, Asia y Ocean\u00eda.<br>\u201cSomos miembros Worldloppet desde 2014 y queremos seguir haciendo historia. <\/p>\n\n\n\n<p>Continuar recibiendo a atletas de todas partes con la meta de sellar sus pasaportes en el Fin del Mundo posicionan a la provincia en un plano internacional de valor incalculable\u201d, declar\u00f3 Pablo Valcheff, CEO del evento.<br><\/p>\n\n\n\n<p>Y agreg\u00f3 con una visi\u00f3n cultural y deportiva: \u201cLo que promueve este tipo de acontecimientos, es cultural. Es que la gente del mundo, los esquiadores del mundo, tengan un objetivo para llegar a distintas partes, a distintos destinos como es Ushuaia, el Fin del Mundo, y a trav\u00e9s de su geograf\u00eda recorrer con el esqu\u00ed de fondo esta belleza que tenemos\u201d.<br><\/p>\n\n\n\n<p>Las actividades oficiales iniciar\u00e1n este jueves y viernes en el Shopping Paseo del Fuego con las acreditaciones correspondientes en el horario de las 17 y 20:30 horas, para que los inscriptos puedan recibir los kits con dorsales e informaci\u00f3n de relevancia.<br><\/p>\n\n\n\n<p>Asimismo, la continuidad ser\u00e1 el s\u00e1bado 19 con la Mini Marchablanca desde las 12 del mediod\u00eda en el centro invernal Tierra Mayor, anfitriona de lujo a lo largo de los a\u00f1os que lleva la competencia reuniendo al semillero del esqu\u00ed de fondo y las categor\u00edas U12, U14 y U16 que forman parte del Fueguino, adem\u00e1s de la inclusi\u00f3n como estandarte con la presencia de las diversas instituciones que trabajan con discapacidad.<br><\/p>\n\n\n\n<p>Ya el domingo 20 llegar\u00e1 el momento cumbre con la tradicional Marchablanca de 21 kil\u00f3metros, la Promocional de 7k y la Ushuaia Loppet con 42 kil\u00f3metros y el arribo de atletas de m\u00e1s de 16 nacionalidades con la meta puesta en sellar su Pasaporte Worldloppet.<br><\/p>\n\n\n\n<p>Se presentar\u00e1n atletas provenientes de Suiza, Eslovenia, Polonia, Finlandia, Italia, Estados Unidos, Rusia, Rep\u00fablica Checa, Noruega, Suecia, Brasil, Alemania, Dinamarca y Canad\u00e1, adem\u00e1s de la gran cantidad de argentinos anfitriones del evento.<\/p>\n\n\n\n<p>Marchablanca, una marca registrada<br><\/p>\n\n\n\n<p>Es una competencia con m\u00e1s de 40 a\u00f1os de historia, es una fiesta del deporte fueguino, un evento \u00fanico que re\u00fane a familias, atletas y amantes del esqu\u00ed de fondo. Homologada en varias oportunidades por la FIS (Federaci\u00f3n Internacional de Ski), alberga en cada edici\u00f3n a cientos de participantes divididos en categor\u00edas y es la carrera hermana de Ushuaia Loppet en la presente edici\u00f3n estampa sello Worldloppet Silver.<br><\/p>\n\n\n\n<p>Por su parte, la Mini Marchablanca fue creada en 2012. Un evento inclusivo y destinado a los m\u00e1s chicos donde todos ganan. Diversi\u00f3n y fomento del esqu\u00ed de fondo, los valores del olimpismo y la vida al aire libre, en una jornada dedicada a los m\u00e1s peque\u00f1os.<\/p>\n\n\n\n<p>El CAU agradece a sus sponsors: Tierra del Fuego &#8211; Fin del Mundo, INFUETUR, Tante Sara &#8211; Cosas Ricas, Banco de Tierra del Fuego, Optitech, Grupo Albatros, Popper Store, Tierra Mayor, Las Hayas Hotel, Rumbo Sur, Powerade, Visit Ushuaia, Municipalidad de Ushuaia, Paseo del Fuego Shopping Center y Trelew.<\/p>\n<div class='epvc-post-count'><span class='epvc-eye'><\/span>  <span class=\"epvc-count\"> 1.202<\/span><span class='epvc-label'> veces le\u00edda<\/span><\/div>\n<div class=\"jwsharethis\">\nShare this: \n<br \/>\n<a href=\"mailto:?subject=Llega%20la%20%C2%ABFiesta%C2%BB%20del%20Esqu%C3%AD%20de%20Fondo&amp;body=https%3A%2F%2Flabestiadeportiva.com%2Flbd%2Fllega-la-fiesta-del-esqui-de-fondo%2F\">\n<img src=\"https:\/\/labestiadeportiva.com\/lbd\/wp-content\/plugins\/jw-share-this\/email.png\" alt=\"Share this page via Email\" \/>\n<\/a>\n<a target=\"_blank\" href=\"http:\/\/www.stumbleupon.com\/submit?url=https%3A%2F%2Flabestiadeportiva.com%2Flbd%2Fllega-la-fiesta-del-esqui-de-fondo%2F&amp;title=Llega+la+%C2%ABFiesta%C2%BB+del+Esqu%C3%AD+de+Fondo\">\n<img src=\"https:\/\/labestiadeportiva.com\/lbd\/wp-content\/plugins\/jw-share-this\/su.png\" alt=\"Share this page via Stumble Upon\" \/>\n<\/a>\n<a target=\"_blank\" href=\"http:\/\/digg.com\/submit?url=https%3A%2F%2Flabestiadeportiva.com%2Flbd%2Fllega-la-fiesta-del-esqui-de-fondo%2F&amp;title=Llega+la+%C2%ABFiesta%C2%BB+del+Esqu%C3%AD+de+Fondo\">\n<img src=\"https:\/\/labestiadeportiva.com\/lbd\/wp-content\/plugins\/jw-share-this\/digg.png\" alt=\"Share this page via Digg this\" \/>\n<\/a>\n<a target=\"_blank\" href=\"http:\/\/www.facebook.com\/sharer.php?u=https%3A%2F%2Flabestiadeportiva.com%2Flbd%2Fllega-la-fiesta-del-esqui-de-fondo%2F&amp;t=Llega+la+%C2%ABFiesta%C2%BB+del+Esqu%C3%AD+de+Fondo\">\n<img src=\"https:\/\/labestiadeportiva.com\/lbd\/wp-content\/plugins\/jw-share-this\/fb.png\" alt=\"Share this page via Facebook\" \/>\n<\/a>\n<a target=\"_blank\" href=\"http:\/\/twitter.com\/intent\/tweet?text=I+like+https%3A%2F%2Flabestiadeportiva.com%2Flbd%2Fllega-la-fiesta-del-esqui-de-fondo%2F&amp;title=Llega+la+%C2%ABFiesta%C2%BB+del+Esqu%C3%AD+de+Fondo\">\n<img src=\"https:\/\/labestiadeportiva.com\/lbd\/wp-content\/plugins\/jw-share-this\/twitter.png\" alt=\"Share this page via Twitter\" \/>\n<\/a>\n<\/div>\n","protected":false},"excerpt":{"rendered":"<p>Con m\u00e1s de 300 anotados, 15 nacionalidades en pista y cuatro modalidades en dos jornadas a pura tradici\u00f3n fueguina, Ushuaia Loppet &#8211; Marchablanca ultima detalles para un fin de semana inolvidable en los valles de Tierra Mayor. Se abre el circuito mundial de maratones de esqu\u00ed de fondo a todo color. Fuente y foto Prensa &hellip; <a href=\"https:\/\/labestiadeportiva.com\/lbd\/llega-la-fiesta-del-esqui-de-fondo\/\" class=\"more-link\">Seguir leyendo <span class=\"screen-reader-text\">Llega la \u00abFiesta\u00bb del Esqu\u00ed de Fondo<\/span> <span class=\"meta-nav\">&rarr;<\/span><\/a><\/p>\n","protected":false},"author":1,"featured_media":0,"comment_status":"open","ping_status":"open","sticky":false,"template":"","format":"standard","meta":[],"categories":[5,4,6,41,29,1],"tags":[42,4832,828,5130,83,4855],"_links":{"self":[{"href":"https:\/\/labestiadeportiva.com\/lbd\/wp-json\/wp\/v2\/posts\/46998"}],"collection":[{"href":"https:\/\/labestiadeportiva.com\/lbd\/wp-json\/wp\/v2\/posts"}],"about":[{"href":"https:\/\/labestiadeportiva.com\/lbd\/wp-json\/wp\/v2\/types\/post"}],"author":[{"embeddable":true,"href":"https:\/\/labestiadeportiva.com\/lbd\/wp-json\/wp\/v2\/users\/1"}],"replies":[{"embeddable":true,"href":"https:\/\/labestiadeportiva.com\/lbd\/wp-json\/wp\/v2\/comments?post=46998"}],"version-history":[{"count":1,"href":"https:\/\/labestiadeportiva.com\/lbd\/wp-json\/wp\/v2\/posts\/46998\/revisions"}],"predecessor-version":[{"id":47008,"href":"https:\/\/labestiadeportiva.com\/lbd\/wp-json\/wp\/v2\/posts\/46998\/revisions\/47008"}],"wp:attachment":[{"href":"https:\/\/labestiadeportiva.com\/lbd\/wp-json\/wp\/v2\/media?parent=46998"}],"wp:term":[{"taxonomy":"category","embeddable":true,"href":"https:\/\/labestiadeportiva.com\/lbd\/wp-json\/wp\/v2\/categories?post=46998"},{"taxonomy":"post_tag","embeddable":true,"href":"https:\/\/labestiadeportiva.com\/lbd\/wp-json\/wp\/v2\/tags?post=46998"}],"curies":[{"name":"wp","href":"https:\/\/api.w.org\/{rel}","templated":true}]}}