{"id":47009,"date":"2023-08-19T00:27:59","date_gmt":"2023-08-19T03:27:59","guid":{"rendered":"http:\/\/labestiadeportiva.com\/lbd\/?p=47009"},"modified":"2023-08-19T00:28:01","modified_gmt":"2023-08-19T03:28:01","slug":"anto-y-lucas-camino-a-rio-audio","status":"publish","type":"post","link":"https:\/\/labestiadeportiva.com\/lbd\/anto-y-lucas-camino-a-rio-audio\/","title":{"rendered":"\u00abAnto\u00bb y Lucas camino a R\u00edo (Audio)"},"content":{"rendered":"\n<figure class=\"wp-block-image size-large\"><a href=\"http:\/\/labestiadeportiva.com\/lbd\/wp-content\/uploads\/2023\/08\/IMG-20230818-WA0141.jpg\"><img loading=\"lazy\" width=\"768\" height=\"1024\" src=\"http:\/\/labestiadeportiva.com\/lbd\/wp-content\/uploads\/2023\/08\/IMG-20230818-WA0141-768x1024.jpg\" alt=\"\" class=\"wp-image-47018\" srcset=\"https:\/\/labestiadeportiva.com\/lbd\/wp-content\/uploads\/2023\/08\/IMG-20230818-WA0141-768x1024.jpg 768w, https:\/\/labestiadeportiva.com\/lbd\/wp-content\/uploads\/2023\/08\/IMG-20230818-WA0141-225x300.jpg 225w, https:\/\/labestiadeportiva.com\/lbd\/wp-content\/uploads\/2023\/08\/IMG-20230818-WA0141-1152x1536.jpg 1152w, https:\/\/labestiadeportiva.com\/lbd\/wp-content\/uploads\/2023\/08\/IMG-20230818-WA0141-640x853.jpg 640w, https:\/\/labestiadeportiva.com\/lbd\/wp-content\/uploads\/2023\/08\/IMG-20230818-WA0141.jpg 1200w\" sizes=\"(max-width: 768px) 100vw, 768px\" \/><\/a><\/figure>\n\n\n\n<figure class=\"wp-block-image size-full is-resized\"><a href=\"http:\/\/labestiadeportiva.com\/lbd\/wp-content\/uploads\/2022\/11\/CARA_PEREZ-2.jpg\"><img loading=\"lazy\" src=\"http:\/\/labestiadeportiva.com\/lbd\/wp-content\/uploads\/2022\/11\/CARA_PEREZ-2.jpg\" alt=\"\" class=\"wp-image-43576\" width=\"353\" height=\"72\" srcset=\"https:\/\/labestiadeportiva.com\/lbd\/wp-content\/uploads\/2022\/11\/CARA_PEREZ-2.jpg 600w, https:\/\/labestiadeportiva.com\/lbd\/wp-content\/uploads\/2022\/11\/CARA_PEREZ-2-300x62.jpg 300w\" sizes=\"(max-width: 353px) 100vw, 353px\" \/><\/a><\/figure>\n\n\n\n<p>La atleta ushuaiense Antonella Ojeda y su entrenador Lucas Doffo se encuentran en la Ciudad Aut\u00f3noma de Buenos Aires y en la madrugada del s\u00e1bado volar\u00e1n a R\u00edo de Janeiro donde formar\u00e1n parte de la \u00abGimnasiada U15\u00bb.<\/p>\n\n\n\n<p>Desde CABA ambos se comunicaron con LBD d\u00e1ndonos detalles de la competencia mundial de la que formar\u00e1n parte.<\/p>\n\n\n\n<!--more-->\n\n\n\n<figure class=\"wp-block-embed is-type-video is-provider-youtube wp-block-embed-youtube wp-embed-aspect-4-3 wp-has-aspect-ratio\"><div class=\"wp-block-embed__wrapper\">\n<iframe loading=\"lazy\" title=\"Audio Antonella Ojeda y Lucas Doffo\" width=\"474\" height=\"356\" src=\"https:\/\/www.youtube.com\/embed\/WQBMW8E0ifM?feature=oembed\" frameborder=\"0\" allow=\"accelerometer; autoplay; clipboard-write; encrypted-media; gyroscope; picture-in-picture; web-share\" allowfullscreen><\/iframe>\n<\/div><\/figure>\n<div class='epvc-post-count'><span class='epvc-eye'><\/span>  <span class=\"epvc-count\"> 1.397<\/span><span class='epvc-label'> veces le\u00edda<\/span><\/div>\n<div class=\"jwsharethis\">\nShare this: \n<br \/>\n<a href=\"mailto:?subject=%C2%ABAnto%C2%BB%20y%20Lucas%20camino%20a%20R%C3%ADo%20%28Audio%29&amp;body=https%3A%2F%2Flabestiadeportiva.com%2Flbd%2Fanto-y-lucas-camino-a-rio-audio%2F\">\n<img src=\"https:\/\/labestiadeportiva.com\/lbd\/wp-content\/plugins\/jw-share-this\/email.png\" alt=\"Share this page via Email\" \/>\n<\/a>\n<a target=\"_blank\" href=\"http:\/\/www.stumbleupon.com\/submit?url=https%3A%2F%2Flabestiadeportiva.com%2Flbd%2Fanto-y-lucas-camino-a-rio-audio%2F&amp;title=%C2%ABAnto%C2%BB+y+Lucas+camino+a+R%C3%ADo+%28Audio%29\">\n<img src=\"https:\/\/labestiadeportiva.com\/lbd\/wp-content\/plugins\/jw-share-this\/su.png\" alt=\"Share this page via Stumble Upon\" \/>\n<\/a>\n<a target=\"_blank\" href=\"http:\/\/digg.com\/submit?url=https%3A%2F%2Flabestiadeportiva.com%2Flbd%2Fanto-y-lucas-camino-a-rio-audio%2F&amp;title=%C2%ABAnto%C2%BB+y+Lucas+camino+a+R%C3%ADo+%28Audio%29\">\n<img src=\"https:\/\/labestiadeportiva.com\/lbd\/wp-content\/plugins\/jw-share-this\/digg.png\" alt=\"Share this page via Digg this\" \/>\n<\/a>\n<a target=\"_blank\" href=\"http:\/\/www.facebook.com\/sharer.php?u=https%3A%2F%2Flabestiadeportiva.com%2Flbd%2Fanto-y-lucas-camino-a-rio-audio%2F&amp;t=%C2%ABAnto%C2%BB+y+Lucas+camino+a+R%C3%ADo+%28Audio%29\">\n<img src=\"https:\/\/labestiadeportiva.com\/lbd\/wp-content\/plugins\/jw-share-this\/fb.png\" alt=\"Share this page via Facebook\" \/>\n<\/a>\n<a target=\"_blank\" href=\"http:\/\/twitter.com\/intent\/tweet?text=I+like+https%3A%2F%2Flabestiadeportiva.com%2Flbd%2Fanto-y-lucas-camino-a-rio-audio%2F&amp;title=%C2%ABAnto%C2%BB+y+Lucas+camino+a+R%C3%ADo+%28Audio%29\">\n<img src=\"https:\/\/labestiadeportiva.com\/lbd\/wp-content\/plugins\/jw-share-this\/twitter.png\" alt=\"Share this page via Twitter\" \/>\n<\/a>\n<\/div>\n","protected":false},"excerpt":{"rendered":"<p>La atleta ushuaiense Antonella Ojeda y su entrenador Lucas Doffo se encuentran en la Ciudad Aut\u00f3noma de Buenos Aires y en la madrugada del s\u00e1bado volar\u00e1n a R\u00edo de Janeiro donde formar\u00e1n parte de la \u00abGimnasiada U15\u00bb. Desde CABA ambos se comunicaron con LBD d\u00e1ndonos detalles de la competencia mundial de la que formar\u00e1n parte. &hellip; <a href=\"https:\/\/labestiadeportiva.com\/lbd\/anto-y-lucas-camino-a-rio-audio\/\" class=\"more-link\">Seguir leyendo <span class=\"screen-reader-text\">\u00abAnto\u00bb y Lucas camino a R\u00edo (Audio)<\/span> <span class=\"meta-nav\">&rarr;<\/span><\/a><\/p>\n","protected":false},"author":1,"featured_media":0,"comment_status":"open","ping_status":"open","sticky":false,"template":"","format":"standard","meta":[],"categories":[22,5,4,6,1],"tags":[1395,5140,83,5139,5141],"_links":{"self":[{"href":"https:\/\/labestiadeportiva.com\/lbd\/wp-json\/wp\/v2\/posts\/47009"}],"collection":[{"href":"https:\/\/labestiadeportiva.com\/lbd\/wp-json\/wp\/v2\/posts"}],"about":[{"href":"https:\/\/labestiadeportiva.com\/lbd\/wp-json\/wp\/v2\/types\/post"}],"author":[{"embeddable":true,"href":"https:\/\/labestiadeportiva.com\/lbd\/wp-json\/wp\/v2\/users\/1"}],"replies":[{"embeddable":true,"href":"https:\/\/labestiadeportiva.com\/lbd\/wp-json\/wp\/v2\/comments?post=47009"}],"version-history":[{"count":1,"href":"https:\/\/labestiadeportiva.com\/lbd\/wp-json\/wp\/v2\/posts\/47009\/revisions"}],"predecessor-version":[{"id":47019,"href":"https:\/\/labestiadeportiva.com\/lbd\/wp-json\/wp\/v2\/posts\/47009\/revisions\/47019"}],"wp:attachment":[{"href":"https:\/\/labestiadeportiva.com\/lbd\/wp-json\/wp\/v2\/media?parent=47009"}],"wp:term":[{"taxonomy":"category","embeddable":true,"href":"https:\/\/labestiadeportiva.com\/lbd\/wp-json\/wp\/v2\/categories?post=47009"},{"taxonomy":"post_tag","embeddable":true,"href":"https:\/\/labestiadeportiva.com\/lbd\/wp-json\/wp\/v2\/tags?post=47009"}],"curies":[{"name":"wp","href":"https:\/\/api.w.org\/{rel}","templated":true}]}}