{"id":47069,"date":"2023-08-24T11:41:51","date_gmt":"2023-08-24T14:41:51","guid":{"rendered":"http:\/\/labestiadeportiva.com\/lbd\/?p=47069"},"modified":"2023-08-24T11:41:53","modified_gmt":"2023-08-24T14:41:53","slug":"masle-se-quedo-con-la-48-edicion","status":"publish","type":"post","link":"https:\/\/labestiadeportiva.com\/lbd\/masle-se-quedo-con-la-48-edicion\/","title":{"rendered":"Masle, se qued\u00f3 con la 48\u00b0 edici\u00f3n"},"content":{"rendered":"\n<figure class=\"wp-block-image size-large\"><a href=\"http:\/\/labestiadeportiva.com\/lbd\/wp-content\/uploads\/2023\/08\/IMG-20230824-WA0053.jpg\"><img loading=\"lazy\" width=\"1024\" height=\"682\" src=\"http:\/\/labestiadeportiva.com\/lbd\/wp-content\/uploads\/2023\/08\/IMG-20230824-WA0053-1024x682.jpg\" alt=\"\" class=\"wp-image-47070\" srcset=\"https:\/\/labestiadeportiva.com\/lbd\/wp-content\/uploads\/2023\/08\/IMG-20230824-WA0053-1024x682.jpg 1024w, https:\/\/labestiadeportiva.com\/lbd\/wp-content\/uploads\/2023\/08\/IMG-20230824-WA0053-300x200.jpg 300w, https:\/\/labestiadeportiva.com\/lbd\/wp-content\/uploads\/2023\/08\/IMG-20230824-WA0053-768x512.jpg 768w, https:\/\/labestiadeportiva.com\/lbd\/wp-content\/uploads\/2023\/08\/IMG-20230824-WA0053-1536x1023.jpg 1536w, https:\/\/labestiadeportiva.com\/lbd\/wp-content\/uploads\/2023\/08\/IMG-20230824-WA0053-640x426.jpg 640w, https:\/\/labestiadeportiva.com\/lbd\/wp-content\/uploads\/2023\/08\/IMG-20230824-WA0053.jpg 1600w\" sizes=\"(max-width: 1024px) 100vw, 1024px\" \/><\/a><\/figure>\n\n\n\n<p>(Colaboraci\u00f3n Especial para LBD, Stefano Baschera)<\/p>\n\n\n\n<p>El puntarenense, Jacob Masle, y su navegante, el riograndense Mat\u00edas Villarroel, fueron los ganadores de la 48\u00aa edici\u00f3n del GPH a bordo del Honda Civic de la categor\u00eda \u00abG\u00bb. Los hermanos, Ignacio y Emilio Pavlov, hicieron lo propio dentro la \u00abD\u00bb y consiguieron su primer GPH a bordo del Gol Trend del Yagan Racing.  Las fotos son gentileza de Maxi Romero.<\/p>\n\n\n\n<!--more-->\n\n\n\n<figure class=\"wp-block-image size-large\"><a href=\"http:\/\/labestiadeportiva.com\/lbd\/wp-content\/uploads\/2023\/08\/IMG-20230824-WA0060.jpg\"><img loading=\"lazy\" width=\"1024\" height=\"682\" src=\"http:\/\/labestiadeportiva.com\/lbd\/wp-content\/uploads\/2023\/08\/IMG-20230824-WA0060-1024x682.jpg\" alt=\"\" class=\"wp-image-47071\" srcset=\"https:\/\/labestiadeportiva.com\/lbd\/wp-content\/uploads\/2023\/08\/IMG-20230824-WA0060-1024x682.jpg 1024w, https:\/\/labestiadeportiva.com\/lbd\/wp-content\/uploads\/2023\/08\/IMG-20230824-WA0060-300x200.jpg 300w, https:\/\/labestiadeportiva.com\/lbd\/wp-content\/uploads\/2023\/08\/IMG-20230824-WA0060-768x512.jpg 768w, https:\/\/labestiadeportiva.com\/lbd\/wp-content\/uploads\/2023\/08\/IMG-20230824-WA0060-1536x1023.jpg 1536w, https:\/\/labestiadeportiva.com\/lbd\/wp-content\/uploads\/2023\/08\/IMG-20230824-WA0060-640x426.jpg 640w, https:\/\/labestiadeportiva.com\/lbd\/wp-content\/uploads\/2023\/08\/IMG-20230824-WA0060.jpg 1600w\" sizes=\"(max-width: 1024px) 100vw, 1024px\" \/><\/a><\/figure>\n\n\n\n<p>Pas\u00f3 una prueba m\u00e1s del rally que une R\u00edo Grande con Porvenir, el Gran Premio de la Hermandad en su 48\u00aa edici\u00f3n. Para la edici\u00f3n 2023 del GPH, el rally cont\u00f3 con 148 binomios inscriptos en primera instancia, tal como LBD adelant\u00f3 la semana pasada. <\/p>\n\n\n\n<p>Sin embargo, llegado el viernes, el d\u00eda del clasificatorio, fueron 128 los autos que largaron el mismo, siendo 123 los que completaron la prueba de clasificaci\u00f3n.\u00a0<\/p>\n\n\n\n<p>El s\u00e1bado se pondr\u00eda en marcha la primera etapa, R\u00edo Grande &#8211; Porvenir. Claro que, a lo largo de ella, el estado del piso, los problemas mec\u00e1nicos y los despistes y algunos accidentes, que afortunadamente no tuvieron heridos de gravedad, hicieron que el n\u00famero de competidores se vaya reduciendo. <\/p>\n\n\n\n<p>Tal es as\u00ed que, al finalizar la etapa ser\u00edan 73 los binomios que continuar\u00edan en carrera para largar el domingo desde Porvenir hacia la ciudad de R\u00edo Grande.\u00a0<\/p>\n\n\n\n<figure class=\"wp-block-image size-large\"><a href=\"http:\/\/labestiadeportiva.com\/lbd\/wp-content\/uploads\/2023\/08\/IMG-20230824-WA0059.jpg\"><img loading=\"lazy\" width=\"1024\" height=\"682\" src=\"http:\/\/labestiadeportiva.com\/lbd\/wp-content\/uploads\/2023\/08\/IMG-20230824-WA0059-1024x682.jpg\" alt=\"\" class=\"wp-image-47072\" srcset=\"https:\/\/labestiadeportiva.com\/lbd\/wp-content\/uploads\/2023\/08\/IMG-20230824-WA0059-1024x682.jpg 1024w, https:\/\/labestiadeportiva.com\/lbd\/wp-content\/uploads\/2023\/08\/IMG-20230824-WA0059-300x200.jpg 300w, https:\/\/labestiadeportiva.com\/lbd\/wp-content\/uploads\/2023\/08\/IMG-20230824-WA0059-768x512.jpg 768w, https:\/\/labestiadeportiva.com\/lbd\/wp-content\/uploads\/2023\/08\/IMG-20230824-WA0059-1536x1023.jpg 1536w, https:\/\/labestiadeportiva.com\/lbd\/wp-content\/uploads\/2023\/08\/IMG-20230824-WA0059-640x426.jpg 640w, https:\/\/labestiadeportiva.com\/lbd\/wp-content\/uploads\/2023\/08\/IMG-20230824-WA0059.jpg 1600w\" sizes=\"(max-width: 1024px) 100vw, 1024px\" \/><\/a><\/figure>\n\n\n\n<p>Ya el domingo, el estado del piso y los problemas mec\u00e1nicos, despistes y accidentes, no cesaron. Sin embargo, nada de esto fue impedimento para que Jacob Masle, navegado por Mat\u00edas Villarroel, se impusieran en la clasificaci\u00f3n general del GPH a bordo del Honda Civic Si empleando un tiempo total de 6h59m29s. <\/p>\n\n\n\n<p>Asimismo, una de las sorpresas de esta edici\u00f3n fue qui\u00e9nes se consagraron campeones en la categor\u00eda D, \u201cNacho\u201d y el \u201cNegro\u201d Pavlov, binomio que domin\u00f3 la divisional de principio a fin durante el s\u00e1bado y el domingo, a bordo del Gol Trend del Yagan Racing, marcando un tiempo total de 6h25m53s.<\/p>\n\n\n\n<p>Manuel Gonz\u00e1lez y Fabi\u00e1n Igarzabal, a bordo del Daewoo Tico de la categor\u00eda \u00abA\u00bb, hicieron lo propio y no s\u00f3lo se coronaron campeones sino que lograron su quinta victoria alternada y obtuvieron su primera copa Challenger. En la \u00abB\u00bb, fue Felipe Barrientos, navegado por Marcelo Guerrero, quienes obtuvieron la victoria con tiempo de 8h06m36s. <\/p>\n\n\n\n<figure class=\"wp-block-image size-large\"><a href=\"http:\/\/labestiadeportiva.com\/lbd\/wp-content\/uploads\/2023\/08\/IMG-20230824-WA0058.jpg\"><img loading=\"lazy\" width=\"1024\" height=\"682\" src=\"http:\/\/labestiadeportiva.com\/lbd\/wp-content\/uploads\/2023\/08\/IMG-20230824-WA0058-1024x682.jpg\" alt=\"\" class=\"wp-image-47073\" srcset=\"https:\/\/labestiadeportiva.com\/lbd\/wp-content\/uploads\/2023\/08\/IMG-20230824-WA0058-1024x682.jpg 1024w, https:\/\/labestiadeportiva.com\/lbd\/wp-content\/uploads\/2023\/08\/IMG-20230824-WA0058-300x200.jpg 300w, https:\/\/labestiadeportiva.com\/lbd\/wp-content\/uploads\/2023\/08\/IMG-20230824-WA0058-768x512.jpg 768w, https:\/\/labestiadeportiva.com\/lbd\/wp-content\/uploads\/2023\/08\/IMG-20230824-WA0058-1536x1023.jpg 1536w, https:\/\/labestiadeportiva.com\/lbd\/wp-content\/uploads\/2023\/08\/IMG-20230824-WA0058-640x426.jpg 640w, https:\/\/labestiadeportiva.com\/lbd\/wp-content\/uploads\/2023\/08\/IMG-20230824-WA0058.jpg 1600w\" sizes=\"(max-width: 1024px) 100vw, 1024px\" \/><\/a><\/figure>\n\n\n\n<p>Dentro de la \u00abC\u00bb, Hern\u00e1n Zanetti y Gabriel Gandolfi, al igual que Gonz\u00e1lez en A, lograron su quinta victoria alternada y se hicieron con su primer Challenger empleando un tiempo total de 7h17m06s. En el segmento \u00abC1\u00bb, Mart\u00edn Iriburu navegado por Martina Melogno, se subieron a lo m\u00e1s alto del podio con un tiempo de 7h09m09s. <\/p>\n\n\n\n<p>Por su parte, Facundo Carletti e Iv\u00e1n Vicic, con el Renault Clio, se impusieron en la categor\u00eda \u00abE\u00bb con un total de 6h45m29s mientras que en la \u00abF\u00bb, fueron Renzo Vojnovic y Mat\u00edas Navarrete los ganadores con tiempo total de 6h59m29s.\u00a0<\/p>\n\n\n\n<p>Una edici\u00f3n m\u00e1s del m\u00edtico rally que une Argentina con Chile, R\u00edo Grande y Porvenir, que queda en los cuadernos y va camino a cumplir 50 a\u00f1os. Claro que, \u00e9sta no s\u00f3lo ser\u00e1 recordada por sus ganadores, sino que tambi\u00e9n por lo exigente y desafiante que fue para los pilotos por las condiciones clim\u00e1ticas y el estado suelo, como suced\u00eda en los GPH de anta\u00f1o. Ahora, s\u00f3lo resta esperar a que se ponga en marcha la 49\u00b0 el pr\u00f3ximo a\u00f1o.<\/p>\n\n\n\n<figure class=\"wp-block-image size-large is-resized\"><a href=\"http:\/\/labestiadeportiva.com\/lbd\/wp-content\/uploads\/2023\/08\/IMG-20230824-WA0054.jpg\"><img loading=\"lazy\" src=\"http:\/\/labestiadeportiva.com\/lbd\/wp-content\/uploads\/2023\/08\/IMG-20230824-WA0054-1024x682.jpg\" alt=\"\" class=\"wp-image-47074\" width=\"420\" height=\"279\" srcset=\"https:\/\/labestiadeportiva.com\/lbd\/wp-content\/uploads\/2023\/08\/IMG-20230824-WA0054-1024x682.jpg 1024w, https:\/\/labestiadeportiva.com\/lbd\/wp-content\/uploads\/2023\/08\/IMG-20230824-WA0054-300x200.jpg 300w, https:\/\/labestiadeportiva.com\/lbd\/wp-content\/uploads\/2023\/08\/IMG-20230824-WA0054-768x512.jpg 768w, https:\/\/labestiadeportiva.com\/lbd\/wp-content\/uploads\/2023\/08\/IMG-20230824-WA0054-1536x1023.jpg 1536w, https:\/\/labestiadeportiva.com\/lbd\/wp-content\/uploads\/2023\/08\/IMG-20230824-WA0054-640x426.jpg 640w, https:\/\/labestiadeportiva.com\/lbd\/wp-content\/uploads\/2023\/08\/IMG-20230824-WA0054.jpg 1600w\" sizes=\"(max-width: 420px) 100vw, 420px\" \/><\/a><\/figure>\n<div class='epvc-post-count'><span class='epvc-eye'><\/span>  <span class=\"epvc-count\"> 1.165<\/span><span class='epvc-label'> veces le\u00edda<\/span><\/div>\n<div class=\"jwsharethis\">\nShare this: \n<br \/>\n<a href=\"mailto:?subject=Masle%2C%20se%20qued%C3%B3%20con%20la%2048%C2%B0%20edici%C3%B3n&amp;body=https%3A%2F%2Flabestiadeportiva.com%2Flbd%2Fmasle-se-quedo-con-la-48-edicion%2F\">\n<img src=\"https:\/\/labestiadeportiva.com\/lbd\/wp-content\/plugins\/jw-share-this\/email.png\" alt=\"Share this page via Email\" \/>\n<\/a>\n<a target=\"_blank\" href=\"http:\/\/www.stumbleupon.com\/submit?url=https%3A%2F%2Flabestiadeportiva.com%2Flbd%2Fmasle-se-quedo-con-la-48-edicion%2F&amp;title=Masle%2C+se+qued%C3%B3+con+la+48%C2%B0+edici%C3%B3n\">\n<img src=\"https:\/\/labestiadeportiva.com\/lbd\/wp-content\/plugins\/jw-share-this\/su.png\" alt=\"Share this page via Stumble Upon\" \/>\n<\/a>\n<a target=\"_blank\" href=\"http:\/\/digg.com\/submit?url=https%3A%2F%2Flabestiadeportiva.com%2Flbd%2Fmasle-se-quedo-con-la-48-edicion%2F&amp;title=Masle%2C+se+qued%C3%B3+con+la+48%C2%B0+edici%C3%B3n\">\n<img src=\"https:\/\/labestiadeportiva.com\/lbd\/wp-content\/plugins\/jw-share-this\/digg.png\" alt=\"Share this page via Digg this\" \/>\n<\/a>\n<a target=\"_blank\" href=\"http:\/\/www.facebook.com\/sharer.php?u=https%3A%2F%2Flabestiadeportiva.com%2Flbd%2Fmasle-se-quedo-con-la-48-edicion%2F&amp;t=Masle%2C+se+qued%C3%B3+con+la+48%C2%B0+edici%C3%B3n\">\n<img src=\"https:\/\/labestiadeportiva.com\/lbd\/wp-content\/plugins\/jw-share-this\/fb.png\" alt=\"Share this page via Facebook\" \/>\n<\/a>\n<a target=\"_blank\" href=\"http:\/\/twitter.com\/intent\/tweet?text=I+like+https%3A%2F%2Flabestiadeportiva.com%2Flbd%2Fmasle-se-quedo-con-la-48-edicion%2F&amp;title=Masle%2C+se+qued%C3%B3+con+la+48%C2%B0+edici%C3%B3n\">\n<img src=\"https:\/\/labestiadeportiva.com\/lbd\/wp-content\/plugins\/jw-share-this\/twitter.png\" alt=\"Share this page via Twitter\" \/>\n<\/a>\n<\/div>\n","protected":false},"excerpt":{"rendered":"<p>(Colaboraci\u00f3n Especial para LBD, Stefano Baschera) El puntarenense, Jacob Masle, y su navegante, el riograndense Mat\u00edas Villarroel, fueron los ganadores de la 48\u00aa edici\u00f3n del GPH a bordo del Honda Civic de la categor\u00eda \u00abG\u00bb. Los hermanos, Ignacio y Emilio Pavlov, hicieron lo propio dentro la \u00abD\u00bb y consiguieron su primer GPH a bordo del &hellip; <a href=\"https:\/\/labestiadeportiva.com\/lbd\/masle-se-quedo-con-la-48-edicion\/\" class=\"more-link\">Seguir leyendo <span class=\"screen-reader-text\">Masle, se qued\u00f3 con la 48\u00b0 edici\u00f3n<\/span> <span class=\"meta-nav\">&rarr;<\/span><\/a><\/p>\n","protected":false},"author":1,"featured_media":0,"comment_status":"open","ping_status":"open","sticky":false,"template":"","format":"standard","meta":[],"categories":[2176,5,4,6,4262,1],"tags":[5068,154,3258,83],"_links":{"self":[{"href":"https:\/\/labestiadeportiva.com\/lbd\/wp-json\/wp\/v2\/posts\/47069"}],"collection":[{"href":"https:\/\/labestiadeportiva.com\/lbd\/wp-json\/wp\/v2\/posts"}],"about":[{"href":"https:\/\/labestiadeportiva.com\/lbd\/wp-json\/wp\/v2\/types\/post"}],"author":[{"embeddable":true,"href":"https:\/\/labestiadeportiva.com\/lbd\/wp-json\/wp\/v2\/users\/1"}],"replies":[{"embeddable":true,"href":"https:\/\/labestiadeportiva.com\/lbd\/wp-json\/wp\/v2\/comments?post=47069"}],"version-history":[{"count":1,"href":"https:\/\/labestiadeportiva.com\/lbd\/wp-json\/wp\/v2\/posts\/47069\/revisions"}],"predecessor-version":[{"id":47075,"href":"https:\/\/labestiadeportiva.com\/lbd\/wp-json\/wp\/v2\/posts\/47069\/revisions\/47075"}],"wp:attachment":[{"href":"https:\/\/labestiadeportiva.com\/lbd\/wp-json\/wp\/v2\/media?parent=47069"}],"wp:term":[{"taxonomy":"category","embeddable":true,"href":"https:\/\/labestiadeportiva.com\/lbd\/wp-json\/wp\/v2\/categories?post=47069"},{"taxonomy":"post_tag","embeddable":true,"href":"https:\/\/labestiadeportiva.com\/lbd\/wp-json\/wp\/v2\/tags?post=47069"}],"curies":[{"name":"wp","href":"https:\/\/api.w.org\/{rel}","templated":true}]}}