{"id":47120,"date":"2023-08-27T17:55:57","date_gmt":"2023-08-27T20:55:57","guid":{"rendered":"http:\/\/labestiadeportiva.com\/lbd\/?p=47120"},"modified":"2023-08-27T17:55:59","modified_gmt":"2023-08-27T20:55:59","slug":"finalizo-el-mundial-de-natacion-de-invierno-el-calafate-2023","status":"publish","type":"post","link":"https:\/\/labestiadeportiva.com\/lbd\/finalizo-el-mundial-de-natacion-de-invierno-el-calafate-2023\/","title":{"rendered":"Finaliz\u00f3 el Mundial de nataci\u00f3n de invierno \u00abEl Calafate 2023\u00bb"},"content":{"rendered":"\n<figure class=\"wp-block-image size-large\"><a href=\"http:\/\/labestiadeportiva.com\/lbd\/wp-content\/uploads\/2023\/08\/IMG-20230826-WA0092.jpg\"><img loading=\"lazy\" width=\"1024\" height=\"706\" src=\"http:\/\/labestiadeportiva.com\/lbd\/wp-content\/uploads\/2023\/08\/IMG-20230826-WA0092-1024x706.jpg\" alt=\"\" class=\"wp-image-47121\" srcset=\"https:\/\/labestiadeportiva.com\/lbd\/wp-content\/uploads\/2023\/08\/IMG-20230826-WA0092-1024x706.jpg 1024w, https:\/\/labestiadeportiva.com\/lbd\/wp-content\/uploads\/2023\/08\/IMG-20230826-WA0092-300x207.jpg 300w, https:\/\/labestiadeportiva.com\/lbd\/wp-content\/uploads\/2023\/08\/IMG-20230826-WA0092-768x529.jpg 768w, https:\/\/labestiadeportiva.com\/lbd\/wp-content\/uploads\/2023\/08\/IMG-20230826-WA0092-640x441.jpg 640w, https:\/\/labestiadeportiva.com\/lbd\/wp-content\/uploads\/2023\/08\/IMG-20230826-WA0092.jpg 1280w\" sizes=\"(max-width: 1024px) 100vw, 1024px\" \/><\/a><\/figure>\n\n\n\n<figure class=\"wp-block-image size-full is-resized\"><a href=\"http:\/\/labestiadeportiva.com\/lbd\/wp-content\/uploads\/2022\/11\/CARA_BAROLI-1.jpg\"><img loading=\"lazy\" src=\"http:\/\/labestiadeportiva.com\/lbd\/wp-content\/uploads\/2022\/11\/CARA_BAROLI-1.jpg\" alt=\"\" class=\"wp-image-43574\" width=\"354\" height=\"72\" srcset=\"https:\/\/labestiadeportiva.com\/lbd\/wp-content\/uploads\/2022\/11\/CARA_BAROLI-1.jpg 600w, https:\/\/labestiadeportiva.com\/lbd\/wp-content\/uploads\/2022\/11\/CARA_BAROLI-1-300x62.jpg 300w\" sizes=\"(max-width: 354px) 100vw, 354px\" \/><\/a><\/figure>\n\n\n\n<p>(Cobertura Especial de LBD)<\/p>\n\n\n\n<p>Este s\u00e1bado culmin\u00f3 un espect\u00e1culo \u00fanico que reuni\u00f3 a nadadores de todo el mundo durante tres d\u00edas en nuestra provincia. Con el Glaciar Perito Moreno como invitado de lujo, culmin\u00f3 un espect\u00e1culo so\u00f1ado para todos los asistentes.<\/p>\n\n\n\n<!--more-->\n\n\n\n<p>Y lleg\u00f3 finalmente el d\u00eda. El del cierre del mega evento realizado en nuestra provincia. El de los abrazos, las l\u00e1grimas, las risas, el desahogo. Competidores de todo el mundo se fundieron en un abrazo interminable cuando se anunci\u00f3 el fin de la edici\u00f3n 2023 del Winter Swimming World Cup.<\/p>\n\n\n\n<p>Sin embargo, entre ese c\u00famulo de emociones, los presentes comenzaban a pensar en un hipot\u00e9tico y cada vez m\u00e1s real mundial 2024 en Argentina, en el Parque Nacional Los Glaciares. <\/p>\n\n\n\n<p>Las sensaciones qu\u00e9 quedaron para todos los presentes fueron muy buenas y eso seria un factor determinante para poder vivir la magia de la Nataci\u00f3n de Invierno el a\u00f1o pr\u00f3ximo.<\/p>\n\n\n\n<figure class=\"wp-block-image size-large\"><a href=\"http:\/\/labestiadeportiva.com\/lbd\/wp-content\/uploads\/2023\/08\/IMG-20230826-WA0094.jpg\"><img loading=\"lazy\" width=\"1024\" height=\"626\" src=\"http:\/\/labestiadeportiva.com\/lbd\/wp-content\/uploads\/2023\/08\/IMG-20230826-WA0094-1024x626.jpg\" alt=\"\" class=\"wp-image-47122\" srcset=\"https:\/\/labestiadeportiva.com\/lbd\/wp-content\/uploads\/2023\/08\/IMG-20230826-WA0094-1024x626.jpg 1024w, https:\/\/labestiadeportiva.com\/lbd\/wp-content\/uploads\/2023\/08\/IMG-20230826-WA0094-300x183.jpg 300w, https:\/\/labestiadeportiva.com\/lbd\/wp-content\/uploads\/2023\/08\/IMG-20230826-WA0094-768x469.jpg 768w, https:\/\/labestiadeportiva.com\/lbd\/wp-content\/uploads\/2023\/08\/IMG-20230826-WA0094-640x391.jpg 640w, https:\/\/labestiadeportiva.com\/lbd\/wp-content\/uploads\/2023\/08\/IMG-20230826-WA0094.jpg 1280w\" sizes=\"(max-width: 1024px) 100vw, 1024px\" \/><\/a><\/figure>\n\n\n\n<p>La \u00faltima jornada, estuvo marcada por las condiciones clim\u00e1ticas. El viento se hizo nuevamente presente, lo que increment\u00f3 el oleaje del Lago Argentino y alert\u00f3 a las autoridades de Prefectura Naval Argentina, quienes de manera conjunta con la organizaci\u00f3n, optaron por suspender por lo menos la mitad de las competencias planificadas para el d\u00eda s\u00e1bado.<\/p>\n\n\n\n<p>Oficialmente, se dieron a conocer los ganadores de la edici\u00f3n 2023 del mundial de nataci\u00f3n de Invierno realizado en el canal de los t\u00e9mpanos, en el Lago Argentino, al pie del Glaciar Perito Moreno. <\/p>\n\n\n\n<p>Los ganadores de la categor\u00eda competitiva masculino fueron: Andr\u00e9s Lopez Pinto, de Vi\u00f1a del Mar, Chile, se subi\u00f3 a lo m\u00e1s alto del podio para la categor\u00eda 20 a 29 a\u00f1os. Tom\u00e1s Barrio se qued\u00f3 con la categor\u00eda de 30 a 39 a\u00f1os. Por su parte, Emilio Lencinas se adjudic\u00f3 la categor\u00eda de 40 a 44 a\u00f1os. <\/p>\n\n\n\n<p>En el segmento  45 a 49 a\u00f1os Pablo Barbieri se subi\u00f3 a lo m\u00e1s alto del podio. En la categor\u00eda de 55 a 59 a\u00f1os Dar\u00edo Silva se qued\u00f3 con la competencia. Finalmente, en la categor\u00eda 60 a 64 a\u00f1os lo hizo Omar Cisneros de Bah\u00eda Blanca.<\/p>\n\n\n\n<figure class=\"wp-block-image size-large\"><a href=\"http:\/\/labestiadeportiva.com\/lbd\/wp-content\/uploads\/2023\/08\/IMG-20230826-WA0091.jpg\"><img loading=\"lazy\" width=\"1024\" height=\"838\" src=\"http:\/\/labestiadeportiva.com\/lbd\/wp-content\/uploads\/2023\/08\/IMG-20230826-WA0091-1024x838.jpg\" alt=\"\" class=\"wp-image-47124\" srcset=\"https:\/\/labestiadeportiva.com\/lbd\/wp-content\/uploads\/2023\/08\/IMG-20230826-WA0091-1024x838.jpg 1024w, https:\/\/labestiadeportiva.com\/lbd\/wp-content\/uploads\/2023\/08\/IMG-20230826-WA0091-300x246.jpg 300w, https:\/\/labestiadeportiva.com\/lbd\/wp-content\/uploads\/2023\/08\/IMG-20230826-WA0091-768x629.jpg 768w, https:\/\/labestiadeportiva.com\/lbd\/wp-content\/uploads\/2023\/08\/IMG-20230826-WA0091-640x524.jpg 640w, https:\/\/labestiadeportiva.com\/lbd\/wp-content\/uploads\/2023\/08\/IMG-20230826-WA0091.jpg 1141w\" sizes=\"(max-width: 1024px) 100vw, 1024px\" \/><\/a><\/figure>\n\n\n\n<p>En el grupo de mujeres de 14 y 15 a\u00f1os, Joaquina Dalmasso se qued\u00f3 con el primer lugar. En la categor\u00eda de 20 a 29 a\u00f1os Lorena Arias fue la ganadora. En el segmento  de 30 a 39 a\u00f1os, la vencedora fue la rionegrina Ayl\u00e9n Lazcano Micaz. En 45 a 49 se impuso la chilena Fernanda Ortega. En la categor\u00eda de 50 a 54 a\u00f1os Roxana Pescader se qued\u00f3 con el primer lugar, mientras que en el segmento  de 60 a 64 a\u00f1os la ganadora fue Celia Luna Olmos, de 70 a\u00f1os oriunda de La Plata, Buenos Aires.<\/p>\n\n\n\n<p>Celia y la ovaci\u00f3n de la tarde<\/p>\n\n\n\n<p>Culminada la competencia, se procedi\u00f3 a la entrega de diplomas y medallas para los ganadores. Sin embargo, una participante se llev\u00f3 una ovaci\u00f3n interminable. Celia Luna Olmos, nadadora de 70 a\u00f1os de La Plata, quien adem\u00e1s de ganar en su categor\u00eda, recibi\u00f3 la sorpresa de la visita de sus nietos e hijos quienes se congregaron en El Calafate.<\/p>\n\n\n\n<p>LBD dialog\u00f3 con Celia quien en un testimonio emocionante cont\u00f3 sus sentimientos luego de subirse a lo m\u00e1s alto del podio: <\/p>\n\n\n\n<p>\u00abTengo 70 este a\u00f1o cumplo 71 este a\u00f1o\u00bb aclara entre risas, al tiempo que prosigue \u00abNadar con el Glaciar Perito Moreno al lado fue una cosa alucinante, hermosa. Este campeonato surgi\u00f3 hace poco y nunca pens\u00e9 estar nadando en un lugar tan hermoso, as\u00ed que estoy re feliz de haber nadado ac\u00e1. Me encant\u00f3\u00bb<\/p>\n\n\n\n<p>Acompa\u00f1ada al momento de la nota por su nieta, Celia prosigue su dialogo con LBD: \u00abEstar ac\u00e1 es s\u00faper importante para m\u00ed, porque es lo que me mantiene activa. Ya estoy jubilada hace dos o tres a\u00f1os, as\u00ed que tengo tiempo para participar. Me da mucha alegr\u00eda, me pongo desaf\u00edos. Pongo mucho esfuerzo para lograrlo\u00bb<\/p>\n\n\n\n<p>Visiblemente emocionada, Celia nos cuenta una experiencia que vivi\u00f3 dentro del agua: \u00abLas tres primeras pruebas que nad\u00e9 el viernes, es como que ten\u00eda muy presente lo competitivo y el apurarme. Y hoy que era la \u00faltima, la cuarta, me dije no, no puedo dejar de mirar el Glaciar. Porque cuando llegaba la boya que uno daba la vuelta, nunca me hab\u00eda puesto a mirar. <\/p>\n\n\n\n<p>Hoy dije bueno, me detengo a mirar el Glaciar, porque esto es \u00fanico. En ese momento se me estruj\u00f3 todo el coraz\u00f3n. Fue una sensaci\u00f3n hermosa de alegr\u00eda, de felicidad, de decir gracias dios m\u00edo por permitirme hoy estar ac\u00e1 y acompa\u00f1ada de gente tan linda que me aprecia y yo aprecio a su vez\u00bb.<\/p>\n\n\n\n<p>Un testimonio que resume cinco d\u00edas de emociones. Santa Cruz, El Calafate, el Glaciar Perito Moreno, fue el escenario so\u00f1ado e ideal para el mundial de nataci\u00f3n de invierno 2023.<\/p>\n\n\n\n<figure class=\"wp-block-image size-large\"><a href=\"http:\/\/labestiadeportiva.com\/lbd\/wp-content\/uploads\/2023\/08\/IMG-20230826-WA0093.jpg\"><img loading=\"lazy\" width=\"1024\" height=\"748\" src=\"http:\/\/labestiadeportiva.com\/lbd\/wp-content\/uploads\/2023\/08\/IMG-20230826-WA0093-1024x748.jpg\" alt=\"\" class=\"wp-image-47123\" srcset=\"https:\/\/labestiadeportiva.com\/lbd\/wp-content\/uploads\/2023\/08\/IMG-20230826-WA0093-1024x748.jpg 1024w, https:\/\/labestiadeportiva.com\/lbd\/wp-content\/uploads\/2023\/08\/IMG-20230826-WA0093-300x219.jpg 300w, https:\/\/labestiadeportiva.com\/lbd\/wp-content\/uploads\/2023\/08\/IMG-20230826-WA0093-768x561.jpg 768w, https:\/\/labestiadeportiva.com\/lbd\/wp-content\/uploads\/2023\/08\/IMG-20230826-WA0093-640x467.jpg 640w, https:\/\/labestiadeportiva.com\/lbd\/wp-content\/uploads\/2023\/08\/IMG-20230826-WA0093.jpg 1279w\" sizes=\"(max-width: 1024px) 100vw, 1024px\" \/><\/a><\/figure>\n<div class='epvc-post-count'><span class='epvc-eye'><\/span>  <span class=\"epvc-count\"> 1.151<\/span><span class='epvc-label'> veces le\u00edda<\/span><\/div>\n<div class=\"jwsharethis\">\nShare this: \n<br \/>\n<a href=\"mailto:?subject=Finaliz%C3%B3%20el%20Mundial%20de%20nataci%C3%B3n%20de%20invierno%20%C2%ABEl%20Calafate%202023%C2%BB&amp;body=https%3A%2F%2Flabestiadeportiva.com%2Flbd%2Ffinalizo-el-mundial-de-natacion-de-invierno-el-calafate-2023%2F\">\n<img src=\"https:\/\/labestiadeportiva.com\/lbd\/wp-content\/plugins\/jw-share-this\/email.png\" alt=\"Share this page via Email\" \/>\n<\/a>\n<a target=\"_blank\" href=\"http:\/\/www.stumbleupon.com\/submit?url=https%3A%2F%2Flabestiadeportiva.com%2Flbd%2Ffinalizo-el-mundial-de-natacion-de-invierno-el-calafate-2023%2F&amp;title=Finaliz%C3%B3+el+Mundial+de+nataci%C3%B3n+de+invierno+%C2%ABEl+Calafate+2023%C2%BB\">\n<img src=\"https:\/\/labestiadeportiva.com\/lbd\/wp-content\/plugins\/jw-share-this\/su.png\" alt=\"Share this page via Stumble Upon\" \/>\n<\/a>\n<a target=\"_blank\" href=\"http:\/\/digg.com\/submit?url=https%3A%2F%2Flabestiadeportiva.com%2Flbd%2Ffinalizo-el-mundial-de-natacion-de-invierno-el-calafate-2023%2F&amp;title=Finaliz%C3%B3+el+Mundial+de+nataci%C3%B3n+de+invierno+%C2%ABEl+Calafate+2023%C2%BB\">\n<img src=\"https:\/\/labestiadeportiva.com\/lbd\/wp-content\/plugins\/jw-share-this\/digg.png\" alt=\"Share this page via Digg this\" \/>\n<\/a>\n<a target=\"_blank\" href=\"http:\/\/www.facebook.com\/sharer.php?u=https%3A%2F%2Flabestiadeportiva.com%2Flbd%2Ffinalizo-el-mundial-de-natacion-de-invierno-el-calafate-2023%2F&amp;t=Finaliz%C3%B3+el+Mundial+de+nataci%C3%B3n+de+invierno+%C2%ABEl+Calafate+2023%C2%BB\">\n<img src=\"https:\/\/labestiadeportiva.com\/lbd\/wp-content\/plugins\/jw-share-this\/fb.png\" alt=\"Share this page via Facebook\" \/>\n<\/a>\n<a target=\"_blank\" href=\"http:\/\/twitter.com\/intent\/tweet?text=I+like+https%3A%2F%2Flabestiadeportiva.com%2Flbd%2Ffinalizo-el-mundial-de-natacion-de-invierno-el-calafate-2023%2F&amp;title=Finaliz%C3%B3+el+Mundial+de+nataci%C3%B3n+de+invierno+%C2%ABEl+Calafate+2023%C2%BB\">\n<img src=\"https:\/\/labestiadeportiva.com\/lbd\/wp-content\/plugins\/jw-share-this\/twitter.png\" alt=\"Share this page via Twitter\" \/>\n<\/a>\n<\/div>\n","protected":false},"excerpt":{"rendered":"<p>(Cobertura Especial de LBD) Este s\u00e1bado culmin\u00f3 un espect\u00e1culo \u00fanico que reuni\u00f3 a nadadores de todo el mundo durante tres d\u00edas en nuestra provincia. Con el Glaciar Perito Moreno como invitado de lujo, culmin\u00f3 un espect\u00e1culo so\u00f1ado para todos los asistentes. 1.151 veces le\u00edda Share this:<\/p>\n","protected":false},"author":1,"featured_media":0,"comment_status":"open","ping_status":"open","sticky":false,"template":"","format":"standard","meta":[],"categories":[5,4,6,2088,1],"tags":[5152,5151,83],"_links":{"self":[{"href":"https:\/\/labestiadeportiva.com\/lbd\/wp-json\/wp\/v2\/posts\/47120"}],"collection":[{"href":"https:\/\/labestiadeportiva.com\/lbd\/wp-json\/wp\/v2\/posts"}],"about":[{"href":"https:\/\/labestiadeportiva.com\/lbd\/wp-json\/wp\/v2\/types\/post"}],"author":[{"embeddable":true,"href":"https:\/\/labestiadeportiva.com\/lbd\/wp-json\/wp\/v2\/users\/1"}],"replies":[{"embeddable":true,"href":"https:\/\/labestiadeportiva.com\/lbd\/wp-json\/wp\/v2\/comments?post=47120"}],"version-history":[{"count":1,"href":"https:\/\/labestiadeportiva.com\/lbd\/wp-json\/wp\/v2\/posts\/47120\/revisions"}],"predecessor-version":[{"id":47125,"href":"https:\/\/labestiadeportiva.com\/lbd\/wp-json\/wp\/v2\/posts\/47120\/revisions\/47125"}],"wp:attachment":[{"href":"https:\/\/labestiadeportiva.com\/lbd\/wp-json\/wp\/v2\/media?parent=47120"}],"wp:term":[{"taxonomy":"category","embeddable":true,"href":"https:\/\/labestiadeportiva.com\/lbd\/wp-json\/wp\/v2\/categories?post=47120"},{"taxonomy":"post_tag","embeddable":true,"href":"https:\/\/labestiadeportiva.com\/lbd\/wp-json\/wp\/v2\/tags?post=47120"}],"curies":[{"name":"wp","href":"https:\/\/api.w.org\/{rel}","templated":true}]}}