{"id":47148,"date":"2023-08-29T00:48:08","date_gmt":"2023-08-29T03:48:08","guid":{"rendered":"http:\/\/labestiadeportiva.com\/lbd\/?p=47148"},"modified":"2023-08-29T00:48:10","modified_gmt":"2023-08-29T03:48:10","slug":"la-tercera-del-hilacha-audio","status":"publish","type":"post","link":"https:\/\/labestiadeportiva.com\/lbd\/la-tercera-del-hilacha-audio\/","title":{"rendered":"La tercera del \u00abHilacha\u00bb (Audio)"},"content":{"rendered":"\n<figure class=\"wp-block-image size-full\"><a href=\"http:\/\/labestiadeportiva.com\/lbd\/wp-content\/uploads\/2023\/08\/Screenshot_20230828-2320583.png\"><img loading=\"lazy\" width=\"645\" height=\"586\" src=\"http:\/\/labestiadeportiva.com\/lbd\/wp-content\/uploads\/2023\/08\/Screenshot_20230828-2320583.png\" alt=\"\" class=\"wp-image-47149\" srcset=\"https:\/\/labestiadeportiva.com\/lbd\/wp-content\/uploads\/2023\/08\/Screenshot_20230828-2320583.png 645w, https:\/\/labestiadeportiva.com\/lbd\/wp-content\/uploads\/2023\/08\/Screenshot_20230828-2320583-300x273.png 300w, https:\/\/labestiadeportiva.com\/lbd\/wp-content\/uploads\/2023\/08\/Screenshot_20230828-2320583-640x581.png 640w\" sizes=\"(max-width: 645px) 100vw, 645px\" \/><\/a><\/figure>\n\n\n\n<figure class=\"wp-block-image size-full is-resized\"><a href=\"http:\/\/labestiadeportiva.com\/lbd\/wp-content\/uploads\/2022\/11\/CARA_PEREZ-2.jpg\"><img loading=\"lazy\" src=\"http:\/\/labestiadeportiva.com\/lbd\/wp-content\/uploads\/2022\/11\/CARA_PEREZ-2.jpg\" alt=\"\" class=\"wp-image-43576\" width=\"326\" height=\"66\" srcset=\"https:\/\/labestiadeportiva.com\/lbd\/wp-content\/uploads\/2022\/11\/CARA_PEREZ-2.jpg 600w, https:\/\/labestiadeportiva.com\/lbd\/wp-content\/uploads\/2022\/11\/CARA_PEREZ-2-300x62.jpg 300w\" sizes=\"(max-width: 326px) 100vw, 326px\" \/><\/a><\/figure>\n\n\n\n<p>El pasado s\u00e1bado se realiz\u00f3 la versi\u00f3n 2023 la prueba de trail running Mountain Do. Tres recorridos 42, 20 y 10 k sobre la nieve del Valle de Tierra Mayor, Las Cotorras y Cerro Castor. <\/p>\n\n\n\n<p>400 corredores  locales, nacionales e internacionales fueron de la partida. El deportista integral Dar\u00edo \u00abHilacha\u00bb Guzm\u00e1n se qued\u00f3 con el primer lugar por tercera vez consecutiva marcando en los relojes un tiempo de 3 horas 12 minutos y 3 segundos.<\/p>\n\n\n\n<p>LBD dialog\u00f3 con el ushuaiense en busca de sensaciones, balance, como as\u00ed tambi\u00e9n informaci\u00f3n sobre como cerrar\u00e1 la temporada. Compartimos la entrevista lograda este lunes en la 94.1 FM del Sur.<\/p>\n\n\n\n<!--more-->\n\n\n\n<figure class=\"wp-block-embed is-type-video is-provider-youtube wp-block-embed-youtube wp-embed-aspect-4-3 wp-has-aspect-ratio\"><div class=\"wp-block-embed__wrapper\">\n<iframe loading=\"lazy\" title=\"Audio Dario &quot;Hilacha&quot; Guzm\u00e1n\" width=\"474\" height=\"356\" src=\"https:\/\/www.youtube.com\/embed\/-Q6Mf3ESlhE?feature=oembed\" frameborder=\"0\" allow=\"accelerometer; autoplay; clipboard-write; encrypted-media; gyroscope; picture-in-picture; web-share\" allowfullscreen><\/iframe>\n<\/div><\/figure>\n\n\n\n<p><\/p>\n<div class='epvc-post-count'><span class='epvc-eye'><\/span>  <span class=\"epvc-count\"> 1.222<\/span><span class='epvc-label'> veces le\u00edda<\/span><\/div>\n<div class=\"jwsharethis\">\nShare this: \n<br \/>\n<a href=\"mailto:?subject=La%20tercera%20del%20%C2%ABHilacha%C2%BB%20%28Audio%29&amp;body=https%3A%2F%2Flabestiadeportiva.com%2Flbd%2Fla-tercera-del-hilacha-audio%2F\">\n<img src=\"https:\/\/labestiadeportiva.com\/lbd\/wp-content\/plugins\/jw-share-this\/email.png\" alt=\"Share this page via Email\" \/>\n<\/a>\n<a target=\"_blank\" href=\"http:\/\/www.stumbleupon.com\/submit?url=https%3A%2F%2Flabestiadeportiva.com%2Flbd%2Fla-tercera-del-hilacha-audio%2F&amp;title=La+tercera+del+%C2%ABHilacha%C2%BB+%28Audio%29\">\n<img src=\"https:\/\/labestiadeportiva.com\/lbd\/wp-content\/plugins\/jw-share-this\/su.png\" alt=\"Share this page via Stumble Upon\" \/>\n<\/a>\n<a target=\"_blank\" href=\"http:\/\/digg.com\/submit?url=https%3A%2F%2Flabestiadeportiva.com%2Flbd%2Fla-tercera-del-hilacha-audio%2F&amp;title=La+tercera+del+%C2%ABHilacha%C2%BB+%28Audio%29\">\n<img src=\"https:\/\/labestiadeportiva.com\/lbd\/wp-content\/plugins\/jw-share-this\/digg.png\" alt=\"Share this page via Digg this\" \/>\n<\/a>\n<a target=\"_blank\" href=\"http:\/\/www.facebook.com\/sharer.php?u=https%3A%2F%2Flabestiadeportiva.com%2Flbd%2Fla-tercera-del-hilacha-audio%2F&amp;t=La+tercera+del+%C2%ABHilacha%C2%BB+%28Audio%29\">\n<img src=\"https:\/\/labestiadeportiva.com\/lbd\/wp-content\/plugins\/jw-share-this\/fb.png\" alt=\"Share this page via Facebook\" \/>\n<\/a>\n<a target=\"_blank\" href=\"http:\/\/twitter.com\/intent\/tweet?text=I+like+https%3A%2F%2Flabestiadeportiva.com%2Flbd%2Fla-tercera-del-hilacha-audio%2F&amp;title=La+tercera+del+%C2%ABHilacha%C2%BB+%28Audio%29\">\n<img src=\"https:\/\/labestiadeportiva.com\/lbd\/wp-content\/plugins\/jw-share-this\/twitter.png\" alt=\"Share this page via Twitter\" \/>\n<\/a>\n<\/div>\n","protected":false},"excerpt":{"rendered":"<p>El pasado s\u00e1bado se realiz\u00f3 la versi\u00f3n 2023 la prueba de trail running Mountain Do. Tres recorridos 42, 20 y 10 k sobre la nieve del Valle de Tierra Mayor, Las Cotorras y Cerro Castor. 400 corredores locales, nacionales e internacionales fueron de la partida. El deportista integral Dar\u00edo \u00abHilacha\u00bb Guzm\u00e1n se qued\u00f3 con el &hellip; <a href=\"https:\/\/labestiadeportiva.com\/lbd\/la-tercera-del-hilacha-audio\/\" class=\"more-link\">Seguir leyendo <span class=\"screen-reader-text\">La tercera del \u00abHilacha\u00bb (Audio)<\/span> <span class=\"meta-nav\">&rarr;<\/span><\/a><\/p>\n","protected":false},"author":1,"featured_media":0,"comment_status":"open","ping_status":"open","sticky":false,"template":"","format":"standard","meta":[],"categories":[5,4,6,60,3467,1,4405],"tags":[4838,4383,5154,4381],"_links":{"self":[{"href":"https:\/\/labestiadeportiva.com\/lbd\/wp-json\/wp\/v2\/posts\/47148"}],"collection":[{"href":"https:\/\/labestiadeportiva.com\/lbd\/wp-json\/wp\/v2\/posts"}],"about":[{"href":"https:\/\/labestiadeportiva.com\/lbd\/wp-json\/wp\/v2\/types\/post"}],"author":[{"embeddable":true,"href":"https:\/\/labestiadeportiva.com\/lbd\/wp-json\/wp\/v2\/users\/1"}],"replies":[{"embeddable":true,"href":"https:\/\/labestiadeportiva.com\/lbd\/wp-json\/wp\/v2\/comments?post=47148"}],"version-history":[{"count":1,"href":"https:\/\/labestiadeportiva.com\/lbd\/wp-json\/wp\/v2\/posts\/47148\/revisions"}],"predecessor-version":[{"id":47150,"href":"https:\/\/labestiadeportiva.com\/lbd\/wp-json\/wp\/v2\/posts\/47148\/revisions\/47150"}],"wp:attachment":[{"href":"https:\/\/labestiadeportiva.com\/lbd\/wp-json\/wp\/v2\/media?parent=47148"}],"wp:term":[{"taxonomy":"category","embeddable":true,"href":"https:\/\/labestiadeportiva.com\/lbd\/wp-json\/wp\/v2\/categories?post=47148"},{"taxonomy":"post_tag","embeddable":true,"href":"https:\/\/labestiadeportiva.com\/lbd\/wp-json\/wp\/v2\/tags?post=47148"}],"curies":[{"name":"wp","href":"https:\/\/api.w.org\/{rel}","templated":true}]}}