{"id":47211,"date":"2023-09-05T00:11:10","date_gmt":"2023-09-05T03:11:10","guid":{"rendered":"http:\/\/labestiadeportiva.com\/lbd\/?p=47211"},"modified":"2023-09-05T00:47:46","modified_gmt":"2023-09-05T03:47:46","slug":"vuelve-el-rugby-a-las-canchas-de-tdf","status":"publish","type":"post","link":"https:\/\/labestiadeportiva.com\/lbd\/vuelve-el-rugby-a-las-canchas-de-tdf\/","title":{"rendered":"Vuelve el rugby a las canchas de TDF"},"content":{"rendered":"\n<figure class=\"wp-block-image size-large\"><a href=\"http:\/\/labestiadeportiva.com\/lbd\/wp-content\/uploads\/2023\/09\/Screenshot_20230904-2359483.png\"><img loading=\"lazy\" width=\"1024\" height=\"724\" src=\"http:\/\/labestiadeportiva.com\/lbd\/wp-content\/uploads\/2023\/09\/Screenshot_20230904-2359483-1024x724.png\" alt=\"\" class=\"wp-image-47212\" srcset=\"https:\/\/labestiadeportiva.com\/lbd\/wp-content\/uploads\/2023\/09\/Screenshot_20230904-2359483-1024x724.png 1024w, https:\/\/labestiadeportiva.com\/lbd\/wp-content\/uploads\/2023\/09\/Screenshot_20230904-2359483-300x212.png 300w, https:\/\/labestiadeportiva.com\/lbd\/wp-content\/uploads\/2023\/09\/Screenshot_20230904-2359483-768x543.png 768w, https:\/\/labestiadeportiva.com\/lbd\/wp-content\/uploads\/2023\/09\/Screenshot_20230904-2359483-640x453.png 640w, https:\/\/labestiadeportiva.com\/lbd\/wp-content\/uploads\/2023\/09\/Screenshot_20230904-2359483.png 1080w\" sizes=\"(max-width: 1024px) 100vw, 1024px\" \/><\/a><\/figure>\n\n\n\n<figure class=\"wp-block-image size-full is-resized\"><a href=\"http:\/\/labestiadeportiva.com\/lbd\/wp-content\/uploads\/2022\/11\/CARA_SANTORO-1.jpg\"><img loading=\"lazy\" src=\"http:\/\/labestiadeportiva.com\/lbd\/wp-content\/uploads\/2022\/11\/CARA_SANTORO-1.jpg\" alt=\"\" class=\"wp-image-43578\" width=\"367\" height=\"75\" srcset=\"https:\/\/labestiadeportiva.com\/lbd\/wp-content\/uploads\/2022\/11\/CARA_SANTORO-1.jpg 600w, https:\/\/labestiadeportiva.com\/lbd\/wp-content\/uploads\/2022\/11\/CARA_SANTORO-1-300x62.jpg 300w\" sizes=\"(max-width: 367px) 100vw, 367px\" \/><\/a><\/figure>\n\n\n\n<p>Mientras el Mundial de Rugby 2023 tendr\u00e1 su partido debut este viernes cuando Francia, el anfitri\u00f3n del evento de la World Rugby, reciba a Nueva Zelanda en lo que ser\u00e1 un inicio indudablemente emocionante, vale decir que, para los seguidores de la ovalada en Tierra del Fuego, el domingo tambi\u00e9n se pone en marcha el Torneo Clausura de la Uni\u00f3n de Rugby. <\/p>\n\n\n\n<!--more-->\n\n\n\n<p>Tanto Primera Divisi\u00f3n y Juveniles disputar\u00e1n la primera fecha el domingo, por \u00fanica vez, debido a que el s\u00e1bado a las 16.00 debutan \u00abLos Pumas\u00bb nada menos que contra Inglaterra.<\/p>\n\n\n\n<p>Para la Fecha 2 todo volver\u00e1  a la normalidad y los encuentros ser\u00e1n los s\u00e1bados. La particularidad que tendr\u00e1 este segundo semestre es que los partidos de las categor\u00edas juveniles de rugby masculino se disputar\u00e1n los s\u00e1bados, desde las 12.30 en M16 y 14.00 horas en M18. <\/p>\n\n\n\n<p>El objetivo es poder concentrar a toda la actividad donde tanto juveniles como los Planteles Superiores compartan una misma jornada de rugby y optimizar la organizaci\u00f3n del staff de \u00e1rbitros de la Uni\u00f3n Fueguina.<\/p>\n\n\n\n<p>En Primera Divisi\u00f3n, la ciudad de R\u00edo Grande ser\u00e1 el escenario que albergar\u00e1 los dos partidos de la Zona Campeonato donde Universitario recibir\u00e1 a Colegio del Sur desde las 16.00 mientras que R\u00edo Grande Rugby har\u00e1 lo propio con Ushuaia Rugby Club, mientras que el tetracampe\u00f3n Las \u00c1guilas, tendr\u00e1 fecha libre. <\/p>\n\n\n\n<p>Por la Zona Desarrollo, Tolhuin recibe a Orcas desde las 16.00 (el \u00abfucsia y negro\u00bb tambi\u00e9n tendr\u00e1  libre).<\/p>\n\n\n\n<p>Las Juveniles tambi\u00e9n inician su Clausura el mismo domingo. Desde las 12.30, la M16 de R\u00edo Grande recibe a Ushuaia Rugby, y a las 14.00 ser\u00e1 el turno de las M18; Universitario swr\u00e1 local ante Colegio y Tolhuin se enfrentar\u00e1 con Las \u00c1guilas.<\/p>\n\n\n\n<p>Por el lado de rugby femenino, est\u00e1 todo pr\u00e1cticamente confirmado para que la acci\u00f3n regrese el domingo 17 de septiembre en la cancha del Club Universitario de Rugby. Solo restan ajustar algunos detalles.<\/p>\n\n\n\n<p>Cuando no queda nada para el inicio de una nueva cita mundialista, la ovalada fueguina tambi\u00e9n se pone en marcha para cerrar el a\u00f1o donde el calendario lo completar\u00e1n las selecciones de rugby masculino y femenino, la participaci\u00f3n de Club Las \u00c1guilas en un nuevo Regional como as\u00ed tambi\u00e9n los tradicionales torneos de seven.<\/p>\n\n\n\n<figure class=\"wp-block-image size-large\"><a href=\"http:\/\/labestiadeportiva.com\/lbd\/wp-content\/uploads\/2023\/09\/IMG-20230904-WA0120.jpg\"><img loading=\"lazy\" width=\"1024\" height=\"252\" src=\"http:\/\/labestiadeportiva.com\/lbd\/wp-content\/uploads\/2023\/09\/IMG-20230904-WA0120-1024x252.jpg\" alt=\"\" class=\"wp-image-47214\" srcset=\"https:\/\/labestiadeportiva.com\/lbd\/wp-content\/uploads\/2023\/09\/IMG-20230904-WA0120-1024x252.jpg 1024w, https:\/\/labestiadeportiva.com\/lbd\/wp-content\/uploads\/2023\/09\/IMG-20230904-WA0120-300x74.jpg 300w, https:\/\/labestiadeportiva.com\/lbd\/wp-content\/uploads\/2023\/09\/IMG-20230904-WA0120-768x189.jpg 768w, https:\/\/labestiadeportiva.com\/lbd\/wp-content\/uploads\/2023\/09\/IMG-20230904-WA0120-640x158.jpg 640w, https:\/\/labestiadeportiva.com\/lbd\/wp-content\/uploads\/2023\/09\/IMG-20230904-WA0120.jpg 1080w\" sizes=\"(max-width: 1024px) 100vw, 1024px\" \/><\/a><\/figure>\n\n\n\n<figure class=\"wp-block-image size-large\"><a href=\"http:\/\/labestiadeportiva.com\/lbd\/wp-content\/uploads\/2023\/09\/IMG-20230904-WA0119.jpg\"><img loading=\"lazy\" width=\"1024\" height=\"224\" src=\"http:\/\/labestiadeportiva.com\/lbd\/wp-content\/uploads\/2023\/09\/IMG-20230904-WA0119-1024x224.jpg\" alt=\"\" class=\"wp-image-47215\" srcset=\"https:\/\/labestiadeportiva.com\/lbd\/wp-content\/uploads\/2023\/09\/IMG-20230904-WA0119-1024x224.jpg 1024w, https:\/\/labestiadeportiva.com\/lbd\/wp-content\/uploads\/2023\/09\/IMG-20230904-WA0119-300x66.jpg 300w, https:\/\/labestiadeportiva.com\/lbd\/wp-content\/uploads\/2023\/09\/IMG-20230904-WA0119-768x168.jpg 768w, https:\/\/labestiadeportiva.com\/lbd\/wp-content\/uploads\/2023\/09\/IMG-20230904-WA0119-640x140.jpg 640w, https:\/\/labestiadeportiva.com\/lbd\/wp-content\/uploads\/2023\/09\/IMG-20230904-WA0119.jpg 1080w\" sizes=\"(max-width: 1024px) 100vw, 1024px\" \/><\/a><\/figure>\n<div class='epvc-post-count'><span class='epvc-eye'><\/span>  <span class=\"epvc-count\"> 1.226<\/span><span class='epvc-label'> veces le\u00edda<\/span><\/div>\n<div class=\"jwsharethis\">\nShare this: \n<br \/>\n<a href=\"mailto:?subject=Vuelve%20el%20rugby%20a%20las%20canchas%20de%20TDF&amp;body=https%3A%2F%2Flabestiadeportiva.com%2Flbd%2Fvuelve-el-rugby-a-las-canchas-de-tdf%2F\">\n<img src=\"https:\/\/labestiadeportiva.com\/lbd\/wp-content\/plugins\/jw-share-this\/email.png\" alt=\"Share this page via Email\" \/>\n<\/a>\n<a target=\"_blank\" href=\"http:\/\/www.stumbleupon.com\/submit?url=https%3A%2F%2Flabestiadeportiva.com%2Flbd%2Fvuelve-el-rugby-a-las-canchas-de-tdf%2F&amp;title=Vuelve+el+rugby+a+las+canchas+de+TDF\">\n<img src=\"https:\/\/labestiadeportiva.com\/lbd\/wp-content\/plugins\/jw-share-this\/su.png\" alt=\"Share this page via Stumble Upon\" \/>\n<\/a>\n<a target=\"_blank\" href=\"http:\/\/digg.com\/submit?url=https%3A%2F%2Flabestiadeportiva.com%2Flbd%2Fvuelve-el-rugby-a-las-canchas-de-tdf%2F&amp;title=Vuelve+el+rugby+a+las+canchas+de+TDF\">\n<img src=\"https:\/\/labestiadeportiva.com\/lbd\/wp-content\/plugins\/jw-share-this\/digg.png\" alt=\"Share this page via Digg this\" \/>\n<\/a>\n<a target=\"_blank\" href=\"http:\/\/www.facebook.com\/sharer.php?u=https%3A%2F%2Flabestiadeportiva.com%2Flbd%2Fvuelve-el-rugby-a-las-canchas-de-tdf%2F&amp;t=Vuelve+el+rugby+a+las+canchas+de+TDF\">\n<img src=\"https:\/\/labestiadeportiva.com\/lbd\/wp-content\/plugins\/jw-share-this\/fb.png\" alt=\"Share this page via Facebook\" \/>\n<\/a>\n<a target=\"_blank\" href=\"http:\/\/twitter.com\/intent\/tweet?text=I+like+https%3A%2F%2Flabestiadeportiva.com%2Flbd%2Fvuelve-el-rugby-a-las-canchas-de-tdf%2F&amp;title=Vuelve+el+rugby+a+las+canchas+de+TDF\">\n<img src=\"https:\/\/labestiadeportiva.com\/lbd\/wp-content\/plugins\/jw-share-this\/twitter.png\" alt=\"Share this page via Twitter\" \/>\n<\/a>\n<\/div>\n","protected":false},"excerpt":{"rendered":"<p>Mientras el Mundial de Rugby 2023 tendr\u00e1 su partido debut este viernes cuando Francia, el anfitri\u00f3n del evento de la World Rugby, reciba a Nueva Zelanda en lo que ser\u00e1 un inicio indudablemente emocionante, vale decir que, para los seguidores de la ovalada en Tierra del Fuego, el domingo tambi\u00e9n se pone en marcha el &hellip; <a href=\"https:\/\/labestiadeportiva.com\/lbd\/vuelve-el-rugby-a-las-canchas-de-tdf\/\" class=\"more-link\">Seguir leyendo <span class=\"screen-reader-text\">Vuelve el rugby a las canchas de TDF<\/span> <span class=\"meta-nav\">&rarr;<\/span><\/a><\/p>\n","protected":false},"author":1,"featured_media":0,"comment_status":"open","ping_status":"open","sticky":false,"template":"","format":"standard","meta":[],"categories":[5,1,2461],"tags":[83,107,1190],"_links":{"self":[{"href":"https:\/\/labestiadeportiva.com\/lbd\/wp-json\/wp\/v2\/posts\/47211"}],"collection":[{"href":"https:\/\/labestiadeportiva.com\/lbd\/wp-json\/wp\/v2\/posts"}],"about":[{"href":"https:\/\/labestiadeportiva.com\/lbd\/wp-json\/wp\/v2\/types\/post"}],"author":[{"embeddable":true,"href":"https:\/\/labestiadeportiva.com\/lbd\/wp-json\/wp\/v2\/users\/1"}],"replies":[{"embeddable":true,"href":"https:\/\/labestiadeportiva.com\/lbd\/wp-json\/wp\/v2\/comments?post=47211"}],"version-history":[{"count":2,"href":"https:\/\/labestiadeportiva.com\/lbd\/wp-json\/wp\/v2\/posts\/47211\/revisions"}],"predecessor-version":[{"id":47216,"href":"https:\/\/labestiadeportiva.com\/lbd\/wp-json\/wp\/v2\/posts\/47211\/revisions\/47216"}],"wp:attachment":[{"href":"https:\/\/labestiadeportiva.com\/lbd\/wp-json\/wp\/v2\/media?parent=47211"}],"wp:term":[{"taxonomy":"category","embeddable":true,"href":"https:\/\/labestiadeportiva.com\/lbd\/wp-json\/wp\/v2\/categories?post=47211"},{"taxonomy":"post_tag","embeddable":true,"href":"https:\/\/labestiadeportiva.com\/lbd\/wp-json\/wp\/v2\/tags?post=47211"}],"curies":[{"name":"wp","href":"https:\/\/api.w.org\/{rel}","templated":true}]}}