{"id":4723,"date":"2013-05-31T04:52:22","date_gmt":"2013-05-31T04:52:22","guid":{"rendered":"http:\/\/labestiadeportiva.com\/lbd\/?p=4723"},"modified":"2013-05-31T04:52:22","modified_gmt":"2013-05-31T04:52:22","slug":"tres-ushuaienses-en-la-9-edicion-de-los-juegos-mundiales","status":"publish","type":"post","link":"https:\/\/labestiadeportiva.com\/lbd\/tres-ushuaienses-en-la-9-edicion-de-los-juegos-mundiales\/","title":{"rendered":"Tres ushuaienses en la 9\u00b0 edici\u00f3n de los Juegos Mundiales"},"content":{"rendered":"<p>Por Pablo Ju\u00e1rez (Futsal federado para LBD)<\/p>\n<p><a href=\"http:\/\/labestiadeportiva.com\/lbd\/wp-content\/uploads\/2013\/05\/20130530_224559.jpg\"><img loading=\"lazy\" class=\"alignleft size-medium wp-image-4724\" title=\"20130530_224559\" src=\"http:\/\/labestiadeportiva.com\/lbd\/wp-content\/uploads\/2013\/05\/20130530_224559-300x167.jpg\" alt=\"\" width=\"300\" height=\"167\" srcset=\"https:\/\/labestiadeportiva.com\/lbd\/wp-content\/uploads\/2013\/05\/20130530_224559-300x167.jpg 300w, https:\/\/labestiadeportiva.com\/lbd\/wp-content\/uploads\/2013\/05\/20130530_224559.jpg 640w\" sizes=\"(max-width: 300px) 100vw, 300px\" \/><\/a>El pasado martes 28 Ariel Avveduto, actual entrenador de la selecci\u00f3n argentina, dio a conocer la lista de los 12 convocados para representar a nuestro pa\u00eds en los Juegos Mundiales que se disputaran en Cali, Colombia a partir del 25 de Julio entre los que figuran tres oriundos de nuestra ciudad. Diego Grigera, Mat\u00edas Avenda\u00f1o y Ricardo Remolcoy ser\u00e1n el aporte ushuaiense a la Celeste y Blanca.<!--morePara leer Click Aqu\u00ed--><\/p>\n<p>A partir del 25 de Julio del corriente se disputaran en Cali, Colombia, la novena edici\u00f3n de los juegos mundiales, donde el deporte m\u00e1s popular de nuestra ciudad tendr\u00e1 su lugar como disciplina invitada.<\/p>\n<p>Participar\u00e1n 12 seleccionados nacionales, entre ellos la selecci\u00f3n argentina comandada por Ariel Avveduto y Mart\u00edn Bonvehi. La albiceleste tendr\u00e1 la dif\u00edcil tarea de enfrentarse a los combinados de Rusia, Rep\u00fablica Checa y Canad\u00e1. Para ello han seleccionado 12 jugadores de primer nivel.<\/p>\n<p>La provincia que m\u00e1s jugadores aport\u00f3, en esta convocatoria, fue Mendoza, con cuatro jugadores, seguida por Ushuaia, con tres, y la Metropolitana, con otros tres; completan la lista un jugador de Comodoro Rivadavia y un Marplatense.<\/p>\n<p>No sorprende la convocatoria de los tres locales de nuestra ciudad Diego Grigera, Ricardo Remolcoy y Mat\u00edas Avenda\u00f1o. Diego \u201cEl Hueso\u201d Grigera lleva una larga y destacada trayectoria en el futsal de nuestra ciudad. Jugador del club Magallanes, por m\u00e1s de una d\u00e9cada, y con un muy buen presente en \u00d3ptica Social, se ha ganado un lugar despu\u00e9s de lucharla tantos a\u00f1os. Se puede decir que una de las mayores virtudes de \u00abEl Hueso\u00bb es la experiencia, pero a eso hay que agregarle unas excelentes cualidades t\u00e9cnicas, tanto debajo de los tres palos como a la hora de participar del juego con los pies.<\/p>\n<p>Distinto es el caso de los otros dos. Tanto \u201cRichard\u201d Remolcoy como Mat\u00edas \u201cLagarto\u201d Avenda\u00f1o son\u00a0 jugadores j\u00f3venes con un excelente presente y\u00a0 una gran proyecci\u00f3n a futuro. Richard retorn\u00f3 a la ciudad a principios del a\u00f1o pasado y desde entonces su nivel ha ido en alza. Un gran despliegue f\u00edsico\u00a0 excelente predisposici\u00f3n para la marca y un buen remate exterior, son las virtudes m\u00e1s sobresalientes de este inteligent\u00edsimo jugador.<\/p>\n<p>Mat\u00edas Avenda\u00f1o regres\u00f3 este a\u00f1o y su paso por el futsal\u00a0 de la metro nos ha devuelto una versi\u00f3n m\u00e1s completa de este p\u00edvot muy popular en el futsal local. Entre sus mayores virtudes se destacan un gran estado f\u00edsico, un hambre de gol notable y una t\u00e9cnica m\u00e1s que pulida.<\/p>\n<p>Si bien se trata de jugadores que se desempe\u00f1an en puestos diferentes los tres comparten caracter\u00edsticas en com\u00fan y que han sido, a mi criterio, las que los han depositado en esta lista. Una predisposici\u00f3n al trabajo ejemplar y una gran inteligencia t\u00e1ctica es el factor com\u00fan que tienen estos formidables jugadores que tan solo con su convocatoria para estos Juegos Mundiales, han posicionado al futsal de nuestra ciudad en lo m\u00e1s alto a nivel nacional.<\/p>\n<p><span style=\"color: #0000ff;\">La lista completa de Avveduto:<\/span><br \/>\nFederico P\u00e9rez (arquero) \u2013 Mendoza<br \/>\n<span style=\"color: #ff0000;\">Diego Grigera (arquero) \u2013 Ushuaia<\/span><br \/>\nMarcelo Mescolatti (poste) \u2013 Mendoza<br \/>\nRenzo Grasso (ala) \u2013 Mendoza<br \/>\nNahuel Parada (pivot) \u2013 Mendoza<br \/>\nDiego V\u00e1zquez (mixto) \u2013 Metropolitana<br \/>\nRamiro G\u00f3mez Arez (mixto) \u2013 Metropolitana<br \/>\nLucas Tr\u00edpodi (ala) \u2013 Metropolitana<br \/>\n<span style=\"color: #ff0000;\">Ricardo Remolcoy (ala) \u2013 Ushuaia<\/span><br \/>\n<span style=\"color: #ff0000;\">Mat\u00edas Avenda\u00f1o (pivot) \u2013 Ushuaia<\/span><br \/>\nFacundo Contreras (poste) \u2013 Comodoro Rivadavia<br \/>\nMariano Cardone (ala) \u2013 Mar del Plata<\/p>\n<p><span style=\"color: #0000ff;\">Jugadores de reserva<\/span><br \/>\nDiego Koltes (Mendoza)<br \/>\nGonzalo Pires (Mendoza)<br \/>\nSandro Antivero (Posadas)<br \/>\nMiguel Tapia (Metropolitana)<br \/>\nMarcelo S\u00e1nchez (Colombia)<br \/>\nFabi\u00e1n Banegas (Colombia)<br \/>\nMauro Albertini (Mendoza)<\/p>\n<div class='epvc-post-count'><span class='epvc-eye'><\/span>  <span class=\"epvc-count\"> 1.140<\/span><span class='epvc-label'> veces le\u00edda<\/span><\/div>\n<div class=\"jwsharethis\">\nShare this: \n<br \/>\n<a href=\"mailto:?subject=Tres%20ushuaienses%20en%20la%209%C2%B0%20edici%C3%B3n%20de%20los%20Juegos%20Mundiales&amp;body=https%3A%2F%2Flabestiadeportiva.com%2Flbd%2Ftres-ushuaienses-en-la-9-edicion-de-los-juegos-mundiales%2F\">\n<img src=\"https:\/\/labestiadeportiva.com\/lbd\/wp-content\/plugins\/jw-share-this\/email.png\" alt=\"Share this page via Email\" \/>\n<\/a>\n<a target=\"_blank\" href=\"http:\/\/www.stumbleupon.com\/submit?url=https%3A%2F%2Flabestiadeportiva.com%2Flbd%2Ftres-ushuaienses-en-la-9-edicion-de-los-juegos-mundiales%2F&amp;title=Tres+ushuaienses+en+la+9%C2%B0+edici%C3%B3n+de+los+Juegos+Mundiales\">\n<img src=\"https:\/\/labestiadeportiva.com\/lbd\/wp-content\/plugins\/jw-share-this\/su.png\" alt=\"Share this page via Stumble Upon\" \/>\n<\/a>\n<a target=\"_blank\" href=\"http:\/\/digg.com\/submit?url=https%3A%2F%2Flabestiadeportiva.com%2Flbd%2Ftres-ushuaienses-en-la-9-edicion-de-los-juegos-mundiales%2F&amp;title=Tres+ushuaienses+en+la+9%C2%B0+edici%C3%B3n+de+los+Juegos+Mundiales\">\n<img src=\"https:\/\/labestiadeportiva.com\/lbd\/wp-content\/plugins\/jw-share-this\/digg.png\" alt=\"Share this page via Digg this\" \/>\n<\/a>\n<a target=\"_blank\" href=\"http:\/\/www.facebook.com\/sharer.php?u=https%3A%2F%2Flabestiadeportiva.com%2Flbd%2Ftres-ushuaienses-en-la-9-edicion-de-los-juegos-mundiales%2F&amp;t=Tres+ushuaienses+en+la+9%C2%B0+edici%C3%B3n+de+los+Juegos+Mundiales\">\n<img src=\"https:\/\/labestiadeportiva.com\/lbd\/wp-content\/plugins\/jw-share-this\/fb.png\" alt=\"Share this page via Facebook\" \/>\n<\/a>\n<a target=\"_blank\" href=\"http:\/\/twitter.com\/intent\/tweet?text=I+like+https%3A%2F%2Flabestiadeportiva.com%2Flbd%2Ftres-ushuaienses-en-la-9-edicion-de-los-juegos-mundiales%2F&amp;title=Tres+ushuaienses+en+la+9%C2%B0+edici%C3%B3n+de+los+Juegos+Mundiales\">\n<img src=\"https:\/\/labestiadeportiva.com\/lbd\/wp-content\/plugins\/jw-share-this\/twitter.png\" alt=\"Share this page via Twitter\" \/>\n<\/a>\n<\/div>\n","protected":false},"excerpt":{"rendered":"<p>Por Pablo Ju\u00e1rez (Futsal federado para LBD) El pasado martes 28 Ariel Avveduto, actual entrenador de la selecci\u00f3n argentina, dio a conocer la lista de los 12 convocados para representar a nuestro pa\u00eds en los Juegos Mundiales que se disputaran en Cali, Colombia a partir del 25 de Julio entre los que figuran tres oriundos &hellip; <a href=\"https:\/\/labestiadeportiva.com\/lbd\/tres-ushuaienses-en-la-9-edicion-de-los-juegos-mundiales\/\" class=\"more-link\">Seguir leyendo <span class=\"screen-reader-text\">Tres ushuaienses en la 9\u00b0 edici\u00f3n de los Juegos Mundiales<\/span> <span class=\"meta-nav\">&rarr;<\/span><\/a><\/p>\n","protected":false},"author":1,"featured_media":4724,"comment_status":"open","ping_status":"open","sticky":false,"template":"","format":"standard","meta":[],"categories":[5,4,1],"tags":[638,639,4833,637,88],"_links":{"self":[{"href":"https:\/\/labestiadeportiva.com\/lbd\/wp-json\/wp\/v2\/posts\/4723"}],"collection":[{"href":"https:\/\/labestiadeportiva.com\/lbd\/wp-json\/wp\/v2\/posts"}],"about":[{"href":"https:\/\/labestiadeportiva.com\/lbd\/wp-json\/wp\/v2\/types\/post"}],"author":[{"embeddable":true,"href":"https:\/\/labestiadeportiva.com\/lbd\/wp-json\/wp\/v2\/users\/1"}],"replies":[{"embeddable":true,"href":"https:\/\/labestiadeportiva.com\/lbd\/wp-json\/wp\/v2\/comments?post=4723"}],"version-history":[{"count":2,"href":"https:\/\/labestiadeportiva.com\/lbd\/wp-json\/wp\/v2\/posts\/4723\/revisions"}],"predecessor-version":[{"id":4726,"href":"https:\/\/labestiadeportiva.com\/lbd\/wp-json\/wp\/v2\/posts\/4723\/revisions\/4726"}],"wp:featuredmedia":[{"embeddable":true,"href":"https:\/\/labestiadeportiva.com\/lbd\/wp-json\/wp\/v2\/media\/4724"}],"wp:attachment":[{"href":"https:\/\/labestiadeportiva.com\/lbd\/wp-json\/wp\/v2\/media?parent=4723"}],"wp:term":[{"taxonomy":"category","embeddable":true,"href":"https:\/\/labestiadeportiva.com\/lbd\/wp-json\/wp\/v2\/categories?post=4723"},{"taxonomy":"post_tag","embeddable":true,"href":"https:\/\/labestiadeportiva.com\/lbd\/wp-json\/wp\/v2\/tags?post=4723"}],"curies":[{"name":"wp","href":"https:\/\/api.w.org\/{rel}","templated":true}]}}