{"id":4732,"date":"2013-05-31T05:32:52","date_gmt":"2013-05-31T05:32:52","guid":{"rendered":"http:\/\/labestiadeportiva.com\/lbd\/?p=4732"},"modified":"2013-05-31T05:32:52","modified_gmt":"2013-05-31T05:32:52","slug":"el-garibaldi-quedo-atras","status":"publish","type":"post","link":"https:\/\/labestiadeportiva.com\/lbd\/el-garibaldi-quedo-atras\/","title":{"rendered":"El Garibaldi qued\u00f3 atr\u00e1s"},"content":{"rendered":"<p class=\"MsoNormal\" style=\"margin-bottom: .0001pt;\"><a href=\"http:\/\/labestiadeportiva.com\/lbd\/wp-content\/uploads\/2013\/05\/bolojueves.jpg.jpg\"><img loading=\"lazy\" class=\"aligncenter size-medium wp-image-4733\" title=\"bolojueves.jpg\" src=\"http:\/\/labestiadeportiva.com\/lbd\/wp-content\/uploads\/2013\/05\/bolojueves.jpg-300x140.jpg\" alt=\"\" width=\"300\" height=\"140\" srcset=\"https:\/\/labestiadeportiva.com\/lbd\/wp-content\/uploads\/2013\/05\/bolojueves.jpg-300x140.jpg 300w, https:\/\/labestiadeportiva.com\/lbd\/wp-content\/uploads\/2013\/05\/bolojueves.jpg.jpg 640w\" sizes=\"(max-width: 300px) 100vw, 300px\" \/><\/a>El intendente Federico Sciurano realiz\u00f3 este jueves 32 kil\u00f3metros y se encuentra en el Centro Invernal Haruwen. Comenz\u00f3 la jornada desde el puesto de Prefectura Naval ubicado en el Lago Fagnano. Estima arribar a la Plaza Malvinas de Ushuaia el s\u00e1bado 1 de junio alrededor de las 16 horas.<\/p>\n<p class=\"MsoNormal\" style=\"margin-bottom: .0001pt;\">El jefe comunal capitalino corri\u00f3 este jueves 32 kil\u00f3metros m\u00e1s y qued\u00f3 a dos jornadas de arribar a<span style=\"mso-spacerun: yes;\">\u00a0 <\/span>la ciudad de Ushuaia.<!--morePara leer Click Aqu\u00ed--><\/p>\n<p class=\"MsoNormal\" style=\"margin-bottom: .0001pt;\">En la s\u00e9ptima jornada de la Ultra Marat\u00f3n Solidaria 2, Sciurano larg\u00f3 1 kil\u00f3metro al sur del puesto de Prefectura Naval, Lago Fagnano, y tras descansar en horas del mediod\u00eda, arrib\u00f3 al Centro Invernal Haruwen.<\/p>\n<p class=\"MsoNormal\" style=\"margin-bottom: .0001pt;\">La prueba m\u00e1s dif\u00edcil fue superar el Paso Garibaldi, debido a que el cansancio muscular se est\u00e1 haciendo sentir, igualmente corri\u00f3 4 kil\u00f3metros m\u00e1s de lo previsto como lo hab\u00eda sugerido el d\u00eda anterior.<\/p>\n<p class=\"MsoNormal\" style=\"margin-bottom: .0001pt;\">Originalmente estaba programado que el campamento vial de Rancho Hambre sea el lugar para pasar la noche pero Sciurano continu\u00f3 unos kil\u00f3metros m\u00e1s hasta Haruwen.<\/p>\n<p class=\"MsoNormal\" style=\"margin-bottom: .0001pt;\">Tras finalizar la jornada el intendente expres\u00f3: <span style=\"color: #0000ff;\">\u201cEstoy muy contento y agradecido con todos aquellos que fueron al Garibaldi para darme aliento pues me sirve y ayuda para continuar\u201d<\/span>.<\/p>\n<p class=\"MsoNormal\" style=\"margin-bottom: .0001pt;\">Asimismo agradeci\u00f3 \u201c<span style=\"color: #0000ff;\">A los compa\u00f1eros de trabajo, a toda la gente de la municipalidad, a LALCEC, a la fundaci\u00f3n \u201cUn lugar en el mundo\u201d, que se acerc\u00f3 hasta aqu\u00ed con los chicos para darme fuerzas\u201d<\/span>.<\/p>\n<p class=\"MsoNormal\" style=\"margin-bottom: .0001pt;\">Finalmente el Jefe Comunal tambi\u00e9n mencion\u00f3 <span style=\"color: #0000ff;\">\u201cUn especial agradecimiento para Gendarmer\u00eda Nacional, Vialidad Nacional y Defensa Civil Municipal ya que nos han acompa\u00f1ado a lo largo de todo el camino, sin ellos esto no podr\u00eda ser posible\u201d. \u201cNos vamos a encontrar todos el\u00a0 1 de junio en la Plaza Malvinas, esperamos haber juntado el mill\u00f3n cien mil pesos para comprar lo que el LALCEC y la poblaci\u00f3n tanto necesitan\u201d.<\/span><\/p>\n<p class=\"MsoNormal\" style=\"margin-bottom: .0001pt;\"><a href=\"http:\/\/labestiadeportiva.com\/lbd\/wp-content\/uploads\/2013\/05\/bolojueves1.jpg.jpg\"><img loading=\"lazy\" class=\"aligncenter size-medium wp-image-4734\" title=\"bolojueves1.jpg\" src=\"http:\/\/labestiadeportiva.com\/lbd\/wp-content\/uploads\/2013\/05\/bolojueves1.jpg-259x300.jpg\" alt=\"\" width=\"259\" height=\"300\" srcset=\"https:\/\/labestiadeportiva.com\/lbd\/wp-content\/uploads\/2013\/05\/bolojueves1.jpg-259x300.jpg 259w, https:\/\/labestiadeportiva.com\/lbd\/wp-content\/uploads\/2013\/05\/bolojueves1.jpg.jpg 480w\" sizes=\"(max-width: 259px) 100vw, 259px\" \/><\/a><\/p>\n<div class='epvc-post-count'><span class='epvc-eye'><\/span>  <span class=\"epvc-count\"> 1.050<\/span><span class='epvc-label'> veces le\u00edda<\/span><\/div>\n<div class=\"jwsharethis\">\nShare this: \n<br \/>\n<a href=\"mailto:?subject=El%20Garibaldi%20qued%C3%B3%20atr%C3%A1s&amp;body=https%3A%2F%2Flabestiadeportiva.com%2Flbd%2Fel-garibaldi-quedo-atras%2F\">\n<img src=\"https:\/\/labestiadeportiva.com\/lbd\/wp-content\/plugins\/jw-share-this\/email.png\" alt=\"Share this page via Email\" \/>\n<\/a>\n<a target=\"_blank\" href=\"http:\/\/www.stumbleupon.com\/submit?url=https%3A%2F%2Flabestiadeportiva.com%2Flbd%2Fel-garibaldi-quedo-atras%2F&amp;title=El+Garibaldi+qued%C3%B3+atr%C3%A1s\">\n<img src=\"https:\/\/labestiadeportiva.com\/lbd\/wp-content\/plugins\/jw-share-this\/su.png\" alt=\"Share this page via Stumble Upon\" \/>\n<\/a>\n<a target=\"_blank\" href=\"http:\/\/digg.com\/submit?url=https%3A%2F%2Flabestiadeportiva.com%2Flbd%2Fel-garibaldi-quedo-atras%2F&amp;title=El+Garibaldi+qued%C3%B3+atr%C3%A1s\">\n<img src=\"https:\/\/labestiadeportiva.com\/lbd\/wp-content\/plugins\/jw-share-this\/digg.png\" alt=\"Share this page via Digg this\" \/>\n<\/a>\n<a target=\"_blank\" href=\"http:\/\/www.facebook.com\/sharer.php?u=https%3A%2F%2Flabestiadeportiva.com%2Flbd%2Fel-garibaldi-quedo-atras%2F&amp;t=El+Garibaldi+qued%C3%B3+atr%C3%A1s\">\n<img src=\"https:\/\/labestiadeportiva.com\/lbd\/wp-content\/plugins\/jw-share-this\/fb.png\" alt=\"Share this page via Facebook\" \/>\n<\/a>\n<a target=\"_blank\" href=\"http:\/\/twitter.com\/intent\/tweet?text=I+like+https%3A%2F%2Flabestiadeportiva.com%2Flbd%2Fel-garibaldi-quedo-atras%2F&amp;title=El+Garibaldi+qued%C3%B3+atr%C3%A1s\">\n<img src=\"https:\/\/labestiadeportiva.com\/lbd\/wp-content\/plugins\/jw-share-this\/twitter.png\" alt=\"Share this page via Twitter\" \/>\n<\/a>\n<\/div>\n","protected":false},"excerpt":{"rendered":"<p>El intendente Federico Sciurano realiz\u00f3 este jueves 32 kil\u00f3metros y se encuentra en el Centro Invernal Haruwen. Comenz\u00f3 la jornada desde el puesto de Prefectura Naval ubicado en el Lago Fagnano. Estima arribar a la Plaza Malvinas de Ushuaia el s\u00e1bado 1 de junio alrededor de las 16 horas. El jefe comunal capitalino corri\u00f3 este &hellip; <a href=\"https:\/\/labestiadeportiva.com\/lbd\/el-garibaldi-quedo-atras\/\" class=\"more-link\">Seguir leyendo <span class=\"screen-reader-text\">El Garibaldi qued\u00f3 atr\u00e1s<\/span> <span class=\"meta-nav\">&rarr;<\/span><\/a><\/p>\n","protected":false},"author":1,"featured_media":4733,"comment_status":"open","ping_status":"open","sticky":false,"template":"","format":"standard","meta":[],"categories":[5,1],"tags":[557,556],"_links":{"self":[{"href":"https:\/\/labestiadeportiva.com\/lbd\/wp-json\/wp\/v2\/posts\/4732"}],"collection":[{"href":"https:\/\/labestiadeportiva.com\/lbd\/wp-json\/wp\/v2\/posts"}],"about":[{"href":"https:\/\/labestiadeportiva.com\/lbd\/wp-json\/wp\/v2\/types\/post"}],"author":[{"embeddable":true,"href":"https:\/\/labestiadeportiva.com\/lbd\/wp-json\/wp\/v2\/users\/1"}],"replies":[{"embeddable":true,"href":"https:\/\/labestiadeportiva.com\/lbd\/wp-json\/wp\/v2\/comments?post=4732"}],"version-history":[{"count":1,"href":"https:\/\/labestiadeportiva.com\/lbd\/wp-json\/wp\/v2\/posts\/4732\/revisions"}],"predecessor-version":[{"id":4735,"href":"https:\/\/labestiadeportiva.com\/lbd\/wp-json\/wp\/v2\/posts\/4732\/revisions\/4735"}],"wp:featuredmedia":[{"embeddable":true,"href":"https:\/\/labestiadeportiva.com\/lbd\/wp-json\/wp\/v2\/media\/4733"}],"wp:attachment":[{"href":"https:\/\/labestiadeportiva.com\/lbd\/wp-json\/wp\/v2\/media?parent=4732"}],"wp:term":[{"taxonomy":"category","embeddable":true,"href":"https:\/\/labestiadeportiva.com\/lbd\/wp-json\/wp\/v2\/categories?post=4732"},{"taxonomy":"post_tag","embeddable":true,"href":"https:\/\/labestiadeportiva.com\/lbd\/wp-json\/wp\/v2\/tags?post=4732"}],"curies":[{"name":"wp","href":"https:\/\/api.w.org\/{rel}","templated":true}]}}