{"id":47639,"date":"2023-10-26T22:47:16","date_gmt":"2023-10-27T01:47:16","guid":{"rendered":"http:\/\/labestiadeportiva.com\/lbd\/?p=47639"},"modified":"2023-10-26T22:49:36","modified_gmt":"2023-10-27T01:49:36","slug":"comienza-la-segunda-vuelta-del-clausura","status":"publish","type":"post","link":"https:\/\/labestiadeportiva.com\/lbd\/comienza-la-segunda-vuelta-del-clausura\/","title":{"rendered":"Comienza la segunda vuelta del Clausura"},"content":{"rendered":"\n<figure class=\"wp-block-image size-large\"><a href=\"http:\/\/labestiadeportiva.com\/lbd\/wp-content\/uploads\/2023\/10\/IMG_20231021_1758128632-scaled.jpg\"><img loading=\"lazy\" width=\"1024\" height=\"771\" src=\"http:\/\/labestiadeportiva.com\/lbd\/wp-content\/uploads\/2023\/10\/IMG_20231021_1758128632-1024x771.jpg\" alt=\"\" class=\"wp-image-47640\" srcset=\"https:\/\/labestiadeportiva.com\/lbd\/wp-content\/uploads\/2023\/10\/IMG_20231021_1758128632-1024x771.jpg 1024w, https:\/\/labestiadeportiva.com\/lbd\/wp-content\/uploads\/2023\/10\/IMG_20231021_1758128632-300x226.jpg 300w, https:\/\/labestiadeportiva.com\/lbd\/wp-content\/uploads\/2023\/10\/IMG_20231021_1758128632-768x578.jpg 768w, https:\/\/labestiadeportiva.com\/lbd\/wp-content\/uploads\/2023\/10\/IMG_20231021_1758128632-1536x1157.jpg 1536w, https:\/\/labestiadeportiva.com\/lbd\/wp-content\/uploads\/2023\/10\/IMG_20231021_1758128632-2048x1542.jpg 2048w, https:\/\/labestiadeportiva.com\/lbd\/wp-content\/uploads\/2023\/10\/IMG_20231021_1758128632-640x482.jpg 640w\" sizes=\"(max-width: 1024px) 100vw, 1024px\" \/><\/a><\/figure>\n\n\n\n<figure class=\"wp-block-image size-full is-resized\"><a href=\"http:\/\/labestiadeportiva.com\/lbd\/wp-content\/uploads\/2022\/11\/CARA_PEREZ-2.jpg\"><img loading=\"lazy\" src=\"http:\/\/labestiadeportiva.com\/lbd\/wp-content\/uploads\/2022\/11\/CARA_PEREZ-2.jpg\" alt=\"\" class=\"wp-image-43576\" width=\"348\" height=\"71\" srcset=\"https:\/\/labestiadeportiva.com\/lbd\/wp-content\/uploads\/2022\/11\/CARA_PEREZ-2.jpg 600w, https:\/\/labestiadeportiva.com\/lbd\/wp-content\/uploads\/2022\/11\/CARA_PEREZ-2-300x62.jpg 300w\" sizes=\"(max-width: 348px) 100vw, 348px\" \/><\/a><\/figure>\n\n\n\n<p>Luego del fin de semana de cl\u00e1sicos donde Las \u00c1guilas vencieron por 23 a 14 a Ushuaia, y R\u00edo Grande 20 a 5 a Club Universitario, este s\u00e1bado comenzar\u00e1 la segunda ronda del Torneo Clausura de la Uni\u00f3n de Rugby de Tierra del Fuego.<\/p>\n\n\n\n<!--more-->\n\n\n\n<p>Desde las 16 horas Colegio del Sur buscar\u00e1 sumar de local ante un necesitado Universitario que, con algunos regresos, llegar\u00e1 a la capital provincial con el objetivo de volver a vencer al conjunto colegial  para alcanzar una mejor posici\u00f3n en la tabla.<\/p>\n\n\n\n<p>A la misma hora, Ushuaia Rugby Club recibe en su casa del barrio R\u00edo Pipo al  R\u00edo Grande RHC. El \u00abTricolor\u00bb tiene el desaf\u00edo de recuperarse de la derrota en el cl\u00e1sico que dominaba, pero sobre el final, \u00c1guilas sac\u00f3 chapa y se volvi\u00f3 a quedar con los puntos.&nbsp;<\/p>\n\n\n\n<p>Por el lado del \u00abVerde\u00bb, el objetivo es como m\u00ednimo mantener los buenos minutos de juego que supieron desplegar en el clasico contra \u00abUni\u00bb, y de esta forma, tener su segunda victoria en el Torneo. Lo espera un duro Ushuaia.<\/p>\n\n\n\n<p>Llega un nuevo fin de semana de rugby que tendr\u00e1 una jornada reducida producto de la actividad de la Selecci\u00f3n Masculina y Femenina de la Uni\u00f3n Fueguina que se encuentran rumbo a Comodoro Rivadavia y Rawson respectivamente, para participar del Select 12 y del Regional de Selecciones de la UAR.<\/p>\n\n\n\n<figure class=\"wp-block-image size-large\"><a href=\"http:\/\/labestiadeportiva.com\/lbd\/wp-content\/uploads\/2023\/10\/IMG_20231021_1758282542-scaled.jpg\"><img loading=\"lazy\" width=\"1024\" height=\"586\" src=\"http:\/\/labestiadeportiva.com\/lbd\/wp-content\/uploads\/2023\/10\/IMG_20231021_1758282542-1024x586.jpg\" alt=\"\" class=\"wp-image-47641\" srcset=\"https:\/\/labestiadeportiva.com\/lbd\/wp-content\/uploads\/2023\/10\/IMG_20231021_1758282542-1024x586.jpg 1024w, https:\/\/labestiadeportiva.com\/lbd\/wp-content\/uploads\/2023\/10\/IMG_20231021_1758282542-300x172.jpg 300w, https:\/\/labestiadeportiva.com\/lbd\/wp-content\/uploads\/2023\/10\/IMG_20231021_1758282542-768x439.jpg 768w, https:\/\/labestiadeportiva.com\/lbd\/wp-content\/uploads\/2023\/10\/IMG_20231021_1758282542-1536x878.jpg 1536w, https:\/\/labestiadeportiva.com\/lbd\/wp-content\/uploads\/2023\/10\/IMG_20231021_1758282542-2048x1171.jpg 2048w, https:\/\/labestiadeportiva.com\/lbd\/wp-content\/uploads\/2023\/10\/IMG_20231021_1758282542-640x366.jpg 640w\" sizes=\"(max-width: 1024px) 100vw, 1024px\" \/><\/a><\/figure>\n<div class='epvc-post-count'><span class='epvc-eye'><\/span>  <span class=\"epvc-count\"> 1.309<\/span><span class='epvc-label'> veces le\u00edda<\/span><\/div>\n<div class=\"jwsharethis\">\nShare this: \n<br \/>\n<a href=\"mailto:?subject=Comienza%20la%20segunda%20vuelta%20del%20Clausura&amp;body=https%3A%2F%2Flabestiadeportiva.com%2Flbd%2Fcomienza-la-segunda-vuelta-del-clausura%2F\">\n<img src=\"https:\/\/labestiadeportiva.com\/lbd\/wp-content\/plugins\/jw-share-this\/email.png\" alt=\"Share this page via Email\" \/>\n<\/a>\n<a target=\"_blank\" href=\"http:\/\/www.stumbleupon.com\/submit?url=https%3A%2F%2Flabestiadeportiva.com%2Flbd%2Fcomienza-la-segunda-vuelta-del-clausura%2F&amp;title=Comienza+la+segunda+vuelta+del+Clausura\">\n<img src=\"https:\/\/labestiadeportiva.com\/lbd\/wp-content\/plugins\/jw-share-this\/su.png\" alt=\"Share this page via Stumble Upon\" \/>\n<\/a>\n<a target=\"_blank\" href=\"http:\/\/digg.com\/submit?url=https%3A%2F%2Flabestiadeportiva.com%2Flbd%2Fcomienza-la-segunda-vuelta-del-clausura%2F&amp;title=Comienza+la+segunda+vuelta+del+Clausura\">\n<img src=\"https:\/\/labestiadeportiva.com\/lbd\/wp-content\/plugins\/jw-share-this\/digg.png\" alt=\"Share this page via Digg this\" \/>\n<\/a>\n<a target=\"_blank\" href=\"http:\/\/www.facebook.com\/sharer.php?u=https%3A%2F%2Flabestiadeportiva.com%2Flbd%2Fcomienza-la-segunda-vuelta-del-clausura%2F&amp;t=Comienza+la+segunda+vuelta+del+Clausura\">\n<img src=\"https:\/\/labestiadeportiva.com\/lbd\/wp-content\/plugins\/jw-share-this\/fb.png\" alt=\"Share this page via Facebook\" \/>\n<\/a>\n<a target=\"_blank\" href=\"http:\/\/twitter.com\/intent\/tweet?text=I+like+https%3A%2F%2Flabestiadeportiva.com%2Flbd%2Fcomienza-la-segunda-vuelta-del-clausura%2F&amp;title=Comienza+la+segunda+vuelta+del+Clausura\">\n<img src=\"https:\/\/labestiadeportiva.com\/lbd\/wp-content\/plugins\/jw-share-this\/twitter.png\" alt=\"Share this page via Twitter\" \/>\n<\/a>\n<\/div>\n","protected":false},"excerpt":{"rendered":"<p>Luego del fin de semana de cl\u00e1sicos donde Las \u00c1guilas vencieron por 23 a 14 a Ushuaia, y R\u00edo Grande 20 a 5 a Club Universitario, este s\u00e1bado comenzar\u00e1 la segunda ronda del Torneo Clausura de la Uni\u00f3n de Rugby de Tierra del Fuego. 1.309 veces le\u00edda Share this:<\/p>\n","protected":false},"author":1,"featured_media":0,"comment_status":"open","ping_status":"open","sticky":false,"template":"","format":"standard","meta":[],"categories":[5,1,2461,4061],"tags":[83,107,1190],"_links":{"self":[{"href":"https:\/\/labestiadeportiva.com\/lbd\/wp-json\/wp\/v2\/posts\/47639"}],"collection":[{"href":"https:\/\/labestiadeportiva.com\/lbd\/wp-json\/wp\/v2\/posts"}],"about":[{"href":"https:\/\/labestiadeportiva.com\/lbd\/wp-json\/wp\/v2\/types\/post"}],"author":[{"embeddable":true,"href":"https:\/\/labestiadeportiva.com\/lbd\/wp-json\/wp\/v2\/users\/1"}],"replies":[{"embeddable":true,"href":"https:\/\/labestiadeportiva.com\/lbd\/wp-json\/wp\/v2\/comments?post=47639"}],"version-history":[{"count":2,"href":"https:\/\/labestiadeportiva.com\/lbd\/wp-json\/wp\/v2\/posts\/47639\/revisions"}],"predecessor-version":[{"id":47643,"href":"https:\/\/labestiadeportiva.com\/lbd\/wp-json\/wp\/v2\/posts\/47639\/revisions\/47643"}],"wp:attachment":[{"href":"https:\/\/labestiadeportiva.com\/lbd\/wp-json\/wp\/v2\/media?parent=47639"}],"wp:term":[{"taxonomy":"category","embeddable":true,"href":"https:\/\/labestiadeportiva.com\/lbd\/wp-json\/wp\/v2\/categories?post=47639"},{"taxonomy":"post_tag","embeddable":true,"href":"https:\/\/labestiadeportiva.com\/lbd\/wp-json\/wp\/v2\/tags?post=47639"}],"curies":[{"name":"wp","href":"https:\/\/api.w.org\/{rel}","templated":true}]}}