{"id":47644,"date":"2023-10-27T09:47:29","date_gmt":"2023-10-27T12:47:29","guid":{"rendered":"http:\/\/labestiadeportiva.com\/lbd\/?p=47644"},"modified":"2023-10-27T09:48:56","modified_gmt":"2023-10-27T12:48:56","slug":"experiencia-positiva-2","status":"publish","type":"post","link":"https:\/\/labestiadeportiva.com\/lbd\/experiencia-positiva-2\/","title":{"rendered":"Experiencia positiva"},"content":{"rendered":"\n<figure class=\"wp-block-image size-full is-resized\"><a href=\"http:\/\/labestiadeportiva.com\/lbd\/wp-content\/uploads\/2023\/10\/IMG-20231026-WA01253.jpg\"><img loading=\"lazy\" src=\"http:\/\/labestiadeportiva.com\/lbd\/wp-content\/uploads\/2023\/10\/IMG-20231026-WA01253.jpg\" alt=\"\" class=\"wp-image-47645\" width=\"416\" height=\"732\" srcset=\"https:\/\/labestiadeportiva.com\/lbd\/wp-content\/uploads\/2023\/10\/IMG-20231026-WA01253.jpg 501w, https:\/\/labestiadeportiva.com\/lbd\/wp-content\/uploads\/2023\/10\/IMG-20231026-WA01253-170x300.jpg 170w\" sizes=\"(max-width: 416px) 100vw, 416px\" \/><\/a><\/figure>\n\n\n\n<p>(Colaboraci\u00f3n Especial Dar\u00edo Ortiz desde CABA)<\/p>\n\n\n\n<p>El dia jueves finaliz\u00f3 la Concentracion Nacional Juvenil, organizada por la Union Argentina de Rugby en el CENARD capitalino. La ushuaiense Tiziana Casaccia fue parte de ella, la fueguina viajar\u00e1 este viernes hacia Rawson para sumarse al seleccionado provincial que disputar\u00e1 el Torneo Regional.<\/p>\n\n\n\n<!--more-->\n\n\n\n<figure class=\"wp-block-image size-full\"><a href=\"http:\/\/labestiadeportiva.com\/lbd\/wp-content\/uploads\/2023\/10\/IMG-20231026-WA01243.jpg\"><img loading=\"lazy\" width=\"666\" height=\"516\" src=\"http:\/\/labestiadeportiva.com\/lbd\/wp-content\/uploads\/2023\/10\/IMG-20231026-WA01243.jpg\" alt=\"\" class=\"wp-image-47647\" srcset=\"https:\/\/labestiadeportiva.com\/lbd\/wp-content\/uploads\/2023\/10\/IMG-20231026-WA01243.jpg 666w, https:\/\/labestiadeportiva.com\/lbd\/wp-content\/uploads\/2023\/10\/IMG-20231026-WA01243-300x232.jpg 300w, https:\/\/labestiadeportiva.com\/lbd\/wp-content\/uploads\/2023\/10\/IMG-20231026-WA01243-640x496.jpg 640w\" sizes=\"(max-width: 666px) 100vw, 666px\" \/><\/a><\/figure>\n\n\n\n<p>La Concentraci\u00f3n cont\u00f3 con 21 jugadoras de todo el pais quienes arribaron el lunes 23 a las instalaciones del Centro Nacional de Alto Rendimiento donde se alojaron y compartieron tres arduos dias de entrenamientos y testeos fisicos.<br><\/p>\n\n\n\n<p>Los est\u00edmulos dieron comienzo el dia martes a las 7 de la ma\u00f1ana, con una sesi\u00f3n activacion muscular, desayuno y trabajo en la pista de atletismo donde las jugadoras realizaron testeos de velocidad. <\/p>\n\n\n\n<p>Luego el grupo se traslad\u00f3 a la cancha principal del Club Ciudad de Buenos Aires, para efectuar trabajos de destrezas de tackle y movimientos defensivos. <\/p>\n\n\n\n<p>Almuerzo  y descanso, para efectuar una sesi\u00f3n de video relativo a lo trabajado en cancha, luego testeos de fuerza en el gimnasio del Cenard para mas tarde repetir trabajos en cancha donde se realizaron fueron movimientos ofensivos.<br><\/p>\n\n\n\n<p>El miercoles transcurri\u00f3 de igual forma, empezando la jornada muy temprano con activacion muscular, trabajos en el gimnasio y nuevamente movimientos defensivos en cancha. <\/p>\n\n\n\n<p>Ya por la tarde, los trabajos se centraron en tecnica de pase y movimientos ofensivos. Luego de esto se dieron por terminados los entrenamientos fisicos, tecnicos y tacticos donde las chicas descansaron hasta la ma\u00f1ana del jueves.<\/p>\n\n\n\n<p>La jornada comenz\u00f3 con el trabajo de la nutricionista del plantel quien teste\u00f3 a las jugadoras a fin de establecer algunos objetivos complementarios al desarrollo de cada una de ellas.<\/p>\n\n\n\n<p>La jugadora de Tierra del Fuego, Tiziana Casaccia, sufri\u00f3 un peque\u00f1o desgarro en uno de sus cu\u00e1driceps. A pesar de este percance fisico su temperamento y el trabajo incansable de la kinesiologa del planter hicieron que pudiera concluir de manera exitosa todas las jornadas programadas logrando una evaluacion positiva de parte del Cuerpo T\u00e9cnico del Seleccionado Nacional.<br><\/p>\n\n\n\n<p>Una vez concluida las actividades \u00abTizi\u00bb permaneci\u00f3 en la Ciudad Aut\u00f3noma de Buenos Aires, este viernes por la tarde viajar\u00e1 a la capital chubutense para incorporarse al seleccionado provincial juvenil, que ser\u00e1 parte del Torneo Regional que buscar\u00e1 este proximo fin de semana una plaza para el Seven de La Republica, que se disputar\u00e1 en el mes de diciembre en Parana, Entre R\u00edos.<\/p>\n\n\n\n<figure class=\"wp-block-image size-full\"><a href=\"http:\/\/labestiadeportiva.com\/lbd\/wp-content\/uploads\/2023\/10\/IMG-20231026-WA01223.jpg\"><img loading=\"lazy\" width=\"512\" height=\"886\" src=\"http:\/\/labestiadeportiva.com\/lbd\/wp-content\/uploads\/2023\/10\/IMG-20231026-WA01223.jpg\" alt=\"\" class=\"wp-image-47646\" srcset=\"https:\/\/labestiadeportiva.com\/lbd\/wp-content\/uploads\/2023\/10\/IMG-20231026-WA01223.jpg 512w, https:\/\/labestiadeportiva.com\/lbd\/wp-content\/uploads\/2023\/10\/IMG-20231026-WA01223-173x300.jpg 173w\" sizes=\"(max-width: 512px) 100vw, 512px\" \/><\/a><\/figure>\n<div class='epvc-post-count'><span class='epvc-eye'><\/span>  <span class=\"epvc-count\"> 1.483<\/span><span class='epvc-label'> veces le\u00edda<\/span><\/div>\n<div class=\"jwsharethis\">\nShare this: \n<br \/>\n<a href=\"mailto:?subject=Experiencia%20positiva&amp;body=https%3A%2F%2Flabestiadeportiva.com%2Flbd%2Fexperiencia-positiva-2%2F\">\n<img src=\"https:\/\/labestiadeportiva.com\/lbd\/wp-content\/plugins\/jw-share-this\/email.png\" alt=\"Share this page via Email\" \/>\n<\/a>\n<a target=\"_blank\" href=\"http:\/\/www.stumbleupon.com\/submit?url=https%3A%2F%2Flabestiadeportiva.com%2Flbd%2Fexperiencia-positiva-2%2F&amp;title=Experiencia+positiva\">\n<img src=\"https:\/\/labestiadeportiva.com\/lbd\/wp-content\/plugins\/jw-share-this\/su.png\" alt=\"Share this page via Stumble Upon\" \/>\n<\/a>\n<a target=\"_blank\" href=\"http:\/\/digg.com\/submit?url=https%3A%2F%2Flabestiadeportiva.com%2Flbd%2Fexperiencia-positiva-2%2F&amp;title=Experiencia+positiva\">\n<img src=\"https:\/\/labestiadeportiva.com\/lbd\/wp-content\/plugins\/jw-share-this\/digg.png\" alt=\"Share this page via Digg this\" \/>\n<\/a>\n<a target=\"_blank\" href=\"http:\/\/www.facebook.com\/sharer.php?u=https%3A%2F%2Flabestiadeportiva.com%2Flbd%2Fexperiencia-positiva-2%2F&amp;t=Experiencia+positiva\">\n<img src=\"https:\/\/labestiadeportiva.com\/lbd\/wp-content\/plugins\/jw-share-this\/fb.png\" alt=\"Share this page via Facebook\" \/>\n<\/a>\n<a target=\"_blank\" href=\"http:\/\/twitter.com\/intent\/tweet?text=I+like+https%3A%2F%2Flabestiadeportiva.com%2Flbd%2Fexperiencia-positiva-2%2F&amp;title=Experiencia+positiva\">\n<img src=\"https:\/\/labestiadeportiva.com\/lbd\/wp-content\/plugins\/jw-share-this\/twitter.png\" alt=\"Share this page via Twitter\" \/>\n<\/a>\n<\/div>\n","protected":false},"excerpt":{"rendered":"<p>(Colaboraci\u00f3n Especial Dar\u00edo Ortiz desde CABA) El dia jueves finaliz\u00f3 la Concentracion Nacional Juvenil, organizada por la Union Argentina de Rugby en el CENARD capitalino. La ushuaiense Tiziana Casaccia fue parte de ella, la fueguina viajar\u00e1 este viernes hacia Rawson para sumarse al seleccionado provincial que disputar\u00e1 el Torneo Regional. 1.483 veces le\u00edda Share this:<\/p>\n","protected":false},"author":1,"featured_media":0,"comment_status":"open","ping_status":"open","sticky":false,"template":"","format":"standard","meta":[],"categories":[5,6,1,3964,2461,3946],"tags":[5194,1162,83,3965,5193],"_links":{"self":[{"href":"https:\/\/labestiadeportiva.com\/lbd\/wp-json\/wp\/v2\/posts\/47644"}],"collection":[{"href":"https:\/\/labestiadeportiva.com\/lbd\/wp-json\/wp\/v2\/posts"}],"about":[{"href":"https:\/\/labestiadeportiva.com\/lbd\/wp-json\/wp\/v2\/types\/post"}],"author":[{"embeddable":true,"href":"https:\/\/labestiadeportiva.com\/lbd\/wp-json\/wp\/v2\/users\/1"}],"replies":[{"embeddable":true,"href":"https:\/\/labestiadeportiva.com\/lbd\/wp-json\/wp\/v2\/comments?post=47644"}],"version-history":[{"count":2,"href":"https:\/\/labestiadeportiva.com\/lbd\/wp-json\/wp\/v2\/posts\/47644\/revisions"}],"predecessor-version":[{"id":47649,"href":"https:\/\/labestiadeportiva.com\/lbd\/wp-json\/wp\/v2\/posts\/47644\/revisions\/47649"}],"wp:attachment":[{"href":"https:\/\/labestiadeportiva.com\/lbd\/wp-json\/wp\/v2\/media?parent=47644"}],"wp:term":[{"taxonomy":"category","embeddable":true,"href":"https:\/\/labestiadeportiva.com\/lbd\/wp-json\/wp\/v2\/categories?post=47644"},{"taxonomy":"post_tag","embeddable":true,"href":"https:\/\/labestiadeportiva.com\/lbd\/wp-json\/wp\/v2\/tags?post=47644"}],"curies":[{"name":"wp","href":"https:\/\/api.w.org\/{rel}","templated":true}]}}