{"id":47695,"date":"2023-11-01T21:31:26","date_gmt":"2023-11-02T00:31:26","guid":{"rendered":"http:\/\/labestiadeportiva.com\/lbd\/?p=47695"},"modified":"2023-11-01T21:31:28","modified_gmt":"2023-11-02T00:31:28","slug":"habemus-presidenta-audio","status":"publish","type":"post","link":"https:\/\/labestiadeportiva.com\/lbd\/habemus-presidenta-audio\/","title":{"rendered":"Habemus Presidenta (Audio)"},"content":{"rendered":"\n<figure class=\"wp-block-image size-full\"><a href=\"http:\/\/labestiadeportiva.com\/lbd\/wp-content\/uploads\/2023\/11\/IMG-20231101-WA01553.jpg\"><img loading=\"lazy\" width=\"798\" height=\"874\" src=\"http:\/\/labestiadeportiva.com\/lbd\/wp-content\/uploads\/2023\/11\/IMG-20231101-WA01553.jpg\" alt=\"\" class=\"wp-image-47696\" srcset=\"https:\/\/labestiadeportiva.com\/lbd\/wp-content\/uploads\/2023\/11\/IMG-20231101-WA01553.jpg 798w, https:\/\/labestiadeportiva.com\/lbd\/wp-content\/uploads\/2023\/11\/IMG-20231101-WA01553-274x300.jpg 274w, https:\/\/labestiadeportiva.com\/lbd\/wp-content\/uploads\/2023\/11\/IMG-20231101-WA01553-768x841.jpg 768w, https:\/\/labestiadeportiva.com\/lbd\/wp-content\/uploads\/2023\/11\/IMG-20231101-WA01553-640x701.jpg 640w\" sizes=\"(max-width: 798px) 100vw, 798px\" \/><\/a><\/figure>\n\n\n\n<figure class=\"wp-block-image size-full is-resized\"><a href=\"http:\/\/labestiadeportiva.com\/lbd\/wp-content\/uploads\/2022\/11\/CARA_PEREZ-2.jpg\"><img loading=\"lazy\" src=\"http:\/\/labestiadeportiva.com\/lbd\/wp-content\/uploads\/2022\/11\/CARA_PEREZ-2.jpg\" alt=\"\" class=\"wp-image-43576\" width=\"333\" height=\"68\" srcset=\"https:\/\/labestiadeportiva.com\/lbd\/wp-content\/uploads\/2022\/11\/CARA_PEREZ-2.jpg 600w, https:\/\/labestiadeportiva.com\/lbd\/wp-content\/uploads\/2022\/11\/CARA_PEREZ-2-300x62.jpg 300w\" sizes=\"(max-width: 333px) 100vw, 333px\" \/><\/a><\/figure>\n\n\n\n<p>Finalmente la Federaci\u00f3n de Hockey Pista TDF comenz\u00f3 su proceso de regularizaci\u00f3n. En la Asamblea realizada el pasado fin de semana en R\u00edo Grande Delia Fresone del club Uaken fue elegida como la nueva m\u00e1xima autoridad de la instituci\u00f3n.<\/p>\n\n\n\n<p>Cecilia Samaniego de Las \u00c1guilas ser\u00e1 la Vicepresidenta. En cuanto a la votaci\u00f3n realizada, sobre los nueve votos posibles, los cinco clubes del norte de la isla optaron por la dirigente de su ciudad mientras que los capitalinos hicieron lo propio con el ushuaiense Gabriel Torres.<\/p>\n\n\n\n<p>Desde LBD fuimos en busca de las primeras declaraciones de Fresone. Compartimos la entrevista lograda este mi\u00e9rcoles en la 94.1 FM del Sur.<\/p>\n\n\n\n<figure class=\"wp-block-image size-full\"><a href=\"http:\/\/labestiadeportiva.com\/lbd\/wp-content\/uploads\/2023\/11\/IMG-20231101-WA01083.jpg\"><img loading=\"lazy\" width=\"979\" height=\"763\" src=\"http:\/\/labestiadeportiva.com\/lbd\/wp-content\/uploads\/2023\/11\/IMG-20231101-WA01083.jpg\" alt=\"\" class=\"wp-image-47697\" srcset=\"https:\/\/labestiadeportiva.com\/lbd\/wp-content\/uploads\/2023\/11\/IMG-20231101-WA01083.jpg 979w, https:\/\/labestiadeportiva.com\/lbd\/wp-content\/uploads\/2023\/11\/IMG-20231101-WA01083-300x234.jpg 300w, https:\/\/labestiadeportiva.com\/lbd\/wp-content\/uploads\/2023\/11\/IMG-20231101-WA01083-768x599.jpg 768w, https:\/\/labestiadeportiva.com\/lbd\/wp-content\/uploads\/2023\/11\/IMG-20231101-WA01083-640x499.jpg 640w\" sizes=\"(max-width: 979px) 100vw, 979px\" \/><\/a><\/figure>\n\n\n\n<!--more-->\n\n\n\n<figure class=\"wp-block-embed is-type-video is-provider-youtube wp-block-embed-youtube wp-embed-aspect-4-3 wp-has-aspect-ratio\"><div class=\"wp-block-embed__wrapper\">\n<iframe loading=\"lazy\" title=\"Audio Delia Fresone\" width=\"474\" height=\"356\" src=\"https:\/\/www.youtube.com\/embed\/PDknZGIdDsA?feature=oembed\" frameborder=\"0\" allow=\"accelerometer; autoplay; clipboard-write; encrypted-media; gyroscope; picture-in-picture; web-share\" allowfullscreen><\/iframe>\n<\/div><\/figure>\n<div class='epvc-post-count'><span class='epvc-eye'><\/span>  <span class=\"epvc-count\"> 1.149<\/span><span class='epvc-label'> veces le\u00edda<\/span><\/div>\n<div class=\"jwsharethis\">\nShare this: \n<br \/>\n<a href=\"mailto:?subject=Habemus%20Presidenta%20%28Audio%29&amp;body=https%3A%2F%2Flabestiadeportiva.com%2Flbd%2Fhabemus-presidenta-audio%2F\">\n<img src=\"https:\/\/labestiadeportiva.com\/lbd\/wp-content\/plugins\/jw-share-this\/email.png\" alt=\"Share this page via Email\" \/>\n<\/a>\n<a target=\"_blank\" href=\"http:\/\/www.stumbleupon.com\/submit?url=https%3A%2F%2Flabestiadeportiva.com%2Flbd%2Fhabemus-presidenta-audio%2F&amp;title=Habemus+Presidenta+%28Audio%29\">\n<img src=\"https:\/\/labestiadeportiva.com\/lbd\/wp-content\/plugins\/jw-share-this\/su.png\" alt=\"Share this page via Stumble Upon\" \/>\n<\/a>\n<a target=\"_blank\" href=\"http:\/\/digg.com\/submit?url=https%3A%2F%2Flabestiadeportiva.com%2Flbd%2Fhabemus-presidenta-audio%2F&amp;title=Habemus+Presidenta+%28Audio%29\">\n<img src=\"https:\/\/labestiadeportiva.com\/lbd\/wp-content\/plugins\/jw-share-this\/digg.png\" alt=\"Share this page via Digg this\" \/>\n<\/a>\n<a target=\"_blank\" href=\"http:\/\/www.facebook.com\/sharer.php?u=https%3A%2F%2Flabestiadeportiva.com%2Flbd%2Fhabemus-presidenta-audio%2F&amp;t=Habemus+Presidenta+%28Audio%29\">\n<img src=\"https:\/\/labestiadeportiva.com\/lbd\/wp-content\/plugins\/jw-share-this\/fb.png\" alt=\"Share this page via Facebook\" \/>\n<\/a>\n<a target=\"_blank\" href=\"http:\/\/twitter.com\/intent\/tweet?text=I+like+https%3A%2F%2Flabestiadeportiva.com%2Flbd%2Fhabemus-presidenta-audio%2F&amp;title=Habemus+Presidenta+%28Audio%29\">\n<img src=\"https:\/\/labestiadeportiva.com\/lbd\/wp-content\/plugins\/jw-share-this\/twitter.png\" alt=\"Share this page via Twitter\" \/>\n<\/a>\n<\/div>\n","protected":false},"excerpt":{"rendered":"<p>Finalmente la Federaci\u00f3n de Hockey Pista TDF comenz\u00f3 su proceso de regularizaci\u00f3n. En la Asamblea realizada el pasado fin de semana en R\u00edo Grande Delia Fresone del club Uaken fue elegida como la nueva m\u00e1xima autoridad de la instituci\u00f3n. Cecilia Samaniego de Las \u00c1guilas ser\u00e1 la Vicepresidenta. En cuanto a la votaci\u00f3n realizada, sobre los &hellip; <a href=\"https:\/\/labestiadeportiva.com\/lbd\/habemus-presidenta-audio\/\" class=\"more-link\">Seguir leyendo <span class=\"screen-reader-text\">Habemus Presidenta (Audio)<\/span> <span class=\"meta-nav\">&rarr;<\/span><\/a><\/p>\n","protected":false},"author":1,"featured_media":0,"comment_status":"open","ping_status":"open","sticky":false,"template":"","format":"standard","meta":[],"categories":[5,60,2325,1],"tags":[4838,120,5200,32,83],"_links":{"self":[{"href":"https:\/\/labestiadeportiva.com\/lbd\/wp-json\/wp\/v2\/posts\/47695"}],"collection":[{"href":"https:\/\/labestiadeportiva.com\/lbd\/wp-json\/wp\/v2\/posts"}],"about":[{"href":"https:\/\/labestiadeportiva.com\/lbd\/wp-json\/wp\/v2\/types\/post"}],"author":[{"embeddable":true,"href":"https:\/\/labestiadeportiva.com\/lbd\/wp-json\/wp\/v2\/users\/1"}],"replies":[{"embeddable":true,"href":"https:\/\/labestiadeportiva.com\/lbd\/wp-json\/wp\/v2\/comments?post=47695"}],"version-history":[{"count":1,"href":"https:\/\/labestiadeportiva.com\/lbd\/wp-json\/wp\/v2\/posts\/47695\/revisions"}],"predecessor-version":[{"id":47698,"href":"https:\/\/labestiadeportiva.com\/lbd\/wp-json\/wp\/v2\/posts\/47695\/revisions\/47698"}],"wp:attachment":[{"href":"https:\/\/labestiadeportiva.com\/lbd\/wp-json\/wp\/v2\/media?parent=47695"}],"wp:term":[{"taxonomy":"category","embeddable":true,"href":"https:\/\/labestiadeportiva.com\/lbd\/wp-json\/wp\/v2\/categories?post=47695"},{"taxonomy":"post_tag","embeddable":true,"href":"https:\/\/labestiadeportiva.com\/lbd\/wp-json\/wp\/v2\/tags?post=47695"}],"curies":[{"name":"wp","href":"https:\/\/api.w.org\/{rel}","templated":true}]}}