{"id":47784,"date":"2023-11-15T18:24:24","date_gmt":"2023-11-15T21:24:24","guid":{"rendered":"http:\/\/labestiadeportiva.com\/lbd\/?p=47784"},"modified":"2023-11-15T18:24:25","modified_gmt":"2023-11-15T21:24:25","slug":"nacional-postergado-audio","status":"publish","type":"post","link":"https:\/\/labestiadeportiva.com\/lbd\/nacional-postergado-audio\/","title":{"rendered":"Nacional postergado (Audio)"},"content":{"rendered":"\n<figure class=\"wp-block-image size-large\"><a href=\"http:\/\/labestiadeportiva.com\/lbd\/wp-content\/uploads\/2023\/11\/Screenshot_20231115-1735232.png\"><img loading=\"lazy\" width=\"699\" height=\"1024\" src=\"http:\/\/labestiadeportiva.com\/lbd\/wp-content\/uploads\/2023\/11\/Screenshot_20231115-1735232-699x1024.png\" alt=\"\" class=\"wp-image-47785\" srcset=\"https:\/\/labestiadeportiva.com\/lbd\/wp-content\/uploads\/2023\/11\/Screenshot_20231115-1735232-699x1024.png 699w, https:\/\/labestiadeportiva.com\/lbd\/wp-content\/uploads\/2023\/11\/Screenshot_20231115-1735232-205x300.png 205w, https:\/\/labestiadeportiva.com\/lbd\/wp-content\/uploads\/2023\/11\/Screenshot_20231115-1735232-768x1125.png 768w, https:\/\/labestiadeportiva.com\/lbd\/wp-content\/uploads\/2023\/11\/Screenshot_20231115-1735232-1049x1536.png 1049w, https:\/\/labestiadeportiva.com\/lbd\/wp-content\/uploads\/2023\/11\/Screenshot_20231115-1735232-640x937.png 640w, https:\/\/labestiadeportiva.com\/lbd\/wp-content\/uploads\/2023\/11\/Screenshot_20231115-1735232.png 1080w\" sizes=\"(max-width: 699px) 100vw, 699px\" \/><\/a><\/figure>\n\n\n\n<figure class=\"wp-block-image size-full is-resized\"><a href=\"http:\/\/labestiadeportiva.com\/lbd\/wp-content\/uploads\/2022\/11\/CARA_PEREZ-2.jpg\"><img loading=\"lazy\" src=\"http:\/\/labestiadeportiva.com\/lbd\/wp-content\/uploads\/2022\/11\/CARA_PEREZ-2.jpg\" alt=\"\" class=\"wp-image-43576\" width=\"332\" height=\"68\" srcset=\"https:\/\/labestiadeportiva.com\/lbd\/wp-content\/uploads\/2022\/11\/CARA_PEREZ-2.jpg 600w, https:\/\/labestiadeportiva.com\/lbd\/wp-content\/uploads\/2022\/11\/CARA_PEREZ-2-300x62.jpg 300w\" sizes=\"(max-width: 332px) 100vw, 332px\" \/><\/a><\/figure>\n\n\n\n<p>A tan solo d\u00edas del comienzo,  con la Selecci\u00f3n local realizando sus \u00faltimos ensayos, ayer por la tarde noche el Consejo Federal de AFA inform\u00f3 que la competencia que iba a realizarse en R\u00edo Turbio qued\u00f3 postergada para el 2024.<\/p>\n\n\n\n<p>R\u00e1pidamente fuimos en busca de la palabra del Presidente de la Liga Ushuaiense, Marcelo Gonz\u00e1lez, quien brind\u00f3 los detalles. Compartimos la entrevista lograda este mi\u00e9rcoles en la 94.1 FM del Sur.<\/p>\n\n\n\n<!--more-->\n\n\n\n<figure class=\"wp-block-embed is-type-video is-provider-youtube wp-block-embed-youtube wp-embed-aspect-4-3 wp-has-aspect-ratio\"><div class=\"wp-block-embed__wrapper\">\n<iframe loading=\"lazy\" title=\"Audio Marcelo Gonz\u00e1lez\" width=\"474\" height=\"356\" src=\"https:\/\/www.youtube.com\/embed\/IOUussY9xnM?feature=oembed\" frameborder=\"0\" allow=\"accelerometer; autoplay; clipboard-write; encrypted-media; gyroscope; picture-in-picture; web-share\" allowfullscreen><\/iframe>\n<\/div><\/figure>\n<div class='epvc-post-count'><span class='epvc-eye'><\/span>  <span class=\"epvc-count\"> 1.727<\/span><span class='epvc-label'> veces le\u00edda<\/span><\/div>\n<div class=\"jwsharethis\">\nShare this: \n<br \/>\n<a href=\"mailto:?subject=Nacional%20postergado%20%28Audio%29&amp;body=https%3A%2F%2Flabestiadeportiva.com%2Flbd%2Fnacional-postergado-audio%2F\">\n<img src=\"https:\/\/labestiadeportiva.com\/lbd\/wp-content\/plugins\/jw-share-this\/email.png\" alt=\"Share this page via Email\" \/>\n<\/a>\n<a target=\"_blank\" href=\"http:\/\/www.stumbleupon.com\/submit?url=https%3A%2F%2Flabestiadeportiva.com%2Flbd%2Fnacional-postergado-audio%2F&amp;title=Nacional+postergado+%28Audio%29\">\n<img src=\"https:\/\/labestiadeportiva.com\/lbd\/wp-content\/plugins\/jw-share-this\/su.png\" alt=\"Share this page via Stumble Upon\" \/>\n<\/a>\n<a target=\"_blank\" href=\"http:\/\/digg.com\/submit?url=https%3A%2F%2Flabestiadeportiva.com%2Flbd%2Fnacional-postergado-audio%2F&amp;title=Nacional+postergado+%28Audio%29\">\n<img src=\"https:\/\/labestiadeportiva.com\/lbd\/wp-content\/plugins\/jw-share-this\/digg.png\" alt=\"Share this page via Digg this\" \/>\n<\/a>\n<a target=\"_blank\" href=\"http:\/\/www.facebook.com\/sharer.php?u=https%3A%2F%2Flabestiadeportiva.com%2Flbd%2Fnacional-postergado-audio%2F&amp;t=Nacional+postergado+%28Audio%29\">\n<img src=\"https:\/\/labestiadeportiva.com\/lbd\/wp-content\/plugins\/jw-share-this\/fb.png\" alt=\"Share this page via Facebook\" \/>\n<\/a>\n<a target=\"_blank\" href=\"http:\/\/twitter.com\/intent\/tweet?text=I+like+https%3A%2F%2Flabestiadeportiva.com%2Flbd%2Fnacional-postergado-audio%2F&amp;title=Nacional+postergado+%28Audio%29\">\n<img src=\"https:\/\/labestiadeportiva.com\/lbd\/wp-content\/plugins\/jw-share-this\/twitter.png\" alt=\"Share this page via Twitter\" \/>\n<\/a>\n<\/div>\n","protected":false},"excerpt":{"rendered":"<p>A tan solo d\u00edas del comienzo, con la Selecci\u00f3n local realizando sus \u00faltimos ensayos, ayer por la tarde noche el Consejo Federal de AFA inform\u00f3 que la competencia que iba a realizarse en R\u00edo Turbio qued\u00f3 postergada para el 2024. R\u00e1pidamente fuimos en busca de la palabra del Presidente de la Liga Ushuaiense, Marcelo Gonz\u00e1lez, &hellip; <a href=\"https:\/\/labestiadeportiva.com\/lbd\/nacional-postergado-audio\/\" class=\"more-link\">Seguir leyendo <span class=\"screen-reader-text\">Nacional postergado (Audio)<\/span> <span class=\"meta-nav\">&rarr;<\/span><\/a><\/p>\n","protected":false},"author":1,"featured_media":0,"comment_status":"open","ping_status":"open","sticky":false,"template":"","format":"standard","meta":[],"categories":[5,6,60,47,1],"tags":[4838,30,3851,48,1080,2582],"_links":{"self":[{"href":"https:\/\/labestiadeportiva.com\/lbd\/wp-json\/wp\/v2\/posts\/47784"}],"collection":[{"href":"https:\/\/labestiadeportiva.com\/lbd\/wp-json\/wp\/v2\/posts"}],"about":[{"href":"https:\/\/labestiadeportiva.com\/lbd\/wp-json\/wp\/v2\/types\/post"}],"author":[{"embeddable":true,"href":"https:\/\/labestiadeportiva.com\/lbd\/wp-json\/wp\/v2\/users\/1"}],"replies":[{"embeddable":true,"href":"https:\/\/labestiadeportiva.com\/lbd\/wp-json\/wp\/v2\/comments?post=47784"}],"version-history":[{"count":1,"href":"https:\/\/labestiadeportiva.com\/lbd\/wp-json\/wp\/v2\/posts\/47784\/revisions"}],"predecessor-version":[{"id":47786,"href":"https:\/\/labestiadeportiva.com\/lbd\/wp-json\/wp\/v2\/posts\/47784\/revisions\/47786"}],"wp:attachment":[{"href":"https:\/\/labestiadeportiva.com\/lbd\/wp-json\/wp\/v2\/media?parent=47784"}],"wp:term":[{"taxonomy":"category","embeddable":true,"href":"https:\/\/labestiadeportiva.com\/lbd\/wp-json\/wp\/v2\/categories?post=47784"},{"taxonomy":"post_tag","embeddable":true,"href":"https:\/\/labestiadeportiva.com\/lbd\/wp-json\/wp\/v2\/tags?post=47784"}],"curies":[{"name":"wp","href":"https:\/\/api.w.org\/{rel}","templated":true}]}}