{"id":48113,"date":"2023-12-13T14:51:21","date_gmt":"2023-12-13T17:51:21","guid":{"rendered":"http:\/\/labestiadeportiva.com\/lbd\/?p=48113"},"modified":"2023-12-13T14:51:23","modified_gmt":"2023-12-13T17:51:23","slug":"fue-un-fin-de-ano-tremendo-a-puro-padel-estamos-muy-contentos-audio","status":"publish","type":"post","link":"https:\/\/labestiadeportiva.com\/lbd\/fue-un-fin-de-ano-tremendo-a-puro-padel-estamos-muy-contentos-audio\/","title":{"rendered":"\u00abFue un fin de a\u00f1o tremendo, a puro padel, estamos muy contentos\u00bb (Audio)"},"content":{"rendered":"\n<figure class=\"wp-block-image size-large\"><a href=\"http:\/\/labestiadeportiva.com\/lbd\/wp-content\/uploads\/2023\/12\/1000128756-scaled.jpg\"><img loading=\"lazy\" width=\"1024\" height=\"491\" src=\"http:\/\/labestiadeportiva.com\/lbd\/wp-content\/uploads\/2023\/12\/1000128756-1024x491.jpg\" alt=\"\" class=\"wp-image-48114\" srcset=\"https:\/\/labestiadeportiva.com\/lbd\/wp-content\/uploads\/2023\/12\/1000128756-1024x491.jpg 1024w, https:\/\/labestiadeportiva.com\/lbd\/wp-content\/uploads\/2023\/12\/1000128756-300x144.jpg 300w, https:\/\/labestiadeportiva.com\/lbd\/wp-content\/uploads\/2023\/12\/1000128756-768x368.jpg 768w, https:\/\/labestiadeportiva.com\/lbd\/wp-content\/uploads\/2023\/12\/1000128756-1536x737.jpg 1536w, https:\/\/labestiadeportiva.com\/lbd\/wp-content\/uploads\/2023\/12\/1000128756-2048x982.jpg 2048w, https:\/\/labestiadeportiva.com\/lbd\/wp-content\/uploads\/2023\/12\/1000128756-640x307.jpg 640w\" sizes=\"(max-width: 1024px) 100vw, 1024px\" \/><\/a><\/figure>\n\n\n\n<figure class=\"wp-block-image size-full is-resized\"><a href=\"http:\/\/labestiadeportiva.com\/lbd\/wp-content\/uploads\/2022\/11\/CARA_PEREZ-2.jpg\"><img loading=\"lazy\" src=\"http:\/\/labestiadeportiva.com\/lbd\/wp-content\/uploads\/2022\/11\/CARA_PEREZ-2.jpg\" alt=\"\" class=\"wp-image-43576\" width=\"387\" height=\"79\" srcset=\"https:\/\/labestiadeportiva.com\/lbd\/wp-content\/uploads\/2022\/11\/CARA_PEREZ-2.jpg 600w, https:\/\/labestiadeportiva.com\/lbd\/wp-content\/uploads\/2022\/11\/CARA_PEREZ-2-300x62.jpg 300w\" sizes=\"(max-width: 387px) 100vw, 387px\" \/><\/a><\/figure>\n\n\n\n<p>El pasado fin de semana finaliz\u00f3 el Provincial de la disciplina. Cierre de temporada con saldo altamente positivo.<\/p>\n\n\n\n<p>En cuanto al regreso de la competencia, que finaliz\u00f3 este 2023 con victoria de R\u00edo Grande sobre Ushuaia por 39 a 33, fuimos en busca de la palabra del capit\u00e1n r\u00edograndense.<\/p>\n\n\n\n<p>Julio C\u00e9sar \u00abPopone\u00bb Andrade analiz\u00f3 el torneo, el a\u00f1o competitivo y lo que vendr\u00e1 en 2024.<\/p>\n\n\n\n<p>Compartimos la entrevista lograda este mi\u00e9rcoles en la 99.9 Radio Provincia.<\/p>\n\n\n\n<!--more-->\n\n\n\n<figure class=\"wp-block-embed is-type-video is-provider-youtube wp-block-embed-youtube wp-embed-aspect-4-3 wp-has-aspect-ratio\"><div class=\"wp-block-embed__wrapper\">\n<iframe loading=\"lazy\" title=\"Audio Julio C\u00e9sar &quot;Popone&quot; Andrade\" width=\"474\" height=\"356\" src=\"https:\/\/www.youtube.com\/embed\/rTJENE-rryM?feature=oembed\" frameborder=\"0\" allow=\"accelerometer; autoplay; clipboard-write; encrypted-media; gyroscope; picture-in-picture; web-share\" allowfullscreen><\/iframe>\n<\/div><\/figure>\n<div class='epvc-post-count'><span class='epvc-eye'><\/span>  <span class=\"epvc-count\"> 2.325<\/span><span class='epvc-label'> veces le\u00edda<\/span><\/div>\n<div class=\"jwsharethis\">\nShare this: \n<br \/>\n<a href=\"mailto:?subject=%C2%ABFue%20un%20fin%20de%20a%C3%B1o%20tremendo%2C%20a%20puro%20padel%2C%20estamos%20muy%20contentos%C2%BB%20%28Audio%29&amp;body=https%3A%2F%2Flabestiadeportiva.com%2Flbd%2Ffue-un-fin-de-ano-tremendo-a-puro-padel-estamos-muy-contentos-audio%2F\">\n<img src=\"https:\/\/labestiadeportiva.com\/lbd\/wp-content\/plugins\/jw-share-this\/email.png\" alt=\"Share this page via Email\" \/>\n<\/a>\n<a target=\"_blank\" href=\"http:\/\/www.stumbleupon.com\/submit?url=https%3A%2F%2Flabestiadeportiva.com%2Flbd%2Ffue-un-fin-de-ano-tremendo-a-puro-padel-estamos-muy-contentos-audio%2F&amp;title=%C2%ABFue+un+fin+de+a%C3%B1o+tremendo%2C+a+puro+padel%2C+estamos+muy+contentos%C2%BB+%28Audio%29\">\n<img src=\"https:\/\/labestiadeportiva.com\/lbd\/wp-content\/plugins\/jw-share-this\/su.png\" alt=\"Share this page via Stumble Upon\" \/>\n<\/a>\n<a target=\"_blank\" href=\"http:\/\/digg.com\/submit?url=https%3A%2F%2Flabestiadeportiva.com%2Flbd%2Ffue-un-fin-de-ano-tremendo-a-puro-padel-estamos-muy-contentos-audio%2F&amp;title=%C2%ABFue+un+fin+de+a%C3%B1o+tremendo%2C+a+puro+padel%2C+estamos+muy+contentos%C2%BB+%28Audio%29\">\n<img src=\"https:\/\/labestiadeportiva.com\/lbd\/wp-content\/plugins\/jw-share-this\/digg.png\" alt=\"Share this page via Digg this\" \/>\n<\/a>\n<a target=\"_blank\" href=\"http:\/\/www.facebook.com\/sharer.php?u=https%3A%2F%2Flabestiadeportiva.com%2Flbd%2Ffue-un-fin-de-ano-tremendo-a-puro-padel-estamos-muy-contentos-audio%2F&amp;t=%C2%ABFue+un+fin+de+a%C3%B1o+tremendo%2C+a+puro+padel%2C+estamos+muy+contentos%C2%BB+%28Audio%29\">\n<img src=\"https:\/\/labestiadeportiva.com\/lbd\/wp-content\/plugins\/jw-share-this\/fb.png\" alt=\"Share this page via Facebook\" \/>\n<\/a>\n<a target=\"_blank\" href=\"http:\/\/twitter.com\/intent\/tweet?text=I+like+https%3A%2F%2Flabestiadeportiva.com%2Flbd%2Ffue-un-fin-de-ano-tremendo-a-puro-padel-estamos-muy-contentos-audio%2F&amp;title=%C2%ABFue+un+fin+de+a%C3%B1o+tremendo%2C+a+puro+padel%2C+estamos+muy+contentos%C2%BB+%28Audio%29\">\n<img src=\"https:\/\/labestiadeportiva.com\/lbd\/wp-content\/plugins\/jw-share-this\/twitter.png\" alt=\"Share this page via Twitter\" \/>\n<\/a>\n<\/div>\n","protected":false},"excerpt":{"rendered":"<p>El pasado fin de semana finaliz\u00f3 el Provincial de la disciplina. Cierre de temporada con saldo altamente positivo. En cuanto al regreso de la competencia, que finaliz\u00f3 este 2023 con victoria de R\u00edo Grande sobre Ushuaia por 39 a 33, fuimos en busca de la palabra del capit\u00e1n r\u00edograndense. Julio C\u00e9sar \u00abPopone\u00bb Andrade analiz\u00f3 el &hellip; <a href=\"https:\/\/labestiadeportiva.com\/lbd\/fue-un-fin-de-ano-tremendo-a-puro-padel-estamos-muy-contentos-audio\/\" class=\"more-link\">Seguir leyendo <span class=\"screen-reader-text\">\u00abFue un fin de a\u00f1o tremendo, a puro padel, estamos muy contentos\u00bb (Audio)<\/span> <span class=\"meta-nav\">&rarr;<\/span><\/a><\/p>\n","protected":false},"author":1,"featured_media":0,"comment_status":"open","ping_status":"open","sticky":false,"template":"","format":"standard","meta":[],"categories":[5,60,1,2424],"tags":[5228,4838,83,5061,165],"_links":{"self":[{"href":"https:\/\/labestiadeportiva.com\/lbd\/wp-json\/wp\/v2\/posts\/48113"}],"collection":[{"href":"https:\/\/labestiadeportiva.com\/lbd\/wp-json\/wp\/v2\/posts"}],"about":[{"href":"https:\/\/labestiadeportiva.com\/lbd\/wp-json\/wp\/v2\/types\/post"}],"author":[{"embeddable":true,"href":"https:\/\/labestiadeportiva.com\/lbd\/wp-json\/wp\/v2\/users\/1"}],"replies":[{"embeddable":true,"href":"https:\/\/labestiadeportiva.com\/lbd\/wp-json\/wp\/v2\/comments?post=48113"}],"version-history":[{"count":1,"href":"https:\/\/labestiadeportiva.com\/lbd\/wp-json\/wp\/v2\/posts\/48113\/revisions"}],"predecessor-version":[{"id":48115,"href":"https:\/\/labestiadeportiva.com\/lbd\/wp-json\/wp\/v2\/posts\/48113\/revisions\/48115"}],"wp:attachment":[{"href":"https:\/\/labestiadeportiva.com\/lbd\/wp-json\/wp\/v2\/media?parent=48113"}],"wp:term":[{"taxonomy":"category","embeddable":true,"href":"https:\/\/labestiadeportiva.com\/lbd\/wp-json\/wp\/v2\/categories?post=48113"},{"taxonomy":"post_tag","embeddable":true,"href":"https:\/\/labestiadeportiva.com\/lbd\/wp-json\/wp\/v2\/tags?post=48113"}],"curies":[{"name":"wp","href":"https:\/\/api.w.org\/{rel}","templated":true}]}}