{"id":4812,"date":"2013-06-04T22:09:01","date_gmt":"2013-06-04T22:09:01","guid":{"rendered":"http:\/\/labestiadeportiva.com\/lbd\/?p=4812"},"modified":"2013-06-04T22:09:01","modified_gmt":"2013-06-04T22:09:01","slug":"curso-para-arbitros-de-basquet","status":"publish","type":"post","link":"https:\/\/labestiadeportiva.com\/lbd\/curso-para-arbitros-de-basquet\/","title":{"rendered":"Curso para \u00e1rbitros de b\u00e1squet"},"content":{"rendered":"<p class=\"MsoNormal\"><a href=\"http:\/\/labestiadeportiva.com\/lbd\/wp-content\/uploads\/2013\/06\/Imagen-1654.jpg\"><img loading=\"lazy\" class=\"alignleft size-medium wp-image-4813\" title=\"Imagen 1654\" src=\"http:\/\/labestiadeportiva.com\/lbd\/wp-content\/uploads\/2013\/06\/Imagen-1654-300x276.jpg\" alt=\"\" width=\"300\" height=\"276\" srcset=\"https:\/\/labestiadeportiva.com\/lbd\/wp-content\/uploads\/2013\/06\/Imagen-1654-300x276.jpg 300w, https:\/\/labestiadeportiva.com\/lbd\/wp-content\/uploads\/2013\/06\/Imagen-1654.jpg 709w\" sizes=\"(max-width: 300px) 100vw, 300px\" \/><\/a>A partir de este mi\u00e9rcoles por la tarde se pondr\u00e1 en marcha la capacitaci\u00f3n arbitral a cargo del \u00e1rbitro nacional Fabi\u00e1n S\u00e1nchez. La actividad ser\u00e1 organizada en forma conjunta por la Federaci\u00f3n y la Secretar\u00eda de Deportes Provincial.<\/p>\n<p class=\"MsoNormal\">El escenario elegido ser\u00e1 el gimnasio Profesora Ana V. Gir\u00f3 del barrio 245 Viviendas donde a partir de las 18 horas de ma\u00f1ana mi\u00e9rcoles el conocido \u00e1rbitro Fabi\u00e1n S\u00e1nchez pondr\u00e1 en marcha la capacitaci\u00f3n que estar\u00e1 orientada a dirigir los segmentos formativos, primera y veteranos.<!--morePara leer Click Aqu\u00ed--><\/p>\n<p class=\"MsoNormal\">El curso ser\u00e1 gratuito y para todos los interesados, el mismo tendr\u00e1 una duraci\u00f3n de alrededor de dos meses. A partir de aqu\u00ed el est\u00edmulo se realizar\u00e1 todos los mi\u00e9rcoles de 18 a 19.30 horas.<\/p>\n<p class=\"MsoNormal\">Desde la Federaci\u00f3n de la disciplina se inform\u00f3 que en breve se realizar\u00e1 una actividad similar para quienes esten interesados en aprender los manejos de la Mesa de Control, planilla y cron\u00f3metro.<\/p>\n<div class='epvc-post-count'><span class='epvc-eye'><\/span>  <span class=\"epvc-count\"> 1.271<\/span><span class='epvc-label'> veces le\u00edda<\/span><\/div>\n<div class=\"jwsharethis\">\nShare this: \n<br \/>\n<a href=\"mailto:?subject=Curso%20para%20%C3%A1rbitros%20de%20b%C3%A1squet&amp;body=https%3A%2F%2Flabestiadeportiva.com%2Flbd%2Fcurso-para-arbitros-de-basquet%2F\">\n<img src=\"https:\/\/labestiadeportiva.com\/lbd\/wp-content\/plugins\/jw-share-this\/email.png\" alt=\"Share this page via Email\" \/>\n<\/a>\n<a target=\"_blank\" href=\"http:\/\/www.stumbleupon.com\/submit?url=https%3A%2F%2Flabestiadeportiva.com%2Flbd%2Fcurso-para-arbitros-de-basquet%2F&amp;title=Curso+para+%C3%A1rbitros+de+b%C3%A1squet\">\n<img src=\"https:\/\/labestiadeportiva.com\/lbd\/wp-content\/plugins\/jw-share-this\/su.png\" alt=\"Share this page via Stumble Upon\" \/>\n<\/a>\n<a target=\"_blank\" href=\"http:\/\/digg.com\/submit?url=https%3A%2F%2Flabestiadeportiva.com%2Flbd%2Fcurso-para-arbitros-de-basquet%2F&amp;title=Curso+para+%C3%A1rbitros+de+b%C3%A1squet\">\n<img src=\"https:\/\/labestiadeportiva.com\/lbd\/wp-content\/plugins\/jw-share-this\/digg.png\" alt=\"Share this page via Digg this\" \/>\n<\/a>\n<a target=\"_blank\" href=\"http:\/\/www.facebook.com\/sharer.php?u=https%3A%2F%2Flabestiadeportiva.com%2Flbd%2Fcurso-para-arbitros-de-basquet%2F&amp;t=Curso+para+%C3%A1rbitros+de+b%C3%A1squet\">\n<img src=\"https:\/\/labestiadeportiva.com\/lbd\/wp-content\/plugins\/jw-share-this\/fb.png\" alt=\"Share this page via Facebook\" \/>\n<\/a>\n<a target=\"_blank\" href=\"http:\/\/twitter.com\/intent\/tweet?text=I+like+https%3A%2F%2Flabestiadeportiva.com%2Flbd%2Fcurso-para-arbitros-de-basquet%2F&amp;title=Curso+para+%C3%A1rbitros+de+b%C3%A1squet\">\n<img src=\"https:\/\/labestiadeportiva.com\/lbd\/wp-content\/plugins\/jw-share-this\/twitter.png\" alt=\"Share this page via Twitter\" \/>\n<\/a>\n<\/div>\n","protected":false},"excerpt":{"rendered":"<p>A partir de este mi\u00e9rcoles por la tarde se pondr\u00e1 en marcha la capacitaci\u00f3n arbitral a cargo del \u00e1rbitro nacional Fabi\u00e1n S\u00e1nchez. La actividad ser\u00e1 organizada en forma conjunta por la Federaci\u00f3n y la Secretar\u00eda de Deportes Provincial. El escenario elegido ser\u00e1 el gimnasio Profesora Ana V. Gir\u00f3 del barrio 245 Viviendas donde a partir &hellip; <a href=\"https:\/\/labestiadeportiva.com\/lbd\/curso-para-arbitros-de-basquet\/\" class=\"more-link\">Seguir leyendo <span class=\"screen-reader-text\">Curso para \u00e1rbitros de b\u00e1squet<\/span> <span class=\"meta-nav\">&rarr;<\/span><\/a><\/p>\n","protected":false},"author":1,"featured_media":4813,"comment_status":"open","ping_status":"open","sticky":false,"template":"","format":"standard","meta":[],"categories":[5,1],"tags":[171,647,648],"_links":{"self":[{"href":"https:\/\/labestiadeportiva.com\/lbd\/wp-json\/wp\/v2\/posts\/4812"}],"collection":[{"href":"https:\/\/labestiadeportiva.com\/lbd\/wp-json\/wp\/v2\/posts"}],"about":[{"href":"https:\/\/labestiadeportiva.com\/lbd\/wp-json\/wp\/v2\/types\/post"}],"author":[{"embeddable":true,"href":"https:\/\/labestiadeportiva.com\/lbd\/wp-json\/wp\/v2\/users\/1"}],"replies":[{"embeddable":true,"href":"https:\/\/labestiadeportiva.com\/lbd\/wp-json\/wp\/v2\/comments?post=4812"}],"version-history":[{"count":1,"href":"https:\/\/labestiadeportiva.com\/lbd\/wp-json\/wp\/v2\/posts\/4812\/revisions"}],"predecessor-version":[{"id":4814,"href":"https:\/\/labestiadeportiva.com\/lbd\/wp-json\/wp\/v2\/posts\/4812\/revisions\/4814"}],"wp:featuredmedia":[{"embeddable":true,"href":"https:\/\/labestiadeportiva.com\/lbd\/wp-json\/wp\/v2\/media\/4813"}],"wp:attachment":[{"href":"https:\/\/labestiadeportiva.com\/lbd\/wp-json\/wp\/v2\/media?parent=4812"}],"wp:term":[{"taxonomy":"category","embeddable":true,"href":"https:\/\/labestiadeportiva.com\/lbd\/wp-json\/wp\/v2\/categories?post=4812"},{"taxonomy":"post_tag","embeddable":true,"href":"https:\/\/labestiadeportiva.com\/lbd\/wp-json\/wp\/v2\/tags?post=4812"}],"curies":[{"name":"wp","href":"https:\/\/api.w.org\/{rel}","templated":true}]}}