{"id":4823,"date":"2013-06-05T20:28:38","date_gmt":"2013-06-05T20:28:38","guid":{"rendered":"http:\/\/labestiadeportiva.com\/lbd\/?p=4823"},"modified":"2013-06-05T20:30:13","modified_gmt":"2013-06-05T20:30:13","slug":"por-la-segunda","status":"publish","type":"post","link":"https:\/\/labestiadeportiva.com\/lbd\/por-la-segunda\/","title":{"rendered":"Por la segunda"},"content":{"rendered":"<p class=\"MsoNormal\" style=\"margin-bottom: .0001pt;\"><a href=\"http:\/\/labestiadeportiva.com\/lbd\/wp-content\/uploads\/2013\/06\/Garro-3.jpg\"><img loading=\"lazy\" class=\"alignleft size-medium wp-image-4824\" title=\"Garro (3)\" src=\"http:\/\/labestiadeportiva.com\/lbd\/wp-content\/uploads\/2013\/06\/Garro-3-300x188.jpg\" alt=\"\" width=\"300\" height=\"188\" srcset=\"https:\/\/labestiadeportiva.com\/lbd\/wp-content\/uploads\/2013\/06\/Garro-3-300x188.jpg 300w, https:\/\/labestiadeportiva.com\/lbd\/wp-content\/uploads\/2013\/06\/Garro-3.jpg 640w\" sizes=\"(max-width: 300px) 100vw, 300px\" \/><\/a>Tras haberse adjudicado la 2\u00ba fecha de la temporada en el \u201cRoberto Mouras\u201d el piloto fueguino Lucas Garro regresa al trazado platense con el objetivo de sumar fuerte y mantenerse en la punta del campeonato. Fuente y foto prensa Lucas Garro.<\/p>\n<p class=\"MsoNormal\" style=\"margin-bottom: .0001pt;\">El pr\u00f3ximo domingo 9 de Junio se estar\u00e1 desarrollando la final de la quinta fecha del Turismo Pista Clase 2 sobre la variante larga sin chicana del aut\u00f3dromo \u201cRoberto Mouras\u201d de La Plata donde Lucas Garro, piloto de Ushuaia, Tierra del Fuego, estar\u00e1 compitiendo con el Fiat Uno N\u00b0 8 que es atendido \u00edntegramente por Dacal Racing.<!--morePara leer Click Aqu\u00ed--><\/p>\n<p class=\"MsoNormal\" style=\"margin-bottom: .0001pt;\">Durante este impasse luego de Buenos Aires el equipo comandado por Osvaldo Dacal realiz\u00f3 trabajos en la unidad para seguir afinando el rendimiento. Se controlaron los amortiguadores, se hicieron modificaciones en la selectora, se arregl\u00f3 el motor, se llev\u00f3 a cabo el service de rutina, se cambiaron las \u00f3pticas y se balancearon los pesos retirando el lastre pertinente por la deserci\u00f3n en el G\u00e1lvez.<\/p>\n<p class=\"MsoNormal\" style=\"margin-bottom: .0001pt;\">M\u00e1s all\u00e1 de eso Garro se mantiene como puntero de la divisional menor aunque con una ventaja corta respecto a sus escoltas. Sin embargo, en declaraciones se mostr\u00f3 confiado de cara a lo que puede suceder: <span style=\"color: #0000ff;\">\u201cVamos a salir a buscar puntos gordos, sumar fuerte y defender la punta. Luego si no podemos ganar, la idea sigue siendo finalizar delante de los que luchan el campeonato\u201d.<\/span><\/p>\n<p class=\"MsoNormal\" style=\"margin-bottom: .0001pt;\">La actividad comenzar\u00e1 el pr\u00f3ximo viernes con tres tandas de ensayos extraoficiales, a las 09:00, 11:05 y 14:00 horas. El S\u00e1bado 8 se realizar\u00e1 la clasificaci\u00f3n a las 09:35 horas mientras que las tres series se largar\u00e1n a las 13:40, 14:00 y 14:20 horas, respectivamente, a 6 giros cada una. En tanto, el Domingo se disputar\u00e1 la final desde las 11:05 horas a 15 vueltas o 35 minutos de duraci\u00f3n, con el aliciente de que ser\u00e1 transmitida en vivo y en directo por Canal 13 a trav\u00e9s del equipo t\u00e9cnico de Carburando.<\/p>\n<p class=\"MsoNormal\" style=\"margin-bottom: .0001pt;\">Lucas Garro y equipo agradecen a sus sponsors: Carbess, Club Lasserre, Concesionario LASAC, Constru Sec, Con Vial Fue SA, Cosmos, El Diario del Fin del Mundo, Insumos Industriales, Polirrubro Fede, Promat SRL, PVC Dise\u00f1o, Sartini Gas, Sky Glass y Tierra Fueguina SRL. Asimismo, a toda la gente de Tierra del Fuego, familia, amigos y a Dacal Racing por el auto que entrega en pista.<\/p>\n<p class=\"MsoNormal\" style=\"margin-bottom: .0001pt;\"><span style=\"color: #993300;\">Campeonato Turismo Pista Clase 2<\/span>:<span style=\"color: #ff0000;\"> 1\u00ba Garro 79<\/span>; 2\u00ba Cruzado 75; <span style=\"color: #0000ff;\">3\u00ba Yerobi 74<\/span>; 4\u00ba Lastau 68 y 5\u00ba Evolo 59.<\/p>\n<div class='epvc-post-count'><span class='epvc-eye'><\/span>  <span class=\"epvc-count\"> 932<\/span><span class='epvc-label'> veces le\u00edda<\/span><\/div>\n<div class=\"jwsharethis\">\nShare this: \n<br \/>\n<a href=\"mailto:?subject=Por%20la%20segunda&amp;body=https%3A%2F%2Flabestiadeportiva.com%2Flbd%2Fpor-la-segunda%2F\">\n<img src=\"https:\/\/labestiadeportiva.com\/lbd\/wp-content\/plugins\/jw-share-this\/email.png\" alt=\"Share this page via Email\" \/>\n<\/a>\n<a target=\"_blank\" href=\"http:\/\/www.stumbleupon.com\/submit?url=https%3A%2F%2Flabestiadeportiva.com%2Flbd%2Fpor-la-segunda%2F&amp;title=Por+la+segunda\">\n<img src=\"https:\/\/labestiadeportiva.com\/lbd\/wp-content\/plugins\/jw-share-this\/su.png\" alt=\"Share this page via Stumble Upon\" \/>\n<\/a>\n<a target=\"_blank\" href=\"http:\/\/digg.com\/submit?url=https%3A%2F%2Flabestiadeportiva.com%2Flbd%2Fpor-la-segunda%2F&amp;title=Por+la+segunda\">\n<img src=\"https:\/\/labestiadeportiva.com\/lbd\/wp-content\/plugins\/jw-share-this\/digg.png\" alt=\"Share this page via Digg this\" \/>\n<\/a>\n<a target=\"_blank\" href=\"http:\/\/www.facebook.com\/sharer.php?u=https%3A%2F%2Flabestiadeportiva.com%2Flbd%2Fpor-la-segunda%2F&amp;t=Por+la+segunda\">\n<img src=\"https:\/\/labestiadeportiva.com\/lbd\/wp-content\/plugins\/jw-share-this\/fb.png\" alt=\"Share this page via Facebook\" \/>\n<\/a>\n<a target=\"_blank\" href=\"http:\/\/twitter.com\/intent\/tweet?text=I+like+https%3A%2F%2Flabestiadeportiva.com%2Flbd%2Fpor-la-segunda%2F&amp;title=Por+la+segunda\">\n<img src=\"https:\/\/labestiadeportiva.com\/lbd\/wp-content\/plugins\/jw-share-this\/twitter.png\" alt=\"Share this page via Twitter\" \/>\n<\/a>\n<\/div>\n","protected":false},"excerpt":{"rendered":"<p>Tras haberse adjudicado la 2\u00ba fecha de la temporada en el \u201cRoberto Mouras\u201d el piloto fueguino Lucas Garro regresa al trazado platense con el objetivo de sumar fuerte y mantenerse en la punta del campeonato. Fuente y foto prensa Lucas Garro. El pr\u00f3ximo domingo 9 de Junio se estar\u00e1 desarrollando la final de la quinta &hellip; <a href=\"https:\/\/labestiadeportiva.com\/lbd\/por-la-segunda\/\" class=\"more-link\">Seguir leyendo <span class=\"screen-reader-text\">Por la segunda<\/span> <span class=\"meta-nav\">&rarr;<\/span><\/a><\/p>\n","protected":false},"author":1,"featured_media":4824,"comment_status":"open","ping_status":"open","sticky":false,"template":"","format":"standard","meta":[],"categories":[5,6,1],"tags":[524,151,525],"_links":{"self":[{"href":"https:\/\/labestiadeportiva.com\/lbd\/wp-json\/wp\/v2\/posts\/4823"}],"collection":[{"href":"https:\/\/labestiadeportiva.com\/lbd\/wp-json\/wp\/v2\/posts"}],"about":[{"href":"https:\/\/labestiadeportiva.com\/lbd\/wp-json\/wp\/v2\/types\/post"}],"author":[{"embeddable":true,"href":"https:\/\/labestiadeportiva.com\/lbd\/wp-json\/wp\/v2\/users\/1"}],"replies":[{"embeddable":true,"href":"https:\/\/labestiadeportiva.com\/lbd\/wp-json\/wp\/v2\/comments?post=4823"}],"version-history":[{"count":3,"href":"https:\/\/labestiadeportiva.com\/lbd\/wp-json\/wp\/v2\/posts\/4823\/revisions"}],"predecessor-version":[{"id":4826,"href":"https:\/\/labestiadeportiva.com\/lbd\/wp-json\/wp\/v2\/posts\/4823\/revisions\/4826"}],"wp:featuredmedia":[{"embeddable":true,"href":"https:\/\/labestiadeportiva.com\/lbd\/wp-json\/wp\/v2\/media\/4824"}],"wp:attachment":[{"href":"https:\/\/labestiadeportiva.com\/lbd\/wp-json\/wp\/v2\/media?parent=4823"}],"wp:term":[{"taxonomy":"category","embeddable":true,"href":"https:\/\/labestiadeportiva.com\/lbd\/wp-json\/wp\/v2\/categories?post=4823"},{"taxonomy":"post_tag","embeddable":true,"href":"https:\/\/labestiadeportiva.com\/lbd\/wp-json\/wp\/v2\/tags?post=4823"}],"curies":[{"name":"wp","href":"https:\/\/api.w.org\/{rel}","templated":true}]}}