{"id":48280,"date":"2024-01-09T23:15:35","date_gmt":"2024-01-10T02:15:35","guid":{"rendered":"http:\/\/labestiadeportiva.com\/lbd\/?p=48280"},"modified":"2024-01-09T23:33:14","modified_gmt":"2024-01-10T02:33:14","slug":"clinicas-y-regreso-al-continente-audio","status":"publish","type":"post","link":"https:\/\/labestiadeportiva.com\/lbd\/clinicas-y-regreso-al-continente-audio\/","title":{"rendered":"Charlas abiertas y regreso al continente (Audio)"},"content":{"rendered":"\n<figure class=\"wp-block-image size-full\"><a href=\"http:\/\/labestiadeportiva.com\/lbd\/wp-content\/uploads\/2024\/01\/1000144301.jpg\"><img loading=\"lazy\" width=\"1024\" height=\"684\" src=\"http:\/\/labestiadeportiva.com\/lbd\/wp-content\/uploads\/2024\/01\/1000144301.jpg\" alt=\"\" class=\"wp-image-48289\" srcset=\"https:\/\/labestiadeportiva.com\/lbd\/wp-content\/uploads\/2024\/01\/1000144301.jpg 1024w, https:\/\/labestiadeportiva.com\/lbd\/wp-content\/uploads\/2024\/01\/1000144301-300x200.jpg 300w, https:\/\/labestiadeportiva.com\/lbd\/wp-content\/uploads\/2024\/01\/1000144301-768x513.jpg 768w, https:\/\/labestiadeportiva.com\/lbd\/wp-content\/uploads\/2024\/01\/1000144301-640x428.jpg 640w\" sizes=\"(max-width: 1024px) 100vw, 1024px\" \/><\/a><\/figure>\n\n\n\n<figure class=\"wp-block-image size-full\"><a href=\"http:\/\/labestiadeportiva.com\/lbd\/wp-content\/uploads\/2022\/11\/CARA_PEREZ-2.jpg\"><img loading=\"lazy\" width=\"600\" height=\"124\" src=\"http:\/\/labestiadeportiva.com\/lbd\/wp-content\/uploads\/2022\/11\/CARA_PEREZ-2.jpg\" alt=\"\" class=\"wp-image-43576\" srcset=\"https:\/\/labestiadeportiva.com\/lbd\/wp-content\/uploads\/2022\/11\/CARA_PEREZ-2.jpg 600w, https:\/\/labestiadeportiva.com\/lbd\/wp-content\/uploads\/2022\/11\/CARA_PEREZ-2-300x62.jpg 300w\" sizes=\"(max-width: 600px) 100vw, 600px\" \/><\/a><\/figure>\n\n\n\n<p>El entrenador Mariano Maida concluy\u00f3 su paso por nuestra provincia. El ushuaiense realiz\u00f3 diferentes actividades durante su estad\u00eda de m\u00e1s de un mes. <\/p>\n\n\n\n<p>Entre sus \u00faltimas acciones se present\u00f3 en R\u00edo Grande y Ushuaia ante diferentes actores del deporte fueguino.<\/p>\n\n\n\n<p>Desde Radio Provincia logramos el balance del DT quien en las pr\u00f3ximas horas se pondr\u00e1 al frente de su nuevo equipo, Hebraica Futsal.<\/p>\n\n\n\n<!--more-->\n\n\n\n<figure class=\"wp-block-embed is-type-video is-provider-youtube wp-block-embed-youtube wp-embed-aspect-4-3 wp-has-aspect-ratio\"><div class=\"wp-block-embed__wrapper\">\n<iframe loading=\"lazy\" title=\"Audio Mariano Maida\" width=\"474\" height=\"356\" src=\"https:\/\/www.youtube.com\/embed\/lCx1Kgm9I_8?feature=oembed\" frameborder=\"0\" allow=\"accelerometer; autoplay; clipboard-write; encrypted-media; gyroscope; picture-in-picture; web-share\" allowfullscreen><\/iframe>\n<\/div><\/figure>\n<div class='epvc-post-count'><span class='epvc-eye'><\/span>  <span class=\"epvc-count\"> 1.062<\/span><span class='epvc-label'> veces le\u00edda<\/span><\/div>\n<div class=\"jwsharethis\">\nShare this: \n<br \/>\n<a href=\"mailto:?subject=Charlas%20abiertas%20y%20regreso%20al%20continente%20%28Audio%29&amp;body=https%3A%2F%2Flabestiadeportiva.com%2Flbd%2Fclinicas-y-regreso-al-continente-audio%2F\">\n<img src=\"https:\/\/labestiadeportiva.com\/lbd\/wp-content\/plugins\/jw-share-this\/email.png\" alt=\"Share this page via Email\" \/>\n<\/a>\n<a target=\"_blank\" href=\"http:\/\/www.stumbleupon.com\/submit?url=https%3A%2F%2Flabestiadeportiva.com%2Flbd%2Fclinicas-y-regreso-al-continente-audio%2F&amp;title=Charlas+abiertas+y+regreso+al+continente+%28Audio%29\">\n<img src=\"https:\/\/labestiadeportiva.com\/lbd\/wp-content\/plugins\/jw-share-this\/su.png\" alt=\"Share this page via Stumble Upon\" \/>\n<\/a>\n<a target=\"_blank\" href=\"http:\/\/digg.com\/submit?url=https%3A%2F%2Flabestiadeportiva.com%2Flbd%2Fclinicas-y-regreso-al-continente-audio%2F&amp;title=Charlas+abiertas+y+regreso+al+continente+%28Audio%29\">\n<img src=\"https:\/\/labestiadeportiva.com\/lbd\/wp-content\/plugins\/jw-share-this\/digg.png\" alt=\"Share this page via Digg this\" \/>\n<\/a>\n<a target=\"_blank\" href=\"http:\/\/www.facebook.com\/sharer.php?u=https%3A%2F%2Flabestiadeportiva.com%2Flbd%2Fclinicas-y-regreso-al-continente-audio%2F&amp;t=Charlas+abiertas+y+regreso+al+continente+%28Audio%29\">\n<img src=\"https:\/\/labestiadeportiva.com\/lbd\/wp-content\/plugins\/jw-share-this\/fb.png\" alt=\"Share this page via Facebook\" \/>\n<\/a>\n<a target=\"_blank\" href=\"http:\/\/twitter.com\/intent\/tweet?text=I+like+https%3A%2F%2Flabestiadeportiva.com%2Flbd%2Fclinicas-y-regreso-al-continente-audio%2F&amp;title=Charlas+abiertas+y+regreso+al+continente+%28Audio%29\">\n<img src=\"https:\/\/labestiadeportiva.com\/lbd\/wp-content\/plugins\/jw-share-this\/twitter.png\" alt=\"Share this page via Twitter\" \/>\n<\/a>\n<\/div>\n","protected":false},"excerpt":{"rendered":"<p>El entrenador Mariano Maida concluy\u00f3 su paso por nuestra provincia. El ushuaiense realiz\u00f3 diferentes actividades durante su estad\u00eda de m\u00e1s de un mes. Entre sus \u00faltimas acciones se present\u00f3 en R\u00edo Grande y Ushuaia ante diferentes actores del deporte fueguino. Desde Radio Provincia logramos el balance del DT quien en las pr\u00f3ximas horas se pondr\u00e1 &hellip; <a href=\"https:\/\/labestiadeportiva.com\/lbd\/clinicas-y-regreso-al-continente-audio\/\" class=\"more-link\">Seguir leyendo <span class=\"screen-reader-text\">Charlas abiertas y regreso al continente (Audio)<\/span> <span class=\"meta-nav\">&rarr;<\/span><\/a><\/p>\n","protected":false},"author":1,"featured_media":0,"comment_status":"open","ping_status":"open","sticky":false,"template":"","format":"standard","meta":[],"categories":[5,6,60,2343,1],"tags":[296,30,5244,83],"_links":{"self":[{"href":"https:\/\/labestiadeportiva.com\/lbd\/wp-json\/wp\/v2\/posts\/48280"}],"collection":[{"href":"https:\/\/labestiadeportiva.com\/lbd\/wp-json\/wp\/v2\/posts"}],"about":[{"href":"https:\/\/labestiadeportiva.com\/lbd\/wp-json\/wp\/v2\/types\/post"}],"author":[{"embeddable":true,"href":"https:\/\/labestiadeportiva.com\/lbd\/wp-json\/wp\/v2\/users\/1"}],"replies":[{"embeddable":true,"href":"https:\/\/labestiadeportiva.com\/lbd\/wp-json\/wp\/v2\/comments?post=48280"}],"version-history":[{"count":2,"href":"https:\/\/labestiadeportiva.com\/lbd\/wp-json\/wp\/v2\/posts\/48280\/revisions"}],"predecessor-version":[{"id":48291,"href":"https:\/\/labestiadeportiva.com\/lbd\/wp-json\/wp\/v2\/posts\/48280\/revisions\/48291"}],"wp:attachment":[{"href":"https:\/\/labestiadeportiva.com\/lbd\/wp-json\/wp\/v2\/media?parent=48280"}],"wp:term":[{"taxonomy":"category","embeddable":true,"href":"https:\/\/labestiadeportiva.com\/lbd\/wp-json\/wp\/v2\/categories?post=48280"},{"taxonomy":"post_tag","embeddable":true,"href":"https:\/\/labestiadeportiva.com\/lbd\/wp-json\/wp\/v2\/tags?post=48280"}],"curies":[{"name":"wp","href":"https:\/\/api.w.org\/{rel}","templated":true}]}}