{"id":48319,"date":"2024-01-13T11:07:37","date_gmt":"2024-01-13T14:07:37","guid":{"rendered":"http:\/\/labestiadeportiva.com\/lbd\/?p=48319"},"modified":"2024-01-13T11:19:42","modified_gmt":"2024-01-13T14:19:42","slug":"81-inscriptos-en-el-inicio","status":"publish","type":"post","link":"https:\/\/labestiadeportiva.com\/lbd\/81-inscriptos-en-el-inicio\/","title":{"rendered":"81 inscriptos en el inicio"},"content":{"rendered":"\n<figure class=\"wp-block-image size-large\"><a href=\"http:\/\/labestiadeportiva.com\/lbd\/wp-content\/uploads\/2024\/01\/1000117234-1.jpg\"><img loading=\"lazy\" width=\"741\" height=\"1024\" src=\"http:\/\/labestiadeportiva.com\/lbd\/wp-content\/uploads\/2024\/01\/1000117234-1-741x1024.jpg\" alt=\"\" class=\"wp-image-48328\" srcset=\"https:\/\/labestiadeportiva.com\/lbd\/wp-content\/uploads\/2024\/01\/1000117234-1-741x1024.jpg 741w, https:\/\/labestiadeportiva.com\/lbd\/wp-content\/uploads\/2024\/01\/1000117234-1-217x300.jpg 217w, https:\/\/labestiadeportiva.com\/lbd\/wp-content\/uploads\/2024\/01\/1000117234-1-768x1061.jpg 768w, https:\/\/labestiadeportiva.com\/lbd\/wp-content\/uploads\/2024\/01\/1000117234-1-640x884.jpg 640w, https:\/\/labestiadeportiva.com\/lbd\/wp-content\/uploads\/2024\/01\/1000117234-1.jpg 1080w\" sizes=\"(max-width: 741px) 100vw, 741px\" \/><\/a><\/figure>\n\n\n\n<figure class=\"wp-block-image size-full\"><a href=\"http:\/\/labestiadeportiva.com\/lbd\/wp-content\/uploads\/2022\/11\/CARA_PEREZ-2.jpg\"><img loading=\"lazy\" width=\"600\" height=\"124\" src=\"http:\/\/labestiadeportiva.com\/lbd\/wp-content\/uploads\/2022\/11\/CARA_PEREZ-2.jpg\" alt=\"\" class=\"wp-image-43576\" srcset=\"https:\/\/labestiadeportiva.com\/lbd\/wp-content\/uploads\/2022\/11\/CARA_PEREZ-2.jpg 600w, https:\/\/labestiadeportiva.com\/lbd\/wp-content\/uploads\/2022\/11\/CARA_PEREZ-2-300x62.jpg 300w\" sizes=\"(max-width: 600px) 100vw, 600px\" \/><\/a><\/figure>\n\n\n\n<p>La edici\u00f3n n\u00famero 40  de la Vuelta a la Tierra del Fuego sigue sorprendiendo a propios y extra\u00f1os. En la primera puerta de inscripci\u00f3n de 48 horas la convocatoria a sido verdaderamente promisoria. <\/p>\n\n\n\n<p>El pr\u00f3ximo 16 de febrero llegar\u00e1 el segundo per\u00edodo para formar parte de la prueba que se realizar\u00e1 el 28, 29, 30 y 31 de marzo. Desde LBD, los detalles.<\/p>\n\n\n\n<!--more-->\n\n\n\n<h2><\/h2>\n\n\n\n<p>En cuanto a la segmentaci\u00f3n de los que le dieron el si a la carrera podemos contar que 10 lo hicieron en ATV \u00c9lite, 10 en ATV Pro, 6 en ATV Pro Master, 10 en ATV Limitada, 2 en ATV Master, 4 en ATV 4&#215;4 y 1 en ATV Damas.<\/p>\n\n\n\n<p>Dentro de las motos 7 lo hicieron en Experto, 19 en Open, 3 en Pro Master, 3 en Master 4 en Novato y 2 en una de las nuevas categor\u00edas la D\u00fao.<br><\/p>\n\n\n\n<p>A pesar de los actuales inconvenientes econ\u00f3micos y algunos reclamos de pilotos por los costos todo hace suponer que la versi\u00f3n 40 de la ic\u00f3nica competencia tendr\u00e1 un n\u00famero de participantes aceptable.<\/p>\n<div class='epvc-post-count'><span class='epvc-eye'><\/span>  <span class=\"epvc-count\"> 2.102<\/span><span class='epvc-label'> veces le\u00edda<\/span><\/div>\n<div class=\"jwsharethis\">\nShare this: \n<br \/>\n<a href=\"mailto:?subject=81%20inscriptos%20en%20el%20inicio&amp;body=https%3A%2F%2Flabestiadeportiva.com%2Flbd%2F81-inscriptos-en-el-inicio%2F\">\n<img src=\"https:\/\/labestiadeportiva.com\/lbd\/wp-content\/plugins\/jw-share-this\/email.png\" alt=\"Share this page via Email\" \/>\n<\/a>\n<a target=\"_blank\" href=\"http:\/\/www.stumbleupon.com\/submit?url=https%3A%2F%2Flabestiadeportiva.com%2Flbd%2F81-inscriptos-en-el-inicio%2F&amp;title=81+inscriptos+en+el+inicio\">\n<img src=\"https:\/\/labestiadeportiva.com\/lbd\/wp-content\/plugins\/jw-share-this\/su.png\" alt=\"Share this page via Stumble Upon\" \/>\n<\/a>\n<a target=\"_blank\" href=\"http:\/\/digg.com\/submit?url=https%3A%2F%2Flabestiadeportiva.com%2Flbd%2F81-inscriptos-en-el-inicio%2F&amp;title=81+inscriptos+en+el+inicio\">\n<img src=\"https:\/\/labestiadeportiva.com\/lbd\/wp-content\/plugins\/jw-share-this\/digg.png\" alt=\"Share this page via Digg this\" \/>\n<\/a>\n<a target=\"_blank\" href=\"http:\/\/www.facebook.com\/sharer.php?u=https%3A%2F%2Flabestiadeportiva.com%2Flbd%2F81-inscriptos-en-el-inicio%2F&amp;t=81+inscriptos+en+el+inicio\">\n<img src=\"https:\/\/labestiadeportiva.com\/lbd\/wp-content\/plugins\/jw-share-this\/fb.png\" alt=\"Share this page via Facebook\" \/>\n<\/a>\n<a target=\"_blank\" href=\"http:\/\/twitter.com\/intent\/tweet?text=I+like+https%3A%2F%2Flabestiadeportiva.com%2Flbd%2F81-inscriptos-en-el-inicio%2F&amp;title=81+inscriptos+en+el+inicio\">\n<img src=\"https:\/\/labestiadeportiva.com\/lbd\/wp-content\/plugins\/jw-share-this\/twitter.png\" alt=\"Share this page via Twitter\" \/>\n<\/a>\n<\/div>\n","protected":false},"excerpt":{"rendered":"<p>La edici\u00f3n n\u00famero 40 de la Vuelta a la Tierra del Fuego sigue sorprendiendo a propios y extra\u00f1os. En la primera puerta de inscripci\u00f3n de 48 horas la convocatoria a sido verdaderamente promisoria. El pr\u00f3ximo 16 de febrero llegar\u00e1 el segundo per\u00edodo para formar parte de la prueba que se realizar\u00e1 el 28, 29, 30 &hellip; <a href=\"https:\/\/labestiadeportiva.com\/lbd\/81-inscriptos-en-el-inicio\/\" class=\"more-link\">Seguir leyendo <span class=\"screen-reader-text\">81 inscriptos en el inicio<\/span> <span class=\"meta-nav\">&rarr;<\/span><\/a><\/p>\n","protected":false},"author":1,"featured_media":0,"comment_status":"open","ping_status":"open","sticky":false,"template":"","format":"standard","meta":[],"categories":[5,4,6,2159,1,5241],"tags":[4138,71,83,5245],"_links":{"self":[{"href":"https:\/\/labestiadeportiva.com\/lbd\/wp-json\/wp\/v2\/posts\/48319"}],"collection":[{"href":"https:\/\/labestiadeportiva.com\/lbd\/wp-json\/wp\/v2\/posts"}],"about":[{"href":"https:\/\/labestiadeportiva.com\/lbd\/wp-json\/wp\/v2\/types\/post"}],"author":[{"embeddable":true,"href":"https:\/\/labestiadeportiva.com\/lbd\/wp-json\/wp\/v2\/users\/1"}],"replies":[{"embeddable":true,"href":"https:\/\/labestiadeportiva.com\/lbd\/wp-json\/wp\/v2\/comments?post=48319"}],"version-history":[{"count":2,"href":"https:\/\/labestiadeportiva.com\/lbd\/wp-json\/wp\/v2\/posts\/48319\/revisions"}],"predecessor-version":[{"id":48330,"href":"https:\/\/labestiadeportiva.com\/lbd\/wp-json\/wp\/v2\/posts\/48319\/revisions\/48330"}],"wp:attachment":[{"href":"https:\/\/labestiadeportiva.com\/lbd\/wp-json\/wp\/v2\/media?parent=48319"}],"wp:term":[{"taxonomy":"category","embeddable":true,"href":"https:\/\/labestiadeportiva.com\/lbd\/wp-json\/wp\/v2\/categories?post=48319"},{"taxonomy":"post_tag","embeddable":true,"href":"https:\/\/labestiadeportiva.com\/lbd\/wp-json\/wp\/v2\/tags?post=48319"}],"curies":[{"name":"wp","href":"https:\/\/api.w.org\/{rel}","templated":true}]}}