{"id":48331,"date":"2024-01-13T11:26:59","date_gmt":"2024-01-13T14:26:59","guid":{"rendered":"http:\/\/labestiadeportiva.com\/lbd\/?p=48331"},"modified":"2024-01-13T11:33:22","modified_gmt":"2024-01-13T14:33:22","slug":"sainz-manda-en-el-desierto","status":"publish","type":"post","link":"https:\/\/labestiadeportiva.com\/lbd\/sainz-manda-en-el-desierto\/","title":{"rendered":"Sainz manda en el desierto"},"content":{"rendered":"\n<figure class=\"wp-block-image size-full\"><a href=\"http:\/\/labestiadeportiva.com\/lbd\/wp-content\/uploads\/2024\/01\/1000145891.jpg\"><img loading=\"lazy\" width=\"534\" height=\"336\" src=\"http:\/\/labestiadeportiva.com\/lbd\/wp-content\/uploads\/2024\/01\/1000145891.jpg\" alt=\"\" class=\"wp-image-48332\" srcset=\"https:\/\/labestiadeportiva.com\/lbd\/wp-content\/uploads\/2024\/01\/1000145891.jpg 534w, https:\/\/labestiadeportiva.com\/lbd\/wp-content\/uploads\/2024\/01\/1000145891-300x189.jpg 300w\" sizes=\"(max-width: 534px) 100vw, 534px\" \/><\/a><\/figure>\n\n\n\n<figure class=\"wp-block-image size-full is-resized\"><a href=\"http:\/\/labestiadeportiva.com\/lbd\/wp-content\/uploads\/2022\/11\/CARA_CAMPOS-1.jpg\"><img loading=\"lazy\" src=\"http:\/\/labestiadeportiva.com\/lbd\/wp-content\/uploads\/2022\/11\/CARA_CAMPOS-1.jpg\" alt=\"\" class=\"wp-image-43575\" width=\"342\" height=\"70\" srcset=\"https:\/\/labestiadeportiva.com\/lbd\/wp-content\/uploads\/2022\/11\/CARA_CAMPOS-1.jpg 600w, https:\/\/labestiadeportiva.com\/lbd\/wp-content\/uploads\/2022\/11\/CARA_CAMPOS-1-300x62.jpg 300w\" sizes=\"(max-width: 342px) 100vw, 342px\" \/><\/a><\/figure>\n\n\n\n<p>El espa\u00f1ol Carlos Sainz sale victorioso del Empty Quarter y presenta su candidatura al t\u00edtulo. Loeb pis\u00f3 el acelerador, fue por la victoria de etapa y lo logr\u00f3. <\/p>\n\n\n\n<!--more-->\n\n\n\n<p>El quatar\u00ed Al- Attiyah defensor del t\u00edtulo, dice adi\u00f3s a repetir triunfo en el Dakar. Rotura de un cojinete en su tren delantero a 50 kms de la meta y perdi\u00f3 m\u00e1s de dos horas y media esperando a las asistencias. <\/p>\n\n\n\n<p>En Motos, gran trabajo del piloto franc\u00e9s Van Beveren con Honda, gan\u00f3 la etapa, y se mete en la lucha por la victoria final. <\/p>\n\n\n\n<p>Ricky Brabec tambi\u00e9n con montura japonesa es el l\u00edder de la general, seguido por el botsuano Branch con Hero se mantiene en la segunda posici\u00f3n. <\/p>\n\n\n\n<p>En Quad, segunda victoria de etapa de Alexander Giroud pero con apenas 9 segundos por delante del argentino And\u00fajar. <\/p>\n\n\n\n<p>El de Lobos sigue al frente de la general. En SSV, otro piloto galo que sum\u00f3 una nueva victoria de etapa, Xavier de Soultrait, en tanto el saud\u00ed Yasir Seaidan se afianza en el liderato del rally. <\/p>\n\n\n\n<figure class=\"wp-block-image size-large\"><a href=\"http:\/\/labestiadeportiva.com\/lbd\/wp-content\/uploads\/2024\/01\/1000145890.jpg\"><img loading=\"lazy\" width=\"1024\" height=\"594\" src=\"http:\/\/labestiadeportiva.com\/lbd\/wp-content\/uploads\/2024\/01\/1000145890-1024x594.jpg\" alt=\"\" class=\"wp-image-48333\" srcset=\"https:\/\/labestiadeportiva.com\/lbd\/wp-content\/uploads\/2024\/01\/1000145890-1024x594.jpg 1024w, https:\/\/labestiadeportiva.com\/lbd\/wp-content\/uploads\/2024\/01\/1000145890-300x174.jpg 300w, https:\/\/labestiadeportiva.com\/lbd\/wp-content\/uploads\/2024\/01\/1000145890-768x445.jpg 768w, https:\/\/labestiadeportiva.com\/lbd\/wp-content\/uploads\/2024\/01\/1000145890-640x371.jpg 640w, https:\/\/labestiadeportiva.com\/lbd\/wp-content\/uploads\/2024\/01\/1000145890.jpg 1500w\" sizes=\"(max-width: 1024px) 100vw, 1024px\" \/><\/a><\/figure>\n\n\n\n<p>No hubo novedades en los SXS, Eryk Goczal sigue dominando en el desierto, nuevo triunfo y el joven polaco con la navegaci\u00f3n del espa\u00f1ol Oriol Mena, van en busca del \u201cTuareg .<\/p>\n\n\n\n<p>Finalmente entre los Camiones, tercer triunfo de etapa de Martin Macik con el Iveco, para continuar una jornada m\u00e1s al frente de la general.&nbsp;&nbsp;&nbsp;&nbsp;&nbsp;<\/p>\n\n\n\n<p>Motos<\/p>\n\n\n\n<p>1\u00ba(USA) R. Brabec-Honda &nbsp; &nbsp; &nbsp; &nbsp; &nbsp; 27:11:21&nbsp;<\/p>\n\n\n\n<p>2\u00ba (BWA) R. Branch-Hero &nbsp; &nbsp; &nbsp; &nbsp; a 00:00:51<\/p>\n\n\n\n<p>3\u00ba (FRA) A. Vanberen-Honda &nbsp; a 00:09:21<\/p>\n\n\n\n<p>6\u00ba (ARG) K. Benavides-KTM&nbsp; &nbsp; &nbsp; a 00:28:33<\/p>\n\n\n\n<p>8\u00ba (ARG) L. Benavides-Husqvarna &nbsp; a 00:47:26<\/p>\n\n\n\n<p>26\u00ba (ARG) D. Gamaliel-KTM&nbsp; &nbsp;&nbsp; &nbsp; a 4:42:20<\/p>\n\n\n\n<p>Quads<\/p>\n\n\n\n<p>1\u00ba (ARG) M. And\u00fajar-Yamaha&nbsp; &nbsp; &nbsp; &nbsp; &nbsp; &nbsp; &nbsp; &nbsp; 33:44:00<\/p>\n\n\n\n<p>2\u00ba (FRA) A. Giroud-Yamaha&nbsp; &nbsp; a 00:18:54<\/p>\n\n\n\n<p>3\u00ba (BRA) M. Medeiros-Yamaha&nbsp; &nbsp; a 00:44:20&nbsp;<\/p>\n\n\n\n<p>Coches<\/p>\n\n\n\n<p>1\u00ba (ESP) C. Sainz-L. Cruz-Audi&nbsp; &nbsp; &nbsp; 24:59:32<\/p>\n\n\n\n<p>2\u00ba (SWE) M. Ekstr\u00f6m-E. Bergkvist-Audi a 00:20:21&nbsp;<\/p>\n\n\n\n<p>3\u00ba (FRA) S. Loeb-F. Lurquin-BRX&nbsp; &nbsp; &nbsp; a 00:29:31<\/p>\n\n\n\n<p>18\u00ba (ARG) J.C. Yacopini-(ESP) D. Oliveras a 07:35:58<\/p>\n\n\n\n<p>SXS<\/p>\n\n\n\n<p>1\u00ba (POL) E. Goczal (ESP) O. Mena-Energylandia &nbsp; &nbsp; &nbsp; &nbsp; &nbsp; 26:52:02<\/p>\n\n\n\n<p>2\u00ba (USA) M. Guthrie.K. Walch-Taurus Factory Team &nbsp; a 1:02:18<\/p>\n\n\n\n<p>3\u00ba&nbsp; (ESP) C. Gutierrez-P. Moreno-Red Bull Team&nbsp; &nbsp; &nbsp; &nbsp; &nbsp; a 1:26:34<\/p>\n\n\n\n<p>8\u00ba (ARG) N. Cavigliasso-V. Pertegarini-Taurus Team Factory a 02:41:55<\/p>\n\n\n\n<p>SSV<\/p>\n\n\n\n<p>1\u00ba (SAU) Y. Seaidan (FRA) A. Metge-MMP &nbsp; 29:55:26<\/p>\n\n\n\n<p>2\u00ba (USA) S. Price-J. Gray-South Racing Can Am &nbsp; a 00:02:58<\/p>\n\n\n\n<p>3\u00ba (FRA) X. de Soultrait-M. Bonnet-S. Loeb Racing Team a 00:05:30<\/p>\n\n\n\n<p>6\u00aa (ECU) S. Guayasamin (ARG) M. Acosta-FN Speed &nbsp; &nbsp; &nbsp; &nbsp; a 1:27:05&nbsp;<\/p>\n\n\n\n<p>Camiones<\/p>\n\n\n\n<p>1\u00ba (CZE) M. Macik-Iveco &nbsp; 28:59:18<\/p>\n\n\n\n<p>2\u00ba (CZE) A. Loprais-Praga  &nbsp; a 1:16:42<\/p>\n\n\n\n<p>3\u00ba (NDL) Van De Brink-Iveco&nbsp; &nbsp; a 1:49:59<\/p>\n\n\n\n<p>Jornada de descanso de la caravana del Dakar este s\u00e1bado y el domingo desde Riyadh 7\u00aa etapa entre la capital saud\u00ed y Al Duwadimi con un especial de 483 kms.&nbsp;&nbsp;<\/p>\n\n\n\n<figure class=\"wp-block-image size-full is-resized\"><a href=\"http:\/\/labestiadeportiva.com\/lbd\/wp-content\/uploads\/2024\/01\/1000145889.jpg\"><img loading=\"lazy\" src=\"http:\/\/labestiadeportiva.com\/lbd\/wp-content\/uploads\/2024\/01\/1000145889.jpg\" alt=\"\" class=\"wp-image-48334\" width=\"417\" height=\"278\"\/><\/a><\/figure>\n<div class='epvc-post-count'><span class='epvc-eye'><\/span>  <span class=\"epvc-count\"> 1.219<\/span><span class='epvc-label'> veces le\u00edda<\/span><\/div>\n<div class=\"jwsharethis\">\nShare this: \n<br \/>\n<a href=\"mailto:?subject=Sainz%20manda%20en%20el%20desierto&amp;body=https%3A%2F%2Flabestiadeportiva.com%2Flbd%2Fsainz-manda-en-el-desierto%2F\">\n<img src=\"https:\/\/labestiadeportiva.com\/lbd\/wp-content\/plugins\/jw-share-this\/email.png\" alt=\"Share this page via Email\" \/>\n<\/a>\n<a target=\"_blank\" href=\"http:\/\/www.stumbleupon.com\/submit?url=https%3A%2F%2Flabestiadeportiva.com%2Flbd%2Fsainz-manda-en-el-desierto%2F&amp;title=Sainz+manda+en+el+desierto\">\n<img src=\"https:\/\/labestiadeportiva.com\/lbd\/wp-content\/plugins\/jw-share-this\/su.png\" alt=\"Share this page via Stumble Upon\" \/>\n<\/a>\n<a target=\"_blank\" href=\"http:\/\/digg.com\/submit?url=https%3A%2F%2Flabestiadeportiva.com%2Flbd%2Fsainz-manda-en-el-desierto%2F&amp;title=Sainz+manda+en+el+desierto\">\n<img src=\"https:\/\/labestiadeportiva.com\/lbd\/wp-content\/plugins\/jw-share-this\/digg.png\" alt=\"Share this page via Digg this\" \/>\n<\/a>\n<a target=\"_blank\" href=\"http:\/\/www.facebook.com\/sharer.php?u=https%3A%2F%2Flabestiadeportiva.com%2Flbd%2Fsainz-manda-en-el-desierto%2F&amp;t=Sainz+manda+en+el+desierto\">\n<img src=\"https:\/\/labestiadeportiva.com\/lbd\/wp-content\/plugins\/jw-share-this\/fb.png\" alt=\"Share this page via Facebook\" \/>\n<\/a>\n<a target=\"_blank\" href=\"http:\/\/twitter.com\/intent\/tweet?text=I+like+https%3A%2F%2Flabestiadeportiva.com%2Flbd%2Fsainz-manda-en-el-desierto%2F&amp;title=Sainz+manda+en+el+desierto\">\n<img src=\"https:\/\/labestiadeportiva.com\/lbd\/wp-content\/plugins\/jw-share-this\/twitter.png\" alt=\"Share this page via Twitter\" \/>\n<\/a>\n<\/div>\n","protected":false},"excerpt":{"rendered":"<p>El espa\u00f1ol Carlos Sainz sale victorioso del Empty Quarter y presenta su candidatura al t\u00edtulo. Loeb pis\u00f3 el acelerador, fue por la victoria de etapa y lo logr\u00f3. 1.219 veces le\u00edda Share this:<\/p>\n","protected":false},"author":1,"featured_media":0,"comment_status":"open","ping_status":"open","sticky":false,"template":"","format":"standard","meta":[],"categories":[2176,5239,4,1],"tags":[154,5240,2942,83],"_links":{"self":[{"href":"https:\/\/labestiadeportiva.com\/lbd\/wp-json\/wp\/v2\/posts\/48331"}],"collection":[{"href":"https:\/\/labestiadeportiva.com\/lbd\/wp-json\/wp\/v2\/posts"}],"about":[{"href":"https:\/\/labestiadeportiva.com\/lbd\/wp-json\/wp\/v2\/types\/post"}],"author":[{"embeddable":true,"href":"https:\/\/labestiadeportiva.com\/lbd\/wp-json\/wp\/v2\/users\/1"}],"replies":[{"embeddable":true,"href":"https:\/\/labestiadeportiva.com\/lbd\/wp-json\/wp\/v2\/comments?post=48331"}],"version-history":[{"count":3,"href":"https:\/\/labestiadeportiva.com\/lbd\/wp-json\/wp\/v2\/posts\/48331\/revisions"}],"predecessor-version":[{"id":48337,"href":"https:\/\/labestiadeportiva.com\/lbd\/wp-json\/wp\/v2\/posts\/48331\/revisions\/48337"}],"wp:attachment":[{"href":"https:\/\/labestiadeportiva.com\/lbd\/wp-json\/wp\/v2\/media?parent=48331"}],"wp:term":[{"taxonomy":"category","embeddable":true,"href":"https:\/\/labestiadeportiva.com\/lbd\/wp-json\/wp\/v2\/categories?post=48331"},{"taxonomy":"post_tag","embeddable":true,"href":"https:\/\/labestiadeportiva.com\/lbd\/wp-json\/wp\/v2\/tags?post=48331"}],"curies":[{"name":"wp","href":"https:\/\/api.w.org\/{rel}","templated":true}]}}