{"id":48339,"date":"2024-01-15T09:19:51","date_gmt":"2024-01-15T12:19:51","guid":{"rendered":"http:\/\/labestiadeportiva.com\/lbd\/?p=48339"},"modified":"2024-01-15T09:19:54","modified_gmt":"2024-01-15T12:19:54","slug":"loeb-avisa","status":"publish","type":"post","link":"https:\/\/labestiadeportiva.com\/lbd\/loeb-avisa\/","title":{"rendered":"Loeb avisa"},"content":{"rendered":"\n<figure class=\"wp-block-image size-full\"><a href=\"http:\/\/labestiadeportiva.com\/lbd\/wp-content\/uploads\/2024\/01\/1000146963.jpg\"><img loading=\"lazy\" width=\"664\" height=\"498\" src=\"http:\/\/labestiadeportiva.com\/lbd\/wp-content\/uploads\/2024\/01\/1000146963.jpg\" alt=\"\" class=\"wp-image-48348\" srcset=\"https:\/\/labestiadeportiva.com\/lbd\/wp-content\/uploads\/2024\/01\/1000146963.jpg 664w, https:\/\/labestiadeportiva.com\/lbd\/wp-content\/uploads\/2024\/01\/1000146963-300x225.jpg 300w, https:\/\/labestiadeportiva.com\/lbd\/wp-content\/uploads\/2024\/01\/1000146963-640x480.jpg 640w\" sizes=\"(max-width: 664px) 100vw, 664px\" \/><\/a><\/figure>\n\n\n\n<figure class=\"wp-block-image size-full is-resized\"><a href=\"http:\/\/labestiadeportiva.com\/lbd\/wp-content\/uploads\/2022\/11\/CARA_CAMPOS-1.jpg\"><img loading=\"lazy\" src=\"http:\/\/labestiadeportiva.com\/lbd\/wp-content\/uploads\/2022\/11\/CARA_CAMPOS-1.jpg\" alt=\"\" class=\"wp-image-43575\" width=\"334\" height=\"68\" srcset=\"https:\/\/labestiadeportiva.com\/lbd\/wp-content\/uploads\/2022\/11\/CARA_CAMPOS-1.jpg 600w, https:\/\/labestiadeportiva.com\/lbd\/wp-content\/uploads\/2022\/11\/CARA_CAMPOS-1-300x62.jpg 300w\" sizes=\"(max-width: 334px) 100vw, 334px\" \/><\/a><\/figure>\n\n\n\n<p>El franc\u00e9s Sebastian Loeb arriesg\u00f3 y gan\u00f3 en la 7\u00aa etapa del Dakar 2024. En los 480 kil\u00f3metros que separaban la capital saud\u00ed con Ad Dawadimi, el piloto franc\u00e9s con el Hunter del equipo BRX, abri\u00f3 pista y dio un verdadero recital de conducci\u00f3n. <\/p>\n\n\n\n<!--more-->\n\n\n\n<p>Le descont\u00f3 diez minutos a Carlos Sainz, en una zona donde la navegaci\u00f3n complic\u00f3 a varios pilotos, el espa\u00f1ol pinch\u00f3, pero se mantiene l\u00edder de la general con el Audi E-Tron. <\/p>\n\n\n\n<p>Uno que se descuelga de la pelea por la victoria es Mattias Ekstr\u00f6m, tras romper la suspensi\u00f3n trasera izquierda del Audi n\u00famero 207, intent\u00f3 repararlo pero perdi\u00f3 tres horas. <\/p>\n\n\n\n<p>En las siguientes etapas Sainz no contar\u00e1 con quien le cuide las espaldas y oficie de mochilero, tan s\u00f3lo Peterhansel con el otro coche de la firma alemana. <\/p>\n\n\n\n<p>Entre las Motos, triunfo  de etapa del chileno Cornejo que se mete en la lucha por la victoria y acorta distancia con Brabec y Branch. <\/p>\n\n\n\n<p>En la general, el l\u00edder sigue siendo el norteamericano de Honda por apenas un segundo contra el piloto africano de Hero. <\/p>\n\n\n\n<p>En Quads, el piloto argentino sigue comandando las acciones en el Dakar, ayer fue segundo tras el franc\u00e9s Giroud que gan\u00f3 la s\u00e9ptima etapa. <\/p>\n\n\n\n<p>En SXS golpe de escena en el Dakar, el piloto polaco Eryk Goczal junto a su navegante espa\u00f1ol Oriol Mena han sido descalificados de la prueba. <\/p>\n\n\n\n<p>Los comisarios t\u00e9cnicos descubrieron que cambiaron un embargue de fibra de carbono que no estaba autorizado su uso en esta prueba. <\/p>\n\n\n\n<p>Tambi\u00e9n otras tripulaciones han sido apartadas de la carrera por esa misma causa. El ganador de etapa el norteamericano Mitchell Guthrie, se ubica primero en la general de buggies. <\/p>\n\n\n\n<p>En SSV la victoria de etapa fue para el portugu\u00e9s Joao Ferreira, mientras el Polaris conducido por Xavier Soultrait y navegado por Martin Bonnet lidera en el Dakar. <\/p>\n\n\n\n<p>Finalmente entre los Camiones, nuevo triunfo de Martin Macik para mantenerse un d\u00eda m\u00e1s al frente de la general.\u00a0\u00a0\u00a0\u00a0\u00a0\u00a0\u00a0\u00a0\u00a0<\/p>\n\n\n\n<figure class=\"wp-block-image size-large\"><a href=\"http:\/\/labestiadeportiva.com\/lbd\/wp-content\/uploads\/2024\/01\/1000146964.jpg\"><img loading=\"lazy\" width=\"1024\" height=\"505\" src=\"http:\/\/labestiadeportiva.com\/lbd\/wp-content\/uploads\/2024\/01\/1000146964-1024x505.jpg\" alt=\"\" class=\"wp-image-48349\" srcset=\"https:\/\/labestiadeportiva.com\/lbd\/wp-content\/uploads\/2024\/01\/1000146964-1024x505.jpg 1024w, https:\/\/labestiadeportiva.com\/lbd\/wp-content\/uploads\/2024\/01\/1000146964-300x148.jpg 300w, https:\/\/labestiadeportiva.com\/lbd\/wp-content\/uploads\/2024\/01\/1000146964-768x378.jpg 768w, https:\/\/labestiadeportiva.com\/lbd\/wp-content\/uploads\/2024\/01\/1000146964-640x315.jpg 640w, https:\/\/labestiadeportiva.com\/lbd\/wp-content\/uploads\/2024\/01\/1000146964.jpg 1100w\" sizes=\"(max-width: 1024px) 100vw, 1024px\" \/><\/a><\/figure>\n\n\n\n<p>Motos<\/p>\n\n\n\n<p>1\u00ba (USA) R. Brabec-Honda&nbsp; &nbsp; &nbsp; &nbsp; &nbsp; &nbsp; 32:37:20<\/p>\n\n\n\n<p>2\u00ba (BWA) R. Branch-Hero\u00a0 \u00a0 a 00:00:01<\/p>\n\n\n\n<p>3\u00ba (CHL) J. Cornejo-Honda\u00a0\u00a0 a 00:06:48<\/p>\n\n\n\n<p>5\u00ba (ARG) K. Benavides-KTM&nbsp; &nbsp; &nbsp; a 00:24:39<\/p>\n\n\n\n<p>8\u00ba (ARG) L. Benavides-Husqvarna a 00:43:12<\/p>\n\n\n\n<p>Coches<\/p>\n\n\n\n<p>1\u00ba (ESP) C. Sainz-L. Cruz-Audi \u00a0 \u00a0 30:06:42<\/p>\n\n\n\n<p>2\u00ba\u00a0 (FRA) S. Loeb-F. Lurquin-BRX\u00a0 \u00a0 \u00a0 \u00a0 \u00a0 \u00a0 a 00:19:00<\/p>\n\n\n\n<p>3\u00ba (BRA) L. Moraes- (ESP) A. Monleon Toyota  a 1:00:35<\/p>\n\n\n\n<p>16\u00ba (ARG) J. C. Yacopini (ESP) D. Oliveras-Toyota a 8:42:56<\/p>\n\n\n\n<p>Quads<\/p>\n\n\n\n<p>1\u00ba (ARG) M. And\u00fajar-Yamaha &nbsp; &nbsp; &nbsp; 40:48:00&nbsp;<\/p>\n\n\n\n<p>2\u00ba (FRA) A. Giroud-Yamaha\u00a0 a 00:06:20<\/p>\n\n\n\n<p>3\u00ba (SVK) J. Varga-Yamaha \u00a0 \u00a0 a 02:27:46\u00a0<\/p>\n\n\n\n<p>SXS<\/p>\n\n\n\n<p>1\u00ba (USA) M. Guthrie-K. Wallon-Taurus Team Factory &nbsp; &nbsp; 33:29:29<\/p>\n\n\n\n<p>2\u00ba (ESP) C. Gutierrez-P. Moreno-Red Bull Team \u00a0 a 00:33:36<\/p>\n\n\n\n<p>3\u00ba (CHL) F. L\u00f3pez-J.P.Latrach-Can Am Factory Racing Team a 00:40:16<\/p>\n\n\n\n<p>SSV<\/p>\n\n\n\n<p>1\u00ba (FRA) X. de Soltrait-M. Bonnet-S. Loeb Team&nbsp; &nbsp; &nbsp; 35:51:08<\/p>\n\n\n\n<p>2\u00ba Y. Seaidan-A. Metge-MMP\u00a0 \u00a0 \u00a0 a 00:07:30<\/p>\n\n\n\n<p>3\u00ba (USA) S. Price-J. Gray-South Racing Can Am \u00a0 a 00:07:38<\/p>\n\n\n\n<p>6\u00ba (ECU) S. Guayasamin (ARG) F. Acosta-FN Speed a 01:50:40<\/p>\n\n\n\n<p>Camiones<\/p>\n\n\n\n<p>1\u00ba (CZE) M. Martin-Iveco\u00a0\u00a0 \u00a0 34:40:10<\/p>\n\n\n\n<p>2\u00ba (CZE) A . Loprais-Praga\u00a0 a 1:36:56<\/p>\n\n\n\n<p>3\u00ba (NDL) M. Van den Brink-Iveco a 1:50:38&nbsp;<\/p>\n\n\n\n<p>La 8\u00aa etapa de hoy tiene origen en Duwadimi y llegada en Hail, con un tramo cronometrado de 458 kms.<\/p>\n<div class='epvc-post-count'><span class='epvc-eye'><\/span>  <span class=\"epvc-count\"> 1.259<\/span><span class='epvc-label'> veces le\u00edda<\/span><\/div>\n<div class=\"jwsharethis\">\nShare this: \n<br \/>\n<a href=\"mailto:?subject=Loeb%20avisa&amp;body=https%3A%2F%2Flabestiadeportiva.com%2Flbd%2Floeb-avisa%2F\">\n<img src=\"https:\/\/labestiadeportiva.com\/lbd\/wp-content\/plugins\/jw-share-this\/email.png\" alt=\"Share this page via Email\" \/>\n<\/a>\n<a target=\"_blank\" href=\"http:\/\/www.stumbleupon.com\/submit?url=https%3A%2F%2Flabestiadeportiva.com%2Flbd%2Floeb-avisa%2F&amp;title=Loeb+avisa\">\n<img src=\"https:\/\/labestiadeportiva.com\/lbd\/wp-content\/plugins\/jw-share-this\/su.png\" alt=\"Share this page via Stumble Upon\" \/>\n<\/a>\n<a target=\"_blank\" href=\"http:\/\/digg.com\/submit?url=https%3A%2F%2Flabestiadeportiva.com%2Flbd%2Floeb-avisa%2F&amp;title=Loeb+avisa\">\n<img src=\"https:\/\/labestiadeportiva.com\/lbd\/wp-content\/plugins\/jw-share-this\/digg.png\" alt=\"Share this page via Digg this\" \/>\n<\/a>\n<a target=\"_blank\" href=\"http:\/\/www.facebook.com\/sharer.php?u=https%3A%2F%2Flabestiadeportiva.com%2Flbd%2Floeb-avisa%2F&amp;t=Loeb+avisa\">\n<img src=\"https:\/\/labestiadeportiva.com\/lbd\/wp-content\/plugins\/jw-share-this\/fb.png\" alt=\"Share this page via Facebook\" \/>\n<\/a>\n<a target=\"_blank\" href=\"http:\/\/twitter.com\/intent\/tweet?text=I+like+https%3A%2F%2Flabestiadeportiva.com%2Flbd%2Floeb-avisa%2F&amp;title=Loeb+avisa\">\n<img src=\"https:\/\/labestiadeportiva.com\/lbd\/wp-content\/plugins\/jw-share-this\/twitter.png\" alt=\"Share this page via Twitter\" \/>\n<\/a>\n<\/div>\n","protected":false},"excerpt":{"rendered":"<p>El franc\u00e9s Sebastian Loeb arriesg\u00f3 y gan\u00f3 en la 7\u00aa etapa del Dakar 2024. En los 480 kil\u00f3metros que separaban la capital saud\u00ed con Ad Dawadimi, el piloto franc\u00e9s con el Hunter del equipo BRX, abri\u00f3 pista y dio un verdadero recital de conducci\u00f3n. 1.259 veces le\u00edda Share this:<\/p>\n","protected":false},"author":1,"featured_media":0,"comment_status":"open","ping_status":"open","sticky":false,"template":"","format":"standard","meta":[],"categories":[2176,5239,4,1],"tags":[154,5240,2942,83],"_links":{"self":[{"href":"https:\/\/labestiadeportiva.com\/lbd\/wp-json\/wp\/v2\/posts\/48339"}],"collection":[{"href":"https:\/\/labestiadeportiva.com\/lbd\/wp-json\/wp\/v2\/posts"}],"about":[{"href":"https:\/\/labestiadeportiva.com\/lbd\/wp-json\/wp\/v2\/types\/post"}],"author":[{"embeddable":true,"href":"https:\/\/labestiadeportiva.com\/lbd\/wp-json\/wp\/v2\/users\/1"}],"replies":[{"embeddable":true,"href":"https:\/\/labestiadeportiva.com\/lbd\/wp-json\/wp\/v2\/comments?post=48339"}],"version-history":[{"count":1,"href":"https:\/\/labestiadeportiva.com\/lbd\/wp-json\/wp\/v2\/posts\/48339\/revisions"}],"predecessor-version":[{"id":48350,"href":"https:\/\/labestiadeportiva.com\/lbd\/wp-json\/wp\/v2\/posts\/48339\/revisions\/48350"}],"wp:attachment":[{"href":"https:\/\/labestiadeportiva.com\/lbd\/wp-json\/wp\/v2\/media?parent=48339"}],"wp:term":[{"taxonomy":"category","embeddable":true,"href":"https:\/\/labestiadeportiva.com\/lbd\/wp-json\/wp\/v2\/categories?post=48339"},{"taxonomy":"post_tag","embeddable":true,"href":"https:\/\/labestiadeportiva.com\/lbd\/wp-json\/wp\/v2\/tags?post=48339"}],"curies":[{"name":"wp","href":"https:\/\/api.w.org\/{rel}","templated":true}]}}