{"id":48351,"date":"2024-01-16T14:08:24","date_gmt":"2024-01-16T17:08:24","guid":{"rendered":"http:\/\/labestiadeportiva.com\/lbd\/?p=48351"},"modified":"2024-01-16T14:08:28","modified_gmt":"2024-01-16T17:08:28","slug":"el-dakar-esta-de-luto","status":"publish","type":"post","link":"https:\/\/labestiadeportiva.com\/lbd\/el-dakar-esta-de-luto\/","title":{"rendered":"El Dakar est\u00e1 de luto"},"content":{"rendered":"\n<figure class=\"wp-block-image size-full\"><a href=\"http:\/\/labestiadeportiva.com\/lbd\/wp-content\/uploads\/2024\/01\/1000147855.jpg\"><img loading=\"lazy\" width=\"948\" height=\"465\" src=\"http:\/\/labestiadeportiva.com\/lbd\/wp-content\/uploads\/2024\/01\/1000147855.jpg\" alt=\"\" class=\"wp-image-48352\" srcset=\"https:\/\/labestiadeportiva.com\/lbd\/wp-content\/uploads\/2024\/01\/1000147855.jpg 948w, https:\/\/labestiadeportiva.com\/lbd\/wp-content\/uploads\/2024\/01\/1000147855-300x147.jpg 300w, https:\/\/labestiadeportiva.com\/lbd\/wp-content\/uploads\/2024\/01\/1000147855-768x377.jpg 768w, https:\/\/labestiadeportiva.com\/lbd\/wp-content\/uploads\/2024\/01\/1000147855-640x314.jpg 640w\" sizes=\"(max-width: 948px) 100vw, 948px\" \/><\/a><\/figure>\n\n\n\n<figure class=\"wp-block-image size-full is-resized\"><a href=\"http:\/\/labestiadeportiva.com\/lbd\/wp-content\/uploads\/2022\/11\/CARA_CAMPOS-1.jpg\"><img loading=\"lazy\" src=\"http:\/\/labestiadeportiva.com\/lbd\/wp-content\/uploads\/2022\/11\/CARA_CAMPOS-1.jpg\" alt=\"\" class=\"wp-image-43575\" width=\"355\" height=\"72\" srcset=\"https:\/\/labestiadeportiva.com\/lbd\/wp-content\/uploads\/2022\/11\/CARA_CAMPOS-1.jpg 600w, https:\/\/labestiadeportiva.com\/lbd\/wp-content\/uploads\/2022\/11\/CARA_CAMPOS-1-300x62.jpg 300w\" sizes=\"(max-width: 355px) 100vw, 355px\" \/><\/a><\/figure>\n\n\n\n<p>El piloto espa\u00f1ol Carles Falc\u00f3n ha fallecido ayer en un hospital de la capital catalana, tras sufrir un grave accidente, en la segunda etapa del Dakar. <\/p>\n\n\n\n<!--more-->\n\n\n\n<p>En el kil\u00f3metro 448 de la etapa entre Al-Henakiyah y Al Duwadimi, el catal\u00e1n del equipo Twin Trail sufri\u00f3 un fuerte impacto en una zona de dunas. Fue asistido por un grupo de pilotos y llevado en un helic\u00f3ptero medicalizado a un hospital de Ryad. <\/p>\n\n\n\n<p>Los facultativos que le\u00a0 atendieron encontraron un fuerte golpe en cuello, rotura de un par de costillas y una mu\u00f1eca fracturada. Estaba en coma inducido y d\u00edas m\u00e1s tarde fue derivado a Espa\u00f1a, a\u00fan en estado cr\u00edtico. Pero ayer por la tarde, no pudo superar un fallo card\u00edaco y falleci\u00f3. <\/p>\n\n\n\n<p>Era su segunda participaci\u00f3n en el Dakar y lo hac\u00eda en la categor\u00eda Original by Motul. Desde que dio inicio el Dakar en 1979, son 74 pilotos que han perdido la vida en este raid rally.\u00a0\u00a0\u00a0\u00a0\u00a0\u00a0\u00a0<\/p>\n<div class='epvc-post-count'><span class='epvc-eye'><\/span>  <span class=\"epvc-count\"> 957<\/span><span class='epvc-label'> veces le\u00edda<\/span><\/div>\n<div class=\"jwsharethis\">\nShare this: \n<br \/>\n<a href=\"mailto:?subject=El%20Dakar%20est%C3%A1%20de%20luto&amp;body=https%3A%2F%2Flabestiadeportiva.com%2Flbd%2Fel-dakar-esta-de-luto%2F\">\n<img src=\"https:\/\/labestiadeportiva.com\/lbd\/wp-content\/plugins\/jw-share-this\/email.png\" alt=\"Share this page via Email\" \/>\n<\/a>\n<a target=\"_blank\" href=\"http:\/\/www.stumbleupon.com\/submit?url=https%3A%2F%2Flabestiadeportiva.com%2Flbd%2Fel-dakar-esta-de-luto%2F&amp;title=El+Dakar+est%C3%A1+de+luto\">\n<img src=\"https:\/\/labestiadeportiva.com\/lbd\/wp-content\/plugins\/jw-share-this\/su.png\" alt=\"Share this page via Stumble Upon\" \/>\n<\/a>\n<a target=\"_blank\" href=\"http:\/\/digg.com\/submit?url=https%3A%2F%2Flabestiadeportiva.com%2Flbd%2Fel-dakar-esta-de-luto%2F&amp;title=El+Dakar+est%C3%A1+de+luto\">\n<img src=\"https:\/\/labestiadeportiva.com\/lbd\/wp-content\/plugins\/jw-share-this\/digg.png\" alt=\"Share this page via Digg this\" \/>\n<\/a>\n<a target=\"_blank\" href=\"http:\/\/www.facebook.com\/sharer.php?u=https%3A%2F%2Flabestiadeportiva.com%2Flbd%2Fel-dakar-esta-de-luto%2F&amp;t=El+Dakar+est%C3%A1+de+luto\">\n<img src=\"https:\/\/labestiadeportiva.com\/lbd\/wp-content\/plugins\/jw-share-this\/fb.png\" alt=\"Share this page via Facebook\" \/>\n<\/a>\n<a target=\"_blank\" href=\"http:\/\/twitter.com\/intent\/tweet?text=I+like+https%3A%2F%2Flabestiadeportiva.com%2Flbd%2Fel-dakar-esta-de-luto%2F&amp;title=El+Dakar+est%C3%A1+de+luto\">\n<img src=\"https:\/\/labestiadeportiva.com\/lbd\/wp-content\/plugins\/jw-share-this\/twitter.png\" alt=\"Share this page via Twitter\" \/>\n<\/a>\n<\/div>\n","protected":false},"excerpt":{"rendered":"<p>El piloto espa\u00f1ol Carles Falc\u00f3n ha fallecido ayer en un hospital de la capital catalana, tras sufrir un grave accidente, en la segunda etapa del Dakar. 957 veces le\u00edda Share this:<\/p>\n","protected":false},"author":1,"featured_media":0,"comment_status":"open","ping_status":"open","sticky":false,"template":"","format":"standard","meta":[],"categories":[2176,5239,4,1],"tags":[5246,154,5240,83],"_links":{"self":[{"href":"https:\/\/labestiadeportiva.com\/lbd\/wp-json\/wp\/v2\/posts\/48351"}],"collection":[{"href":"https:\/\/labestiadeportiva.com\/lbd\/wp-json\/wp\/v2\/posts"}],"about":[{"href":"https:\/\/labestiadeportiva.com\/lbd\/wp-json\/wp\/v2\/types\/post"}],"author":[{"embeddable":true,"href":"https:\/\/labestiadeportiva.com\/lbd\/wp-json\/wp\/v2\/users\/1"}],"replies":[{"embeddable":true,"href":"https:\/\/labestiadeportiva.com\/lbd\/wp-json\/wp\/v2\/comments?post=48351"}],"version-history":[{"count":1,"href":"https:\/\/labestiadeportiva.com\/lbd\/wp-json\/wp\/v2\/posts\/48351\/revisions"}],"predecessor-version":[{"id":48353,"href":"https:\/\/labestiadeportiva.com\/lbd\/wp-json\/wp\/v2\/posts\/48351\/revisions\/48353"}],"wp:attachment":[{"href":"https:\/\/labestiadeportiva.com\/lbd\/wp-json\/wp\/v2\/media?parent=48351"}],"wp:term":[{"taxonomy":"category","embeddable":true,"href":"https:\/\/labestiadeportiva.com\/lbd\/wp-json\/wp\/v2\/categories?post=48351"},{"taxonomy":"post_tag","embeddable":true,"href":"https:\/\/labestiadeportiva.com\/lbd\/wp-json\/wp\/v2\/tags?post=48351"}],"curies":[{"name":"wp","href":"https:\/\/api.w.org\/{rel}","templated":true}]}}