{"id":48354,"date":"2024-01-16T18:29:16","date_gmt":"2024-01-16T21:29:16","guid":{"rendered":"http:\/\/labestiadeportiva.com\/lbd\/?p=48354"},"modified":"2024-01-16T18:29:18","modified_gmt":"2024-01-16T21:29:18","slug":"sainz-sigue-lider-y-loeb-se-pierde","status":"publish","type":"post","link":"https:\/\/labestiadeportiva.com\/lbd\/sainz-sigue-lider-y-loeb-se-pierde\/","title":{"rendered":"Sainz sigue l\u00edder y Loeb se pierde&#8230;"},"content":{"rendered":"\n<figure class=\"wp-block-image size-full\"><a href=\"http:\/\/labestiadeportiva.com\/lbd\/wp-content\/uploads\/2024\/01\/1000147859.jpg\"><img loading=\"lazy\" width=\"474\" height=\"316\" src=\"http:\/\/labestiadeportiva.com\/lbd\/wp-content\/uploads\/2024\/01\/1000147859.jpg\" alt=\"\" class=\"wp-image-48355\" srcset=\"https:\/\/labestiadeportiva.com\/lbd\/wp-content\/uploads\/2024\/01\/1000147859.jpg 474w, https:\/\/labestiadeportiva.com\/lbd\/wp-content\/uploads\/2024\/01\/1000147859-300x200.jpg 300w\" sizes=\"(max-width: 474px) 100vw, 474px\" \/><\/a><\/figure>\n\n\n\n<figure class=\"wp-block-image size-full is-resized\"><a href=\"http:\/\/labestiadeportiva.com\/lbd\/wp-content\/uploads\/2022\/11\/CARA_CAMPOS-1.jpg\"><img loading=\"lazy\" src=\"http:\/\/labestiadeportiva.com\/lbd\/wp-content\/uploads\/2022\/11\/CARA_CAMPOS-1.jpg\" alt=\"\" class=\"wp-image-43575\" width=\"360\" height=\"74\" srcset=\"https:\/\/labestiadeportiva.com\/lbd\/wp-content\/uploads\/2022\/11\/CARA_CAMPOS-1.jpg 600w, https:\/\/labestiadeportiva.com\/lbd\/wp-content\/uploads\/2022\/11\/CARA_CAMPOS-1-300x62.jpg 300w\" sizes=\"(max-width: 360px) 100vw, 360px\" \/><\/a><\/figure>\n\n\n\n<p>Carlos Sainz sigue el frente del Dakar 2024  en Coches, su rival en la pelea por el \u201cTuareg\u201d, Sebastian Loeb, sufre con la navegaci\u00f3n y cede valiosos minutos. <\/p>\n\n\n\n<!--more-->\n\n\n\n<p>El piloto de BRX tuvo problemas en el kil\u00f3metro 390 de la especial, al no encontrar un punto de notificaci\u00f3n. El catar\u00ed Al- Attiyah sigue con problemas mec\u00e1nicos y debi\u00f3 ser remolcado hasta el campamento de Hail para intentar reparar su Hunter.  El triunfo de etapa fue para el sueco Mattias Ekstr\u00f6m con el Audi E-Tron. <\/p>\n\n\n\n<p>En Motos, un 1-2 argentino en la etapa de ayer, Kevin Benavides primero y segundo su hermano Luciano. En la general, sigue en poder del norteamericano Ricky Brabec con Honda. <\/p>\n\n\n\n<p>Dentro de los Quads, el argentino Manuel And\u00fajar suma una nueva victoria de etapa y ampl\u00eda su ventaja en la general sobre el franc\u00e9s Giroud, el ganador del a\u00f1o pasado. <\/p>\n\n\n\n<p>En SSV, nuevo triunfo de etapa del portugu\u00e9s Joao Ferreira, la tercera en esta edici\u00f3n, y se ubica segundo en la general de buggies que sigue liderando el franc\u00e9s Xavier de Soultrait con el Polaris.\u00a0 <\/p>\n\n\n\n<p>El segmento SXS la dupla saud\u00ed Alsaif-Alkuwari gan\u00f3 la etapa de ayer y en segundo lugar lleg\u00f3 el actual l\u00edder de la clasificaci\u00f3n general el norteamericano, Mitchell Guthrie. <\/p>\n\n\n\n<p>Finalmente en Camiones, otro que suma una nueva victoria en la etapa de ayer es Van de Brink, el piloto holand\u00e9s por delante del a\u00fan l\u00edder de la general, el checo Macik con Iveco.\u00a0\u00a0\u00a0\u00a0<\/p>\n\n\n\n<figure class=\"wp-block-image size-large\"><a href=\"http:\/\/labestiadeportiva.com\/lbd\/wp-content\/uploads\/2024\/01\/1000147858.jpg\"><img loading=\"lazy\" width=\"1024\" height=\"683\" src=\"http:\/\/labestiadeportiva.com\/lbd\/wp-content\/uploads\/2024\/01\/1000147858-1024x683.jpg\" alt=\"\" class=\"wp-image-48356\" srcset=\"https:\/\/labestiadeportiva.com\/lbd\/wp-content\/uploads\/2024\/01\/1000147858-1024x683.jpg 1024w, https:\/\/labestiadeportiva.com\/lbd\/wp-content\/uploads\/2024\/01\/1000147858-300x200.jpg 300w, https:\/\/labestiadeportiva.com\/lbd\/wp-content\/uploads\/2024\/01\/1000147858-768x512.jpg 768w, https:\/\/labestiadeportiva.com\/lbd\/wp-content\/uploads\/2024\/01\/1000147858-640x427.jpg 640w, https:\/\/labestiadeportiva.com\/lbd\/wp-content\/uploads\/2024\/01\/1000147858.jpg 1200w\" sizes=\"(max-width: 1024px) 100vw, 1024px\" \/><\/a><\/figure>\n\n\n\n<p>Motos<\/p>\n\n\n\n<p>1\u00ba (USA) R. Brabec-Honda &nbsp; &nbsp; 36:16:31<\/p>\n\n\n\n<p>2\u00ba (BWA) R. Branch-Hero \u00a0 a 00:00:42<\/p>\n\n\n\n<p>3\u00ba (CHL) J.I. Cornejo-Honda &nbsp; a 00:04:21<\/p>\n\n\n\n<p>5\u00ba (ARG) K. Benavides-KTM &nbsp; &nbsp; a 00:20:31<\/p>\n\n\n\n<p>8\u00ba (ARG) L. Benavides.Husqvarna a 00:39:35<\/p>\n\n\n\n<p>Coches<\/p>\n\n\n\n<p>1\u00ba (ESP) C. Sainz-L. Cruz-Audi  \u00a0 33:29:10\u00a0\u00a0\u00a0\u00a0\u00a0\u00a0\u00a0\u00a0\u00a0<\/p>\n\n\n\n<p>2\u00ba (FRA) S. Loeb-F. Lurquin-BRX \u00a0 a 24:47<\/p>\n\n\n\n<p>3\u00ba (BRA) L. Moraes (ESP) A. Monle\u00f3n a 1:05:13<\/p>\n\n\n\n<p>15\u00ba (ARG) J. C. Yacopini (ESP) D. Oliveras-Overdrive Racing a 07:33:03<\/p>\n\n\n\n<p>Quads<\/p>\n\n\n\n<p>1\u00ba (ARG) M. Andujar-Yamaha&nbsp; &nbsp; 45:40:12&nbsp;<\/p>\n\n\n\n<p>2\u00ba (FRA) A. Giroud- Yamaha &nbsp; &nbsp; a 00:11:26<\/p>\n\n\n\n<p>3\u00ba (SVK) J. Varga-Yamaha \u00a0 a 02:43:25<\/p>\n\n\n\n<p>SXS<\/p>\n\n\n\n<p>1\u00ba (USA) M. Guthrie-K. Walch-Taurus Factory Team &nbsp; 37:08:19<\/p>\n\n\n\n<p>2\u00ba (ESP) C. Gutierrez-P. Moreno-Red Bull Team\u00a0 \u00a0 \u00a0 a 00:34:03\u00a0<\/p>\n\n\n\n<p>3\u00ba (CHL) F. L\u00f3pez-J.P. Latrach-Can Am Factory \u00a0 a 00:42:51<\/p>\n\n\n\n<p>11\u00ba (ARG) N. Cavigliasso-V. Pertegarini-Taurus Factory Team a 07:20:15<\/p>\n\n\n\n<p>SSV<\/p>\n\n\n\n<p>1\u00ba (FRA) X. de Soultrait-M. Bonnet-S. Loeb Team &nbsp; &nbsp; &nbsp; &nbsp; &nbsp; &nbsp; 39:41:37<\/p>\n\n\n\n<p>2\u00ba (PRT) J. Ferreira-F. Palmeiro-Can Am Factory Team a 00:07:41<\/p>\n\n\n\n<p>3\u00ba (USA) S. Price-J. Gray-South Racing Can Am\u00a0 a 00:12:32<\/p>\n\n\n\n<p>6\u00ba (ECU) S. Guayasamin (ARG) F. M. Acosta-FN Speed a 02:01:35<\/p>\n\n\n\n<p>Camiones<\/p>\n\n\n\n<p>1\u00ba (CZE) M. Macik-Iveco\u00a0 \u00a0 38:19:55<\/p>\n\n\n\n<p>2\u00ba (NDL) M. Van de Brink-Iveco&nbsp; &nbsp; a 01:49:20&nbsp;<\/p>\n\n\n\n<p>3\u00ba (CZE) A. Loprais-Praga\u00a0 \u00a0 a 01:51:37<\/p>\n\n\n\n<p>La etapa de hoy, comienza en Hail y tiene llegada en Al-Ula para la novena etapa del Dakar 2024. Tramo exigente, con muchos cambios de ritmo y con un especial de 417 kms.<\/p>\n\n\n\n<figure class=\"wp-block-image size-full\"><a href=\"http:\/\/labestiadeportiva.com\/lbd\/wp-content\/uploads\/2024\/01\/1000147857.jpg\"><img loading=\"lazy\" width=\"474\" height=\"316\" src=\"http:\/\/labestiadeportiva.com\/lbd\/wp-content\/uploads\/2024\/01\/1000147857.jpg\" alt=\"\" class=\"wp-image-48357\" srcset=\"https:\/\/labestiadeportiva.com\/lbd\/wp-content\/uploads\/2024\/01\/1000147857.jpg 474w, https:\/\/labestiadeportiva.com\/lbd\/wp-content\/uploads\/2024\/01\/1000147857-300x200.jpg 300w\" sizes=\"(max-width: 474px) 100vw, 474px\" \/><\/a><\/figure>\n<div class='epvc-post-count'><span class='epvc-eye'><\/span>  <span class=\"epvc-count\"> 1.153<\/span><span class='epvc-label'> veces le\u00edda<\/span><\/div>\n<div class=\"jwsharethis\">\nShare this: \n<br \/>\n<a href=\"mailto:?subject=Sainz%20sigue%20l%C3%ADder%20y%20Loeb%20se%20pierde%26%238230%3B&amp;body=https%3A%2F%2Flabestiadeportiva.com%2Flbd%2Fsainz-sigue-lider-y-loeb-se-pierde%2F\">\n<img src=\"https:\/\/labestiadeportiva.com\/lbd\/wp-content\/plugins\/jw-share-this\/email.png\" alt=\"Share this page via Email\" \/>\n<\/a>\n<a target=\"_blank\" href=\"http:\/\/www.stumbleupon.com\/submit?url=https%3A%2F%2Flabestiadeportiva.com%2Flbd%2Fsainz-sigue-lider-y-loeb-se-pierde%2F&amp;title=Sainz+sigue+l%C3%ADder+y+Loeb+se+pierde%26%238230%3B\">\n<img src=\"https:\/\/labestiadeportiva.com\/lbd\/wp-content\/plugins\/jw-share-this\/su.png\" alt=\"Share this page via Stumble Upon\" \/>\n<\/a>\n<a target=\"_blank\" href=\"http:\/\/digg.com\/submit?url=https%3A%2F%2Flabestiadeportiva.com%2Flbd%2Fsainz-sigue-lider-y-loeb-se-pierde%2F&amp;title=Sainz+sigue+l%C3%ADder+y+Loeb+se+pierde%26%238230%3B\">\n<img src=\"https:\/\/labestiadeportiva.com\/lbd\/wp-content\/plugins\/jw-share-this\/digg.png\" alt=\"Share this page via Digg this\" \/>\n<\/a>\n<a target=\"_blank\" href=\"http:\/\/www.facebook.com\/sharer.php?u=https%3A%2F%2Flabestiadeportiva.com%2Flbd%2Fsainz-sigue-lider-y-loeb-se-pierde%2F&amp;t=Sainz+sigue+l%C3%ADder+y+Loeb+se+pierde%26%238230%3B\">\n<img src=\"https:\/\/labestiadeportiva.com\/lbd\/wp-content\/plugins\/jw-share-this\/fb.png\" alt=\"Share this page via Facebook\" \/>\n<\/a>\n<a target=\"_blank\" href=\"http:\/\/twitter.com\/intent\/tweet?text=I+like+https%3A%2F%2Flabestiadeportiva.com%2Flbd%2Fsainz-sigue-lider-y-loeb-se-pierde%2F&amp;title=Sainz+sigue+l%C3%ADder+y+Loeb+se+pierde%26%238230%3B\">\n<img src=\"https:\/\/labestiadeportiva.com\/lbd\/wp-content\/plugins\/jw-share-this\/twitter.png\" alt=\"Share this page via Twitter\" \/>\n<\/a>\n<\/div>\n","protected":false},"excerpt":{"rendered":"<p>Carlos Sainz sigue el frente del Dakar 2024 en Coches, su rival en la pelea por el \u201cTuareg\u201d, Sebastian Loeb, sufre con la navegaci\u00f3n y cede valiosos minutos. 1.153 veces le\u00edda Share this:<\/p>\n","protected":false},"author":1,"featured_media":0,"comment_status":"open","ping_status":"open","sticky":false,"template":"","format":"standard","meta":[],"categories":[2176,5239,4,1],"tags":[154,5240,2948,83],"_links":{"self":[{"href":"https:\/\/labestiadeportiva.com\/lbd\/wp-json\/wp\/v2\/posts\/48354"}],"collection":[{"href":"https:\/\/labestiadeportiva.com\/lbd\/wp-json\/wp\/v2\/posts"}],"about":[{"href":"https:\/\/labestiadeportiva.com\/lbd\/wp-json\/wp\/v2\/types\/post"}],"author":[{"embeddable":true,"href":"https:\/\/labestiadeportiva.com\/lbd\/wp-json\/wp\/v2\/users\/1"}],"replies":[{"embeddable":true,"href":"https:\/\/labestiadeportiva.com\/lbd\/wp-json\/wp\/v2\/comments?post=48354"}],"version-history":[{"count":1,"href":"https:\/\/labestiadeportiva.com\/lbd\/wp-json\/wp\/v2\/posts\/48354\/revisions"}],"predecessor-version":[{"id":48358,"href":"https:\/\/labestiadeportiva.com\/lbd\/wp-json\/wp\/v2\/posts\/48354\/revisions\/48358"}],"wp:attachment":[{"href":"https:\/\/labestiadeportiva.com\/lbd\/wp-json\/wp\/v2\/media?parent=48354"}],"wp:term":[{"taxonomy":"category","embeddable":true,"href":"https:\/\/labestiadeportiva.com\/lbd\/wp-json\/wp\/v2\/categories?post=48354"},{"taxonomy":"post_tag","embeddable":true,"href":"https:\/\/labestiadeportiva.com\/lbd\/wp-json\/wp\/v2\/tags?post=48354"}],"curies":[{"name":"wp","href":"https:\/\/api.w.org\/{rel}","templated":true}]}}