{"id":48411,"date":"2024-01-23T18:18:35","date_gmt":"2024-01-23T21:18:35","guid":{"rendered":"http:\/\/labestiadeportiva.com\/lbd\/?p=48411"},"modified":"2024-01-23T18:18:37","modified_gmt":"2024-01-23T21:18:37","slug":"contento-de-sumarme-al-equipo-y-poder-jugar-la-copa-libertadores-audio-exclusivo","status":"publish","type":"post","link":"https:\/\/labestiadeportiva.com\/lbd\/contento-de-sumarme-al-equipo-y-poder-jugar-la-copa-libertadores-audio-exclusivo\/","title":{"rendered":"\u00abContento de sumarme al equipo y poder jugar la  Copa Libertadores\u00bb (Audio Exclusivo)"},"content":{"rendered":"\n<figure class=\"wp-block-image size-large\"><a href=\"http:\/\/labestiadeportiva.com\/lbd\/wp-content\/uploads\/2024\/01\/1000151633.jpg\"><img loading=\"lazy\" width=\"834\" height=\"1024\" src=\"http:\/\/labestiadeportiva.com\/lbd\/wp-content\/uploads\/2024\/01\/1000151633-834x1024.jpg\" alt=\"\" class=\"wp-image-48412\" srcset=\"https:\/\/labestiadeportiva.com\/lbd\/wp-content\/uploads\/2024\/01\/1000151633-834x1024.jpg 834w, https:\/\/labestiadeportiva.com\/lbd\/wp-content\/uploads\/2024\/01\/1000151633-244x300.jpg 244w, https:\/\/labestiadeportiva.com\/lbd\/wp-content\/uploads\/2024\/01\/1000151633-768x942.jpg 768w, https:\/\/labestiadeportiva.com\/lbd\/wp-content\/uploads\/2024\/01\/1000151633-1252x1536.jpg 1252w, https:\/\/labestiadeportiva.com\/lbd\/wp-content\/uploads\/2024\/01\/1000151633-640x785.jpg 640w, https:\/\/labestiadeportiva.com\/lbd\/wp-content\/uploads\/2024\/01\/1000151633.jpg 1290w\" sizes=\"(max-width: 834px) 100vw, 834px\" \/><\/a><\/figure>\n\n\n\n<figure class=\"wp-block-image size-full is-resized\"><a href=\"http:\/\/labestiadeportiva.com\/lbd\/wp-content\/uploads\/2022\/11\/CARA_PEREZ-2.jpg\"><img loading=\"lazy\" src=\"http:\/\/labestiadeportiva.com\/lbd\/wp-content\/uploads\/2022\/11\/CARA_PEREZ-2.jpg\" alt=\"\" class=\"wp-image-43576\" width=\"370\" height=\"76\" srcset=\"https:\/\/labestiadeportiva.com\/lbd\/wp-content\/uploads\/2022\/11\/CARA_PEREZ-2.jpg 600w, https:\/\/labestiadeportiva.com\/lbd\/wp-content\/uploads\/2022\/11\/CARA_PEREZ-2-300x62.jpg 300w\" sizes=\"(max-width: 370px) 100vw, 370px\" \/><\/a><\/figure>\n\n\n\n<p>El ushuaiense Oliver Ben\u00edtez se convirti\u00f3 en el flamante refuerzo del Deportivo T\u00e1chira. Desde San Crist\u00f3bal nos di\u00f3 detalles de su llegada al equipo venezolano. <\/p>\n\n\n\n<p>El defensor fueguino viene de defender los colores de Sports Boys peruano. <\/p>\n\n\n\n<!--more-->\n\n\n\n<figure class=\"wp-block-embed is-type-video is-provider-youtube wp-block-embed-youtube wp-embed-aspect-4-3 wp-has-aspect-ratio\"><div class=\"wp-block-embed__wrapper\">\n<iframe loading=\"lazy\" title=\"Audio Oliver Ben\u00edtez\" width=\"474\" height=\"356\" src=\"https:\/\/www.youtube.com\/embed\/mZDP7od9Ix0?feature=oembed\" frameborder=\"0\" allow=\"accelerometer; autoplay; clipboard-write; encrypted-media; gyroscope; picture-in-picture; web-share\" allowfullscreen><\/iframe>\n<\/div><\/figure>\n<div class='epvc-post-count'><span class='epvc-eye'><\/span>  <span class=\"epvc-count\"> 1.636<\/span><span class='epvc-label'> veces le\u00edda<\/span><\/div>\n<div class=\"jwsharethis\">\nShare this: \n<br \/>\n<a href=\"mailto:?subject=%C2%ABContento%20de%20sumarme%20al%20equipo%20y%20poder%20jugar%20la%20%20Copa%20Libertadores%C2%BB%20%28Audio%20Exclusivo%29&amp;body=https%3A%2F%2Flabestiadeportiva.com%2Flbd%2Fcontento-de-sumarme-al-equipo-y-poder-jugar-la-copa-libertadores-audio-exclusivo%2F\">\n<img src=\"https:\/\/labestiadeportiva.com\/lbd\/wp-content\/plugins\/jw-share-this\/email.png\" alt=\"Share this page via Email\" \/>\n<\/a>\n<a target=\"_blank\" href=\"http:\/\/www.stumbleupon.com\/submit?url=https%3A%2F%2Flabestiadeportiva.com%2Flbd%2Fcontento-de-sumarme-al-equipo-y-poder-jugar-la-copa-libertadores-audio-exclusivo%2F&amp;title=%C2%ABContento+de+sumarme+al+equipo+y+poder+jugar+la++Copa+Libertadores%C2%BB+%28Audio+Exclusivo%29\">\n<img src=\"https:\/\/labestiadeportiva.com\/lbd\/wp-content\/plugins\/jw-share-this\/su.png\" alt=\"Share this page via Stumble Upon\" \/>\n<\/a>\n<a target=\"_blank\" href=\"http:\/\/digg.com\/submit?url=https%3A%2F%2Flabestiadeportiva.com%2Flbd%2Fcontento-de-sumarme-al-equipo-y-poder-jugar-la-copa-libertadores-audio-exclusivo%2F&amp;title=%C2%ABContento+de+sumarme+al+equipo+y+poder+jugar+la++Copa+Libertadores%C2%BB+%28Audio+Exclusivo%29\">\n<img src=\"https:\/\/labestiadeportiva.com\/lbd\/wp-content\/plugins\/jw-share-this\/digg.png\" alt=\"Share this page via Digg this\" \/>\n<\/a>\n<a target=\"_blank\" href=\"http:\/\/www.facebook.com\/sharer.php?u=https%3A%2F%2Flabestiadeportiva.com%2Flbd%2Fcontento-de-sumarme-al-equipo-y-poder-jugar-la-copa-libertadores-audio-exclusivo%2F&amp;t=%C2%ABContento+de+sumarme+al+equipo+y+poder+jugar+la++Copa+Libertadores%C2%BB+%28Audio+Exclusivo%29\">\n<img src=\"https:\/\/labestiadeportiva.com\/lbd\/wp-content\/plugins\/jw-share-this\/fb.png\" alt=\"Share this page via Facebook\" \/>\n<\/a>\n<a target=\"_blank\" href=\"http:\/\/twitter.com\/intent\/tweet?text=I+like+https%3A%2F%2Flabestiadeportiva.com%2Flbd%2Fcontento-de-sumarme-al-equipo-y-poder-jugar-la-copa-libertadores-audio-exclusivo%2F&amp;title=%C2%ABContento+de+sumarme+al+equipo+y+poder+jugar+la++Copa+Libertadores%C2%BB+%28Audio+Exclusivo%29\">\n<img src=\"https:\/\/labestiadeportiva.com\/lbd\/wp-content\/plugins\/jw-share-this\/twitter.png\" alt=\"Share this page via Twitter\" \/>\n<\/a>\n<\/div>\n","protected":false},"excerpt":{"rendered":"<p>El ushuaiense Oliver Ben\u00edtez se convirti\u00f3 en el flamante refuerzo del Deportivo T\u00e1chira. Desde San Crist\u00f3bal nos di\u00f3 detalles de su llegada al equipo venezolano. El defensor fueguino viene de defender los colores de Sports Boys peruano. 1.636 veces le\u00edda Share this:<\/p>\n","protected":false},"author":1,"featured_media":0,"comment_status":"open","ping_status":"open","sticky":false,"template":"","format":"standard","meta":[],"categories":[5,4,6,14,1],"tags":[5249,4830,83,4974],"_links":{"self":[{"href":"https:\/\/labestiadeportiva.com\/lbd\/wp-json\/wp\/v2\/posts\/48411"}],"collection":[{"href":"https:\/\/labestiadeportiva.com\/lbd\/wp-json\/wp\/v2\/posts"}],"about":[{"href":"https:\/\/labestiadeportiva.com\/lbd\/wp-json\/wp\/v2\/types\/post"}],"author":[{"embeddable":true,"href":"https:\/\/labestiadeportiva.com\/lbd\/wp-json\/wp\/v2\/users\/1"}],"replies":[{"embeddable":true,"href":"https:\/\/labestiadeportiva.com\/lbd\/wp-json\/wp\/v2\/comments?post=48411"}],"version-history":[{"count":1,"href":"https:\/\/labestiadeportiva.com\/lbd\/wp-json\/wp\/v2\/posts\/48411\/revisions"}],"predecessor-version":[{"id":48413,"href":"https:\/\/labestiadeportiva.com\/lbd\/wp-json\/wp\/v2\/posts\/48411\/revisions\/48413"}],"wp:attachment":[{"href":"https:\/\/labestiadeportiva.com\/lbd\/wp-json\/wp\/v2\/media?parent=48411"}],"wp:term":[{"taxonomy":"category","embeddable":true,"href":"https:\/\/labestiadeportiva.com\/lbd\/wp-json\/wp\/v2\/categories?post=48411"},{"taxonomy":"post_tag","embeddable":true,"href":"https:\/\/labestiadeportiva.com\/lbd\/wp-json\/wp\/v2\/tags?post=48411"}],"curies":[{"name":"wp","href":"https:\/\/api.w.org\/{rel}","templated":true}]}}