{"id":4842,"date":"2013-06-06T04:37:39","date_gmt":"2013-06-06T04:37:39","guid":{"rendered":"http:\/\/labestiadeportiva.com\/lbd\/?p=4842"},"modified":"2013-06-06T04:37:39","modified_gmt":"2013-06-06T04:37:39","slug":"hermann-jugara-en-atenas-2","status":"publish","type":"post","link":"https:\/\/labestiadeportiva.com\/lbd\/hermann-jugara-en-atenas-2\/","title":{"rendered":"Hermann jugar\u00e1 en Atenas"},"content":{"rendered":"<p class=\"MsoNormal\">Por Mart\u00edn Velasco (Corresponsal LBD en C\u00f3rdoba) \/@tinkavelasco<\/p>\n<p class=\"MsoNormal\"><a href=\"http:\/\/labestiadeportiva.com\/lbd\/wp-content\/uploads\/2013\/06\/Hermann2.jpg\"><img loading=\"lazy\" class=\"alignleft size-medium wp-image-4845\" title=\"Hermann\" src=\"http:\/\/labestiadeportiva.com\/lbd\/wp-content\/uploads\/2013\/06\/Hermann2-300x164.jpg\" alt=\"\" width=\"300\" height=\"164\" srcset=\"https:\/\/labestiadeportiva.com\/lbd\/wp-content\/uploads\/2013\/06\/Hermann2-300x164.jpg 300w, https:\/\/labestiadeportiva.com\/lbd\/wp-content\/uploads\/2013\/06\/Hermann2.jpg 640w\" sizes=\"(max-width: 300px) 100vw, 300px\" \/><\/a>El alero se pondr\u00e1 la camiseta del Griego en la pr\u00f3xima temporada de la Liga Nacional de B\u00e1squet. Tambi\u00e9n firmaron los hermanos Milanesio: Mario como entrenador y Marcelo como asesor deportivo.<\/p>\n<p class=\"MsoNormal\">En busca de formar un gran equipo para volver a los primeros planos, Atenas se asegur\u00f3 la llegada de un jugador de peso. Walter Hermann, qui\u00e9n se hab\u00eda retirado de la actividad profesional y se encontraba en Uni\u00f3n Deportiva de Venado Tuerto, su ciudad natal, decidi\u00f3 tener otra etapa en C\u00f3rdoba, con una camiseta que ya visti\u00f3 (disput\u00f3 dos temporadas) y la cual le posibilit\u00f3 emigrar a mostrar sus cualidades en Europa y luego a la NBA.<!--morePara leer Click Aqu\u00ed--><\/p>\n<p class=\"MsoNormal\">De la mano de Felipe L\u00e1baque, Presidente de la instituci\u00f3n, los de General Bustos quieren retomar la senda de la victoria y los logros, opacada estos \u00faltimos a\u00f1os por malos desempe\u00f1os en Liga Nacional.<\/p>\n<p class=\"MsoNormal\">Ya cerraron el primer refuerzo de jerarqu\u00eda para saltar al terreno, y adem\u00e1s consiguieron la contrataci\u00f3n de un apellido con mucha historia en el club, Milanesio. As\u00ed, Mario ser\u00e1 el entrenador del equipo y Marcelo, el \u00eddolo m\u00e1ximo del cuadro Griego, su asesor deportivo.<\/p>\n<div class='epvc-post-count'><span class='epvc-eye'><\/span>  <span class=\"epvc-count\"> 983<\/span><span class='epvc-label'> veces le\u00edda<\/span><\/div>\n<div class=\"jwsharethis\">\nShare this: \n<br \/>\n<a href=\"mailto:?subject=Hermann%20jugar%C3%A1%20en%20Atenas&amp;body=https%3A%2F%2Flabestiadeportiva.com%2Flbd%2Fhermann-jugara-en-atenas-2%2F\">\n<img src=\"https:\/\/labestiadeportiva.com\/lbd\/wp-content\/plugins\/jw-share-this\/email.png\" alt=\"Share this page via Email\" \/>\n<\/a>\n<a target=\"_blank\" href=\"http:\/\/www.stumbleupon.com\/submit?url=https%3A%2F%2Flabestiadeportiva.com%2Flbd%2Fhermann-jugara-en-atenas-2%2F&amp;title=Hermann+jugar%C3%A1+en+Atenas\">\n<img src=\"https:\/\/labestiadeportiva.com\/lbd\/wp-content\/plugins\/jw-share-this\/su.png\" alt=\"Share this page via Stumble Upon\" \/>\n<\/a>\n<a target=\"_blank\" href=\"http:\/\/digg.com\/submit?url=https%3A%2F%2Flabestiadeportiva.com%2Flbd%2Fhermann-jugara-en-atenas-2%2F&amp;title=Hermann+jugar%C3%A1+en+Atenas\">\n<img src=\"https:\/\/labestiadeportiva.com\/lbd\/wp-content\/plugins\/jw-share-this\/digg.png\" alt=\"Share this page via Digg this\" \/>\n<\/a>\n<a target=\"_blank\" href=\"http:\/\/www.facebook.com\/sharer.php?u=https%3A%2F%2Flabestiadeportiva.com%2Flbd%2Fhermann-jugara-en-atenas-2%2F&amp;t=Hermann+jugar%C3%A1+en+Atenas\">\n<img src=\"https:\/\/labestiadeportiva.com\/lbd\/wp-content\/plugins\/jw-share-this\/fb.png\" alt=\"Share this page via Facebook\" \/>\n<\/a>\n<a target=\"_blank\" href=\"http:\/\/twitter.com\/intent\/tweet?text=I+like+https%3A%2F%2Flabestiadeportiva.com%2Flbd%2Fhermann-jugara-en-atenas-2%2F&amp;title=Hermann+jugar%C3%A1+en+Atenas\">\n<img src=\"https:\/\/labestiadeportiva.com\/lbd\/wp-content\/plugins\/jw-share-this\/twitter.png\" alt=\"Share this page via Twitter\" \/>\n<\/a>\n<\/div>\n","protected":false},"excerpt":{"rendered":"<p>Por Mart\u00edn Velasco (Corresponsal LBD en C\u00f3rdoba) \/@tinkavelasco El alero se pondr\u00e1 la camiseta del Griego en la pr\u00f3xima temporada de la Liga Nacional de B\u00e1squet. Tambi\u00e9n firmaron los hermanos Milanesio: Mario como entrenador y Marcelo como asesor deportivo. En busca de formar un gran equipo para volver a los primeros planos, Atenas se asegur\u00f3 &hellip; <a href=\"https:\/\/labestiadeportiva.com\/lbd\/hermann-jugara-en-atenas-2\/\" class=\"more-link\">Seguir leyendo <span class=\"screen-reader-text\">Hermann jugar\u00e1 en Atenas<\/span> <span class=\"meta-nav\">&rarr;<\/span><\/a><\/p>\n","protected":false},"author":1,"featured_media":4845,"comment_status":"open","ping_status":"open","sticky":false,"template":"","format":"standard","meta":[],"categories":[410,6,1],"tags":[171,335],"_links":{"self":[{"href":"https:\/\/labestiadeportiva.com\/lbd\/wp-json\/wp\/v2\/posts\/4842"}],"collection":[{"href":"https:\/\/labestiadeportiva.com\/lbd\/wp-json\/wp\/v2\/posts"}],"about":[{"href":"https:\/\/labestiadeportiva.com\/lbd\/wp-json\/wp\/v2\/types\/post"}],"author":[{"embeddable":true,"href":"https:\/\/labestiadeportiva.com\/lbd\/wp-json\/wp\/v2\/users\/1"}],"replies":[{"embeddable":true,"href":"https:\/\/labestiadeportiva.com\/lbd\/wp-json\/wp\/v2\/comments?post=4842"}],"version-history":[{"count":1,"href":"https:\/\/labestiadeportiva.com\/lbd\/wp-json\/wp\/v2\/posts\/4842\/revisions"}],"predecessor-version":[{"id":4846,"href":"https:\/\/labestiadeportiva.com\/lbd\/wp-json\/wp\/v2\/posts\/4842\/revisions\/4846"}],"wp:featuredmedia":[{"embeddable":true,"href":"https:\/\/labestiadeportiva.com\/lbd\/wp-json\/wp\/v2\/media\/4845"}],"wp:attachment":[{"href":"https:\/\/labestiadeportiva.com\/lbd\/wp-json\/wp\/v2\/media?parent=4842"}],"wp:term":[{"taxonomy":"category","embeddable":true,"href":"https:\/\/labestiadeportiva.com\/lbd\/wp-json\/wp\/v2\/categories?post=4842"},{"taxonomy":"post_tag","embeddable":true,"href":"https:\/\/labestiadeportiva.com\/lbd\/wp-json\/wp\/v2\/tags?post=4842"}],"curies":[{"name":"wp","href":"https:\/\/api.w.org\/{rel}","templated":true}]}}