{"id":4850,"date":"2013-06-06T04:49:51","date_gmt":"2013-06-06T04:49:51","guid":{"rendered":"http:\/\/labestiadeportiva.com\/lbd\/?p=4850"},"modified":"2013-06-06T04:49:51","modified_gmt":"2013-06-06T04:49:51","slug":"el-kun-de-la-gente","status":"publish","type":"post","link":"https:\/\/labestiadeportiva.com\/lbd\/el-kun-de-la-gente\/","title":{"rendered":"El Kun de la gente"},"content":{"rendered":"<p><em>Por Mauricio Zentner Lavori (Corresponsal LBD en Buenos Aires) \/ @MZLDeportes \/<\/em><\/p>\n<p>El fueguino Diego Acu\u00f1a sigue dando que hablar en la \u00e9lite del rugby nacional y volvi\u00f3 a convertir un try en el triunfo de Liceo Naval 18-8 ante Belgrano Athletic en el predio de Nu\u00f1ez por la 9\u00ba Fecha del Grupo I de la URBA. Con grandes posibilidades de ingresar al Top 14 el \u201cKun\u201d se ilusiona y dialog\u00f3 con nosotros. Las fotos son gentileza de Fernando Cicchetti.<\/p>\n<p style=\"text-align: center;\"><a href=\"http:\/\/labestiadeportiva.com\/lbd\/wp-content\/uploads\/2013\/06\/MZL-21.jpg\"><img loading=\"lazy\" class=\" wp-image-4851 aligncenter\" title=\"MZL 2\" src=\"http:\/\/labestiadeportiva.com\/lbd\/wp-content\/uploads\/2013\/06\/MZL-21.jpg\" alt=\"\" width=\"540\" height=\"210\" srcset=\"https:\/\/labestiadeportiva.com\/lbd\/wp-content\/uploads\/2013\/06\/MZL-21.jpg 900w, https:\/\/labestiadeportiva.com\/lbd\/wp-content\/uploads\/2013\/06\/MZL-21-300x116.jpg 300w\" sizes=\"(max-width: 540px) 100vw, 540px\" \/><!--moreLeer nota completa--><\/a><\/p>\n<p><span style=\"font-size: 13px;\">Hace tiempo que los amantes de la ovalada vienen luchando y trabajando para llegar a los primeros planos del rugby nacional y hoy Diego Acu\u00f1a representa todas aquellas voces que pugnaron por el sue\u00f1o de ser protagonista en la Uni\u00f3n de Rugby de Buenos Aires.<\/span><\/p>\n<p>Vistiendo la camiseta de Liceo Naval tras alejarse del Club Las \u00c1guilas (Ushuaia), el \u201cKun\u201d fue gan\u00e1ndose un lugar gracias a su humildad y trabajo constante sumado a su entrega total dentro del campo de juego.<\/p>\n<p>Si bien pasaron tiempos dif\u00edciles tras penar varias temporadas en el Grupo II, consiguieron el ascenso el a\u00f1o pasado y actualmente disfrutan de una realidad feliz, con resultados inesperados para el plantel.<\/p>\n<p>Este \u00faltimo fin de semana la v\u00edctima fue Belgrano Athletic, con la alegr\u00eda de definir el partido con un try del jugador ushuaiense: <span style=\"color: #ff0000;\"><em>\u201cSin lugar a dudas el equipo est\u00e1 muy bien, sobretodo en defensa, y por suerte las pelotas que tenemos para atacar las podemos transformar en puntos. En lo personal s\u00f3lo pienso en aportar al equipo y se me est\u00e1 dando de poder apoyar en el ingoal\u201d<\/em><\/span>.<\/p>\n<p>A lo que a\u00f1adi\u00f3 con tono reflexivo: <span style=\"color: #ff0000;\"><em>\u201cEl partido con Belgrano Athletic fue uno de los m\u00e1s duros porque ellos tienen gran nivel con los forwards y eso nos obligaba a ser inteligentes y no cometer errores. Lo que viene ser\u00e1 igual o peor ya que San Albano necesita ganar si o si para seguir con vida y nosotros vamos a ir a ganarlo porque realmente estamos bien y queremos mantenernos\u201d<\/em><\/span>.<\/p>\n<p>Para concluir analizando lo que podr\u00eda ser un pase al Top 14: <span style=\"color: #ff0000;\"><em>\u201cLlegar a esa instancia ser\u00eda algo impensado porque a principio de a\u00f1o la idea era hacer buenos partidos la Primera Ronda y despu\u00e9s mantenernos fuerte en la Reubicaci\u00f3n, pero nos toc\u00f3 vivir este presente y, adem\u00e1s de disfrutarlo, buscamos ratificarlo cada fin de semana que salimos a la cancha\u201d<\/em><\/span>.<\/p>\n<p>La pr\u00f3xima fecha (10\u00ba) se desarrollar\u00e1 el domingo 9 de Junio y el equipo del fueguino visitar\u00e1 a San Albano, conjunto que cosech\u00f3 tres victorias y seis derrotas en lo que va del certamen.<\/p>\n<p style=\"text-align: center;\"><a href=\"http:\/\/labestiadeportiva.com\/lbd\/wp-content\/uploads\/2013\/06\/MZL-31.jpg\"><img loading=\"lazy\" class=\"aligncenter  wp-image-4852\" title=\"MZL 3\" src=\"http:\/\/labestiadeportiva.com\/lbd\/wp-content\/uploads\/2013\/06\/MZL-31.jpg\" alt=\"\" width=\"540\" height=\"210\" srcset=\"https:\/\/labestiadeportiva.com\/lbd\/wp-content\/uploads\/2013\/06\/MZL-31.jpg 900w, https:\/\/labestiadeportiva.com\/lbd\/wp-content\/uploads\/2013\/06\/MZL-31-300x116.jpg 300w\" sizes=\"(max-width: 540px) 100vw, 540px\" \/><\/a><\/p>\n<p><span style=\"color: #0000ff;\">Posiciones Zona A &#8211; Grupo I<\/span><\/p>\n<p>1 Hind\u00fa 37 puntos<\/p>\n<p>2 CUBA 33 pts.<\/p>\n<p>3 Newman 33 pts.<\/p>\n<p>5 Liceo Naval 25 pts.<\/p>\n<p style=\"text-align: center;\"><a href=\"http:\/\/labestiadeportiva.com\/lbd\/wp-content\/uploads\/2013\/06\/MZL1.jpg\"><img loading=\"lazy\" class=\"aligncenter  wp-image-4853\" title=\"MZL\" src=\"http:\/\/labestiadeportiva.com\/lbd\/wp-content\/uploads\/2013\/06\/MZL1.jpg\" alt=\"\" width=\"540\" height=\"210\" srcset=\"https:\/\/labestiadeportiva.com\/lbd\/wp-content\/uploads\/2013\/06\/MZL1.jpg 900w, https:\/\/labestiadeportiva.com\/lbd\/wp-content\/uploads\/2013\/06\/MZL1-300x116.jpg 300w\" sizes=\"(max-width: 540px) 100vw, 540px\" \/><\/a><\/p>\n<p><span style=\"color: #0000ff;\">Liceo Naval Temporada 2013<\/span><\/p>\n<p>1\u00ba Fecha \/ Atl\u00e9tico del Rosario 14-33 Liceo Naval<\/p>\n<p>2\u00ba Fecha \/ Liceo Naval 6-29 Pucar\u00e1<\/p>\n<p>3\u00ba Fecha \/ Hind\u00fa 33-18 Liceo Naval<\/p>\n<p>4\u00ba Fecha \/ Liceo Naval 25-18 San Mart\u00edn<\/p>\n<p>5\u00ba Fecha \/ San Andr\u00e9s 3-19 Liceo Naval<\/p>\n<p>6\u00ba Fecha \/ Buenos Aires 9-21 Liceo Naval<\/p>\n<p>7\u00ba Fecha \/ Liceo Naval 9-28 CUBA<\/p>\n<p>8\u00ba Fecha \/ Lomas 10-20 Liceo Naval<\/p>\n<p>9\u00ba Fecha \/ Liceo Naval 18-8 Belgrano Athletic<\/p>\n<p>10\u00ba Fecha \/ San Albano vs. Liceo Naval [9 de Junio]<\/p>\n<p>11\u00ba Fecha \/ Liceo Naval vs. Newman [16 de Junio]<\/p>\n<div class='epvc-post-count'><span class='epvc-eye'><\/span>  <span class=\"epvc-count\"> 1.044<\/span><span class='epvc-label'> veces le\u00edda<\/span><\/div>\n<div class=\"jwsharethis\">\nShare this: \n<br \/>\n<a href=\"mailto:?subject=El%20Kun%20de%20la%20gente&amp;body=https%3A%2F%2Flabestiadeportiva.com%2Flbd%2Fel-kun-de-la-gente%2F\">\n<img src=\"https:\/\/labestiadeportiva.com\/lbd\/wp-content\/plugins\/jw-share-this\/email.png\" alt=\"Share this page via Email\" \/>\n<\/a>\n<a target=\"_blank\" href=\"http:\/\/www.stumbleupon.com\/submit?url=https%3A%2F%2Flabestiadeportiva.com%2Flbd%2Fel-kun-de-la-gente%2F&amp;title=El+Kun+de+la+gente\">\n<img src=\"https:\/\/labestiadeportiva.com\/lbd\/wp-content\/plugins\/jw-share-this\/su.png\" alt=\"Share this page via Stumble Upon\" \/>\n<\/a>\n<a target=\"_blank\" href=\"http:\/\/digg.com\/submit?url=https%3A%2F%2Flabestiadeportiva.com%2Flbd%2Fel-kun-de-la-gente%2F&amp;title=El+Kun+de+la+gente\">\n<img src=\"https:\/\/labestiadeportiva.com\/lbd\/wp-content\/plugins\/jw-share-this\/digg.png\" alt=\"Share this page via Digg this\" \/>\n<\/a>\n<a target=\"_blank\" href=\"http:\/\/www.facebook.com\/sharer.php?u=https%3A%2F%2Flabestiadeportiva.com%2Flbd%2Fel-kun-de-la-gente%2F&amp;t=El+Kun+de+la+gente\">\n<img src=\"https:\/\/labestiadeportiva.com\/lbd\/wp-content\/plugins\/jw-share-this\/fb.png\" alt=\"Share this page via Facebook\" \/>\n<\/a>\n<a target=\"_blank\" href=\"http:\/\/twitter.com\/intent\/tweet?text=I+like+https%3A%2F%2Flabestiadeportiva.com%2Flbd%2Fel-kun-de-la-gente%2F&amp;title=El+Kun+de+la+gente\">\n<img src=\"https:\/\/labestiadeportiva.com\/lbd\/wp-content\/plugins\/jw-share-this\/twitter.png\" alt=\"Share this page via Twitter\" \/>\n<\/a>\n<\/div>\n","protected":false},"excerpt":{"rendered":"<p>Por Mauricio Zentner Lavori (Corresponsal LBD en Buenos Aires) \/ @MZLDeportes \/ El fueguino Diego Acu\u00f1a sigue dando que hablar en la \u00e9lite del rugby nacional y volvi\u00f3 a convertir un try en el triunfo de Liceo Naval 18-8 ante Belgrano Athletic en el predio de Nu\u00f1ez por la 9\u00ba Fecha del Grupo I de &hellip; <a href=\"https:\/\/labestiadeportiva.com\/lbd\/el-kun-de-la-gente\/\" class=\"more-link\">Seguir leyendo <span class=\"screen-reader-text\">El Kun de la gente<\/span> <span class=\"meta-nav\">&rarr;<\/span><\/a><\/p>\n","protected":false},"author":1,"featured_media":4851,"comment_status":"open","ping_status":"open","sticky":false,"template":"","format":"standard","meta":[],"categories":[5,6,1],"tags":[651,4838,654,652,655,190,653],"_links":{"self":[{"href":"https:\/\/labestiadeportiva.com\/lbd\/wp-json\/wp\/v2\/posts\/4850"}],"collection":[{"href":"https:\/\/labestiadeportiva.com\/lbd\/wp-json\/wp\/v2\/posts"}],"about":[{"href":"https:\/\/labestiadeportiva.com\/lbd\/wp-json\/wp\/v2\/types\/post"}],"author":[{"embeddable":true,"href":"https:\/\/labestiadeportiva.com\/lbd\/wp-json\/wp\/v2\/users\/1"}],"replies":[{"embeddable":true,"href":"https:\/\/labestiadeportiva.com\/lbd\/wp-json\/wp\/v2\/comments?post=4850"}],"version-history":[{"count":1,"href":"https:\/\/labestiadeportiva.com\/lbd\/wp-json\/wp\/v2\/posts\/4850\/revisions"}],"predecessor-version":[{"id":4854,"href":"https:\/\/labestiadeportiva.com\/lbd\/wp-json\/wp\/v2\/posts\/4850\/revisions\/4854"}],"wp:featuredmedia":[{"embeddable":true,"href":"https:\/\/labestiadeportiva.com\/lbd\/wp-json\/wp\/v2\/media\/4851"}],"wp:attachment":[{"href":"https:\/\/labestiadeportiva.com\/lbd\/wp-json\/wp\/v2\/media?parent=4850"}],"wp:term":[{"taxonomy":"category","embeddable":true,"href":"https:\/\/labestiadeportiva.com\/lbd\/wp-json\/wp\/v2\/categories?post=4850"},{"taxonomy":"post_tag","embeddable":true,"href":"https:\/\/labestiadeportiva.com\/lbd\/wp-json\/wp\/v2\/tags?post=4850"}],"curies":[{"name":"wp","href":"https:\/\/api.w.org\/{rel}","templated":true}]}}