{"id":48536,"date":"2024-02-17T15:38:24","date_gmt":"2024-02-17T18:38:24","guid":{"rendered":"http:\/\/labestiadeportiva.com\/lbd\/?p=48536"},"modified":"2024-02-17T15:38:29","modified_gmt":"2024-02-17T18:38:29","slug":"guido-con-nuevo-club-buscara-el-ascenso-audio","status":"publish","type":"post","link":"https:\/\/labestiadeportiva.com\/lbd\/guido-con-nuevo-club-buscara-el-ascenso-audio\/","title":{"rendered":"Guido con nuevo club, buscar\u00e1 el ascenso (Audio)"},"content":{"rendered":"\n<figure class=\"wp-block-image size-large\"><a href=\"http:\/\/labestiadeportiva.com\/lbd\/wp-content\/uploads\/2024\/02\/1000164238.jpg\"><img loading=\"lazy\" width=\"768\" height=\"1024\" src=\"http:\/\/labestiadeportiva.com\/lbd\/wp-content\/uploads\/2024\/02\/1000164238-768x1024.jpg\" alt=\"\" class=\"wp-image-48537\" srcset=\"https:\/\/labestiadeportiva.com\/lbd\/wp-content\/uploads\/2024\/02\/1000164238-768x1024.jpg 768w, https:\/\/labestiadeportiva.com\/lbd\/wp-content\/uploads\/2024\/02\/1000164238-225x300.jpg 225w, https:\/\/labestiadeportiva.com\/lbd\/wp-content\/uploads\/2024\/02\/1000164238-1152x1536.jpg 1152w, https:\/\/labestiadeportiva.com\/lbd\/wp-content\/uploads\/2024\/02\/1000164238-640x853.jpg 640w, https:\/\/labestiadeportiva.com\/lbd\/wp-content\/uploads\/2024\/02\/1000164238.jpg 1200w\" sizes=\"(max-width: 768px) 100vw, 768px\" \/><\/a><\/figure>\n\n\n\n<figure class=\"wp-block-image size-full is-resized\"><a href=\"http:\/\/labestiadeportiva.com\/lbd\/wp-content\/uploads\/2022\/11\/CARA_PEREZ-2.jpg\"><img loading=\"lazy\" src=\"http:\/\/labestiadeportiva.com\/lbd\/wp-content\/uploads\/2022\/11\/CARA_PEREZ-2.jpg\" alt=\"\" class=\"wp-image-43576\" width=\"368\" height=\"75\" srcset=\"https:\/\/labestiadeportiva.com\/lbd\/wp-content\/uploads\/2022\/11\/CARA_PEREZ-2.jpg 600w, https:\/\/labestiadeportiva.com\/lbd\/wp-content\/uploads\/2022\/11\/CARA_PEREZ-2-300x62.jpg 300w\" sizes=\"(max-width: 368px) 100vw, 368px\" \/><\/a><\/figure>\n\n\n\n<p>El arquero r\u00edograndense, Guido Nogar, es nuevo jugador de Argentino de Monte Ma\u00edz, instituci\u00f3n que milita en el Federal \u00abA\u00bb.<\/p>\n\n\n\n<p>Contacto con el fueguino quien nos cont\u00f3 la experiencia europea, su regreso al f\u00fatbol argentino, y el nuevo desaf\u00edo en el club cordob\u00e9s que intentar\u00e1 llegar  a la \u00abB\u00bb Nacional.<\/p>\n\n\n\n<p>Compartimos sus dichos con los detalles de la actualidad del buen arquero de Tierra del Fuego.<\/p>\n\n\n\n<!--more-->\n\n\n\n<figure class=\"wp-block-embed is-type-video is-provider-youtube wp-block-embed-youtube wp-embed-aspect-4-3 wp-has-aspect-ratio\"><div class=\"wp-block-embed__wrapper\">\n<iframe loading=\"lazy\" title=\"Audio Guido Nogar\" width=\"474\" height=\"356\" src=\"https:\/\/www.youtube.com\/embed\/8pFh6kZe_RQ?feature=oembed\" frameborder=\"0\" allow=\"accelerometer; autoplay; clipboard-write; encrypted-media; gyroscope; picture-in-picture; web-share\" allowfullscreen><\/iframe>\n<\/div><\/figure>\n<div class='epvc-post-count'><span class='epvc-eye'><\/span>  <span class=\"epvc-count\"> 1.410<\/span><span class='epvc-label'> veces le\u00edda<\/span><\/div>\n<div class=\"jwsharethis\">\nShare this: \n<br \/>\n<a href=\"mailto:?subject=Guido%20con%20nuevo%20club%2C%20buscar%C3%A1%20el%20ascenso%20%28Audio%29&amp;body=https%3A%2F%2Flabestiadeportiva.com%2Flbd%2Fguido-con-nuevo-club-buscara-el-ascenso-audio%2F\">\n<img src=\"https:\/\/labestiadeportiva.com\/lbd\/wp-content\/plugins\/jw-share-this\/email.png\" alt=\"Share this page via Email\" \/>\n<\/a>\n<a target=\"_blank\" href=\"http:\/\/www.stumbleupon.com\/submit?url=https%3A%2F%2Flabestiadeportiva.com%2Flbd%2Fguido-con-nuevo-club-buscara-el-ascenso-audio%2F&amp;title=Guido+con+nuevo+club%2C+buscar%C3%A1+el+ascenso+%28Audio%29\">\n<img src=\"https:\/\/labestiadeportiva.com\/lbd\/wp-content\/plugins\/jw-share-this\/su.png\" alt=\"Share this page via Stumble Upon\" \/>\n<\/a>\n<a target=\"_blank\" href=\"http:\/\/digg.com\/submit?url=https%3A%2F%2Flabestiadeportiva.com%2Flbd%2Fguido-con-nuevo-club-buscara-el-ascenso-audio%2F&amp;title=Guido+con+nuevo+club%2C+buscar%C3%A1+el+ascenso+%28Audio%29\">\n<img src=\"https:\/\/labestiadeportiva.com\/lbd\/wp-content\/plugins\/jw-share-this\/digg.png\" alt=\"Share this page via Digg this\" \/>\n<\/a>\n<a target=\"_blank\" href=\"http:\/\/www.facebook.com\/sharer.php?u=https%3A%2F%2Flabestiadeportiva.com%2Flbd%2Fguido-con-nuevo-club-buscara-el-ascenso-audio%2F&amp;t=Guido+con+nuevo+club%2C+buscar%C3%A1+el+ascenso+%28Audio%29\">\n<img src=\"https:\/\/labestiadeportiva.com\/lbd\/wp-content\/plugins\/jw-share-this\/fb.png\" alt=\"Share this page via Facebook\" \/>\n<\/a>\n<a target=\"_blank\" href=\"http:\/\/twitter.com\/intent\/tweet?text=I+like+https%3A%2F%2Flabestiadeportiva.com%2Flbd%2Fguido-con-nuevo-club-buscara-el-ascenso-audio%2F&amp;title=Guido+con+nuevo+club%2C+buscar%C3%A1+el+ascenso+%28Audio%29\">\n<img src=\"https:\/\/labestiadeportiva.com\/lbd\/wp-content\/plugins\/jw-share-this\/twitter.png\" alt=\"Share this page via Twitter\" \/>\n<\/a>\n<\/div>\n","protected":false},"excerpt":{"rendered":"<p>El arquero r\u00edograndense, Guido Nogar, es nuevo jugador de Argentino de Monte Ma\u00edz, instituci\u00f3n que milita en el Federal \u00abA\u00bb. Contacto con el fueguino quien nos cont\u00f3 la experiencia europea, su regreso al f\u00fatbol argentino, y el nuevo desaf\u00edo en el club cordob\u00e9s que intentar\u00e1 llegar a la \u00abB\u00bb Nacional. Compartimos sus dichos con los &hellip; <a href=\"https:\/\/labestiadeportiva.com\/lbd\/guido-con-nuevo-club-buscara-el-ascenso-audio\/\" class=\"more-link\">Seguir leyendo <span class=\"screen-reader-text\">Guido con nuevo club, buscar\u00e1 el ascenso (Audio)<\/span> <span class=\"meta-nav\">&rarr;<\/span><\/a><\/p>\n","protected":false},"author":1,"featured_media":0,"comment_status":"open","ping_status":"open","sticky":false,"template":"","format":"standard","meta":[],"categories":[5,6,60,5263,1],"tags":[4838,1853,3905,83],"_links":{"self":[{"href":"https:\/\/labestiadeportiva.com\/lbd\/wp-json\/wp\/v2\/posts\/48536"}],"collection":[{"href":"https:\/\/labestiadeportiva.com\/lbd\/wp-json\/wp\/v2\/posts"}],"about":[{"href":"https:\/\/labestiadeportiva.com\/lbd\/wp-json\/wp\/v2\/types\/post"}],"author":[{"embeddable":true,"href":"https:\/\/labestiadeportiva.com\/lbd\/wp-json\/wp\/v2\/users\/1"}],"replies":[{"embeddable":true,"href":"https:\/\/labestiadeportiva.com\/lbd\/wp-json\/wp\/v2\/comments?post=48536"}],"version-history":[{"count":1,"href":"https:\/\/labestiadeportiva.com\/lbd\/wp-json\/wp\/v2\/posts\/48536\/revisions"}],"predecessor-version":[{"id":48538,"href":"https:\/\/labestiadeportiva.com\/lbd\/wp-json\/wp\/v2\/posts\/48536\/revisions\/48538"}],"wp:attachment":[{"href":"https:\/\/labestiadeportiva.com\/lbd\/wp-json\/wp\/v2\/media?parent=48536"}],"wp:term":[{"taxonomy":"category","embeddable":true,"href":"https:\/\/labestiadeportiva.com\/lbd\/wp-json\/wp\/v2\/categories?post=48536"},{"taxonomy":"post_tag","embeddable":true,"href":"https:\/\/labestiadeportiva.com\/lbd\/wp-json\/wp\/v2\/tags?post=48536"}],"curies":[{"name":"wp","href":"https:\/\/api.w.org\/{rel}","templated":true}]}}