{"id":486,"date":"2012-09-16T01:28:01","date_gmt":"2012-09-16T01:28:01","guid":{"rendered":"http:\/\/labestiadeportiva.com\/lbd\/?p=486"},"modified":"2012-09-16T01:28:01","modified_gmt":"2012-09-16T01:28:01","slug":"nubes-negras-sobre-parque-roca","status":"publish","type":"post","link":"https:\/\/labestiadeportiva.com\/lbd\/nubes-negras-sobre-parque-roca\/","title":{"rendered":"Nubes negras sobre Parque Roca"},"content":{"rendered":"<p>Por Mat\u00edas Pouso (Especial para LBD desde Parque Roca)<\/p>\n<p><a href=\"http:\/\/labestiadeportiva.com\/lbd\/wp-content\/uploads\/2012\/09\/DSCN4661.jpg\"><img loading=\"lazy\" class=\"alignleft size-medium wp-image-487\" title=\"DSCN4661\" src=\"http:\/\/labestiadeportiva.com\/lbd\/wp-content\/uploads\/2012\/09\/DSCN4661-300x225.jpg\" alt=\"\" width=\"300\" height=\"225\" srcset=\"https:\/\/labestiadeportiva.com\/lbd\/wp-content\/uploads\/2012\/09\/DSCN4661-300x225.jpg 300w, https:\/\/labestiadeportiva.com\/lbd\/wp-content\/uploads\/2012\/09\/DSCN4661.jpg 640w\" sizes=\"(max-width: 300px) 100vw, 300px\" \/><\/a>La pareja formada por Tomas Berdych y Radek Stepanek venci\u00f3 a los argentinos Eduardo Schwank y Carlos Berlocq por 6-3, 6-4 y 6-3; y pusieron adelante a su naci\u00f3n en la serie por 2 a 1. Ma\u00f1ana Argentina deber\u00eda ganar los dos partidos a disputarse para acceder a su quinta final. Mart\u00edn Jaite confirm\u00f3 la baja por lesi\u00f3n de Del Potro.<!--morePara leer Click Aqu\u00ed--><\/p>\n<p>La jugada del capit\u00e1n checo le dio el resultado deseado a su equipo, ya que los dos mejores singlistas de ese pa\u00eds vencieron a una pareja argentina que, si bien han obtenido buenos resultados en el circuito, nunca hab\u00edan jugado juntos por Copa Davis.<\/p>\n<p>Hoy se sinti\u00f3 fuertemente la ausencia del abanderado de gran parte de la \u00faltima d\u00e9cada en esta competencia, si bien Schwank es un buen doblista, la presencia de David Nalbandian a su lado potenciaba su fortaleza t\u00e9cnica y ocultaba algunas deficiencias propias de un tenista cuya especialidad es el singles.<\/p>\n<p>En ning\u00fan momento los argentinos pudieron tomar las riendas del encuentro, desde el primer set que cada game de saque local era una ardua batalla por evitar el quiebre; en tanto que del lado visitante, salvo contadas excepciones, todo fue m\u00e1s sencillo son su saque.<\/p>\n<p><a href=\"http:\/\/labestiadeportiva.com\/lbd\/wp-content\/uploads\/2012\/09\/DSCN4654.jpg\"><img loading=\"lazy\" class=\"aligncenter size-medium wp-image-488\" title=\"DSCN4654\" src=\"http:\/\/labestiadeportiva.com\/lbd\/wp-content\/uploads\/2012\/09\/DSCN4654-300x175.jpg\" alt=\"\" width=\"300\" height=\"175\" srcset=\"https:\/\/labestiadeportiva.com\/lbd\/wp-content\/uploads\/2012\/09\/DSCN4654-300x175.jpg 300w, https:\/\/labestiadeportiva.com\/lbd\/wp-content\/uploads\/2012\/09\/DSCN4654.jpg 640w\" sizes=\"(max-width: 300px) 100vw, 300px\" \/><\/a>Fueron nueve las oportunidades que tuvieron los checos de quedarse con el servicio rival, de las que aprovecharon dos y con eso les bast\u00f3 adue\u00f1arse de ese primer parcial.<\/p>\n<p>El arranque del segundo set fue auspicioso para Argentina,\u00a0 con un quiebre sobre el saque de Stepanek la remontada parec\u00eda posible, pero la ilusi\u00f3n dur\u00f3 poco ya que los cuatro games siguientes fueron para los europeos. Schwank fue el\u00a0 m\u00e1s err\u00e1tico con el servicio y quien m\u00e1s veces fue quebrado.<\/p>\n<p>Ya en la \u00faltima manga, los finalistas en 2009 se decidieron a pisar el acelerador y terminar este punto lo m\u00e1s r\u00e1pido posible pensando en que ma\u00f1ana aunque sea uno de ellos volver\u00e1 a salir a la cancha.<\/p>\n<p>Un solo quiebre, nuevamente sobre el servicio del santafesino les fue suficiente para adjudicarse esta important\u00edsima victoria que inclina la balanza para su lado en vistas a un domingo en el que Argentina depende de una jornada perfecta para seguir con vida en la Copa.<\/p>\n<p><a href=\"http:\/\/labestiadeportiva.com\/lbd\/wp-content\/uploads\/2012\/09\/DSCN4633.jpg\"><img loading=\"lazy\" class=\"aligncenter size-medium wp-image-489\" title=\"DSCN4633\" src=\"http:\/\/labestiadeportiva.com\/lbd\/wp-content\/uploads\/2012\/09\/DSCN4633-300x166.jpg\" alt=\"\" width=\"300\" height=\"166\" srcset=\"https:\/\/labestiadeportiva.com\/lbd\/wp-content\/uploads\/2012\/09\/DSCN4633-300x166.jpg 300w, https:\/\/labestiadeportiva.com\/lbd\/wp-content\/uploads\/2012\/09\/DSCN4633.jpg 640w\" sizes=\"(max-width: 300px) 100vw, 300px\" \/><\/a>La derrota fue la primera mala noticia del d\u00eda, pero no la \u00fanica, el capit\u00e1n del equipo argentino confirm\u00f3 luego del partido la ausencia de Juan Mart\u00edn Del Potro en el cuarto punto.<\/p>\n<p>La lesi\u00f3n en la mu\u00f1eca izquierda que lo viene agobiando hace varias semanas oblig\u00f3 al mejor tenista argentino a dar un paso al costado, pero la decisi\u00f3n abri\u00f3 varios interrogantes.<\/p>\n<p>Seg\u00fan Jaite, desde el viernes a la noche se sab\u00eda que el tandilense no jugar\u00eda su segundo encuentro este fin de semana; ahora bien, si ya hace tantas semanas y tantos partidos que viene jugando con esa molestia en su mano no h\u00e1bil, \u00bfTan intenso ser\u00e1 el dolor que lo obliga a marginarse de este encuentro crucial para el destino del conjunto nacional en esta Copa Davis? Con m\u00e1s de un d\u00eda para observar el progreso de la lesi\u00f3n, \u00bfno se podr\u00eda haber especulado hasta \u00faltimo momento pensando en una posible mejora? Dicen que el clima dentro del grupo es de total optimismo y tranquilidad, \u00bfser\u00e1 realmente as\u00ed o las aguas se encuentran nuevamente turbias como ya ha pasado en alg\u00fan momento? Los resultados de ma\u00f1ana condicionar\u00e1n qu\u00e9 tanto sabremos de todo esto.<\/p>\n<p>En lo que al tenis respecta, y si el clima lo permite, en el \u00faltimo d\u00eda la competencia arrancar\u00e1 a las 10.30 con Tomas Berdych buscando darle el pase a la final a su pa\u00eds frente a Carlos Berlocq, remplazante de Del Potro; el resultado de ese encuentro ser\u00e1 el condicionante de qui\u00e9nes saldr\u00e1n a la cancha a continuaci\u00f3n, en el caso de que se d\u00e9 el batacazo M\u00f3naco enfrentar\u00e1 a Stepanek, si no hubiere sorpresas, los tenistas ser\u00edan designados a \u00faltimo momento por los capitanes. Las chances del bonaerense son \u00ednfimas contra el mejor tenista checo, pero en el deporte nunca nada est\u00e1 escrito de antemano as\u00ed que todo se sabr\u00e1 reci\u00e9n cuando el \u00e1rbitro pronuncie la frase \u201cgame, set and match\u201d en favor de uno o de otro.<\/p>\n<p><a href=\"http:\/\/labestiadeportiva.com\/lbd\/wp-content\/uploads\/2012\/09\/DSCN4698.jpg\"><img loading=\"lazy\" class=\"aligncenter size-medium wp-image-490\" title=\"DSCN4698\" src=\"http:\/\/labestiadeportiva.com\/lbd\/wp-content\/uploads\/2012\/09\/DSCN4698-300x225.jpg\" alt=\"\" width=\"300\" height=\"225\" srcset=\"https:\/\/labestiadeportiva.com\/lbd\/wp-content\/uploads\/2012\/09\/DSCN4698-300x225.jpg 300w, https:\/\/labestiadeportiva.com\/lbd\/wp-content\/uploads\/2012\/09\/DSCN4698.jpg 640w\" sizes=\"(max-width: 300px) 100vw, 300px\" \/><\/a><\/p>\n<div class='epvc-post-count'><span class='epvc-eye'><\/span>  <span class=\"epvc-count\"> 1.124<\/span><span class='epvc-label'> veces le\u00edda<\/span><\/div>\n<div class=\"jwsharethis\">\nShare this: \n<br \/>\n<a href=\"mailto:?subject=Nubes%20negras%20sobre%20Parque%20Roca&amp;body=https%3A%2F%2Flabestiadeportiva.com%2Flbd%2Fnubes-negras-sobre-parque-roca%2F\">\n<img src=\"https:\/\/labestiadeportiva.com\/lbd\/wp-content\/plugins\/jw-share-this\/email.png\" alt=\"Share this page via Email\" \/>\n<\/a>\n<a target=\"_blank\" href=\"http:\/\/www.stumbleupon.com\/submit?url=https%3A%2F%2Flabestiadeportiva.com%2Flbd%2Fnubes-negras-sobre-parque-roca%2F&amp;title=Nubes+negras+sobre+Parque+Roca\">\n<img src=\"https:\/\/labestiadeportiva.com\/lbd\/wp-content\/plugins\/jw-share-this\/su.png\" alt=\"Share this page via Stumble Upon\" \/>\n<\/a>\n<a target=\"_blank\" href=\"http:\/\/digg.com\/submit?url=https%3A%2F%2Flabestiadeportiva.com%2Flbd%2Fnubes-negras-sobre-parque-roca%2F&amp;title=Nubes+negras+sobre+Parque+Roca\">\n<img src=\"https:\/\/labestiadeportiva.com\/lbd\/wp-content\/plugins\/jw-share-this\/digg.png\" alt=\"Share this page via Digg this\" \/>\n<\/a>\n<a target=\"_blank\" href=\"http:\/\/www.facebook.com\/sharer.php?u=https%3A%2F%2Flabestiadeportiva.com%2Flbd%2Fnubes-negras-sobre-parque-roca%2F&amp;t=Nubes+negras+sobre+Parque+Roca\">\n<img src=\"https:\/\/labestiadeportiva.com\/lbd\/wp-content\/plugins\/jw-share-this\/fb.png\" alt=\"Share this page via Facebook\" \/>\n<\/a>\n<a target=\"_blank\" href=\"http:\/\/twitter.com\/intent\/tweet?text=I+like+https%3A%2F%2Flabestiadeportiva.com%2Flbd%2Fnubes-negras-sobre-parque-roca%2F&amp;title=Nubes+negras+sobre+Parque+Roca\">\n<img src=\"https:\/\/labestiadeportiva.com\/lbd\/wp-content\/plugins\/jw-share-this\/twitter.png\" alt=\"Share this page via Twitter\" \/>\n<\/a>\n<\/div>\n","protected":false},"excerpt":{"rendered":"<p>Por Mat\u00edas Pouso (Especial para LBD desde Parque Roca) La pareja formada por Tomas Berdych y Radek Stepanek venci\u00f3 a los argentinos Eduardo Schwank y Carlos Berlocq por 6-3, 6-4 y 6-3; y pusieron adelante a su naci\u00f3n en la serie por 2 a 1. Ma\u00f1ana Argentina deber\u00eda ganar los dos partidos a disputarse para &hellip; <a href=\"https:\/\/labestiadeportiva.com\/lbd\/nubes-negras-sobre-parque-roca\/\" class=\"more-link\">Seguir leyendo <span class=\"screen-reader-text\">Nubes negras sobre Parque Roca<\/span> <span class=\"meta-nav\">&rarr;<\/span><\/a><\/p>\n","protected":false},"author":1,"featured_media":487,"comment_status":"open","ping_status":"open","sticky":false,"template":"","format":"standard","meta":[],"categories":[4,1,39],"tags":[40,97],"_links":{"self":[{"href":"https:\/\/labestiadeportiva.com\/lbd\/wp-json\/wp\/v2\/posts\/486"}],"collection":[{"href":"https:\/\/labestiadeportiva.com\/lbd\/wp-json\/wp\/v2\/posts"}],"about":[{"href":"https:\/\/labestiadeportiva.com\/lbd\/wp-json\/wp\/v2\/types\/post"}],"author":[{"embeddable":true,"href":"https:\/\/labestiadeportiva.com\/lbd\/wp-json\/wp\/v2\/users\/1"}],"replies":[{"embeddable":true,"href":"https:\/\/labestiadeportiva.com\/lbd\/wp-json\/wp\/v2\/comments?post=486"}],"version-history":[{"count":1,"href":"https:\/\/labestiadeportiva.com\/lbd\/wp-json\/wp\/v2\/posts\/486\/revisions"}],"predecessor-version":[{"id":491,"href":"https:\/\/labestiadeportiva.com\/lbd\/wp-json\/wp\/v2\/posts\/486\/revisions\/491"}],"wp:featuredmedia":[{"embeddable":true,"href":"https:\/\/labestiadeportiva.com\/lbd\/wp-json\/wp\/v2\/media\/487"}],"wp:attachment":[{"href":"https:\/\/labestiadeportiva.com\/lbd\/wp-json\/wp\/v2\/media?parent=486"}],"wp:term":[{"taxonomy":"category","embeddable":true,"href":"https:\/\/labestiadeportiva.com\/lbd\/wp-json\/wp\/v2\/categories?post=486"},{"taxonomy":"post_tag","embeddable":true,"href":"https:\/\/labestiadeportiva.com\/lbd\/wp-json\/wp\/v2\/tags?post=486"}],"curies":[{"name":"wp","href":"https:\/\/api.w.org\/{rel}","templated":true}]}}