{"id":48864,"date":"2024-03-26T23:29:53","date_gmt":"2024-03-27T02:29:53","guid":{"rendered":"http:\/\/labestiadeportiva.com\/lbd\/?p=48864"},"modified":"2024-03-26T23:29:55","modified_gmt":"2024-03-27T02:29:55","slug":"estamos-a-las-corridas-los-ultimos-dias-son-los-mas-complicados-audio","status":"publish","type":"post","link":"https:\/\/labestiadeportiva.com\/lbd\/estamos-a-las-corridas-los-ultimos-dias-son-los-mas-complicados-audio\/","title":{"rendered":"\u00abEstamos a las corridas, los \u00faltimos d\u00edas son los m\u00e1s complicados\u00bb (Audio)"},"content":{"rendered":"\n<figure class=\"wp-block-image size-large\"><a href=\"http:\/\/labestiadeportiva.com\/lbd\/wp-content\/uploads\/2024\/03\/1000192679.jpg\"><img loading=\"lazy\" width=\"819\" height=\"1024\" src=\"http:\/\/labestiadeportiva.com\/lbd\/wp-content\/uploads\/2024\/03\/1000192679-819x1024.jpg\" alt=\"\" class=\"wp-image-48865\" srcset=\"https:\/\/labestiadeportiva.com\/lbd\/wp-content\/uploads\/2024\/03\/1000192679-819x1024.jpg 819w, https:\/\/labestiadeportiva.com\/lbd\/wp-content\/uploads\/2024\/03\/1000192679-240x300.jpg 240w, https:\/\/labestiadeportiva.com\/lbd\/wp-content\/uploads\/2024\/03\/1000192679-768x960.jpg 768w, https:\/\/labestiadeportiva.com\/lbd\/wp-content\/uploads\/2024\/03\/1000192679-640x800.jpg 640w, https:\/\/labestiadeportiva.com\/lbd\/wp-content\/uploads\/2024\/03\/1000192679.jpg 1080w\" sizes=\"(max-width: 819px) 100vw, 819px\" \/><\/a><\/figure>\n\n\n\n<figure class=\"wp-block-image size-full is-resized\"><a href=\"http:\/\/labestiadeportiva.com\/lbd\/wp-content\/uploads\/2022\/11\/CARA_PEREZ-2.jpg\"><img loading=\"lazy\" src=\"http:\/\/labestiadeportiva.com\/lbd\/wp-content\/uploads\/2022\/11\/CARA_PEREZ-2.jpg\" alt=\"\" class=\"wp-image-43576\" width=\"352\" height=\"72\" srcset=\"https:\/\/labestiadeportiva.com\/lbd\/wp-content\/uploads\/2022\/11\/CARA_PEREZ-2.jpg 600w, https:\/\/labestiadeportiva.com\/lbd\/wp-content\/uploads\/2022\/11\/CARA_PEREZ-2-300x62.jpg 300w\" sizes=\"(max-width: 352px) 100vw, 352px\" \/><\/a><\/figure>\n\n\n\n<p>Cuando quedan tan solo 72 horas para el comienzo de la 40\u00b0 edici\u00f3n de la VTDF nos contactamos con uno de los integrantes del Moto Club RG, Lalo Melogno.<\/p>\n\n\n\n<p>El dirigente nos cont\u00f3 las \u00faltimas actividades previas realizadas, inform\u00f3 que el jueves se sabr\u00e1 el n\u00famero definitivo de pilotos en condiciones de largar y aprovechamos el momento para repasar juntos las recomendaciones dirigidas al p\u00fablico que asistir\u00e1 a la prueba.<\/p>\n\n\n\n<p>Compartimos la entrevista lograda este martes en la 94.1 FM del Sur.<\/p>\n\n\n\n<!--more-->\n\n\n\n<figure class=\"wp-block-embed is-type-video is-provider-youtube wp-block-embed-youtube wp-embed-aspect-4-3 wp-has-aspect-ratio\"><div class=\"wp-block-embed__wrapper\">\n<iframe loading=\"lazy\" title=\"Audio Lalo Melogno\" width=\"474\" height=\"356\" src=\"https:\/\/www.youtube.com\/embed\/rba33zgvnWI?feature=oembed\" frameborder=\"0\" allow=\"accelerometer; autoplay; clipboard-write; encrypted-media; gyroscope; picture-in-picture; web-share\" referrerpolicy=\"strict-origin-when-cross-origin\" allowfullscreen><\/iframe>\n<\/div><\/figure>\n<div class='epvc-post-count'><span class='epvc-eye'><\/span>  <span class=\"epvc-count\"> 1.267<\/span><span class='epvc-label'> veces le\u00edda<\/span><\/div>\n<div class=\"jwsharethis\">\nShare this: \n<br \/>\n<a href=\"mailto:?subject=%C2%ABEstamos%20a%20las%20corridas%2C%20los%20%C3%BAltimos%20d%C3%ADas%20son%20los%20m%C3%A1s%20complicados%C2%BB%20%28Audio%29&amp;body=https%3A%2F%2Flabestiadeportiva.com%2Flbd%2Festamos-a-las-corridas-los-ultimos-dias-son-los-mas-complicados-audio%2F\">\n<img src=\"https:\/\/labestiadeportiva.com\/lbd\/wp-content\/plugins\/jw-share-this\/email.png\" alt=\"Share this page via Email\" \/>\n<\/a>\n<a target=\"_blank\" href=\"http:\/\/www.stumbleupon.com\/submit?url=https%3A%2F%2Flabestiadeportiva.com%2Flbd%2Festamos-a-las-corridas-los-ultimos-dias-son-los-mas-complicados-audio%2F&amp;title=%C2%ABEstamos+a+las+corridas%2C+los+%C3%BAltimos+d%C3%ADas+son+los+m%C3%A1s+complicados%C2%BB+%28Audio%29\">\n<img src=\"https:\/\/labestiadeportiva.com\/lbd\/wp-content\/plugins\/jw-share-this\/su.png\" alt=\"Share this page via Stumble Upon\" \/>\n<\/a>\n<a target=\"_blank\" href=\"http:\/\/digg.com\/submit?url=https%3A%2F%2Flabestiadeportiva.com%2Flbd%2Festamos-a-las-corridas-los-ultimos-dias-son-los-mas-complicados-audio%2F&amp;title=%C2%ABEstamos+a+las+corridas%2C+los+%C3%BAltimos+d%C3%ADas+son+los+m%C3%A1s+complicados%C2%BB+%28Audio%29\">\n<img src=\"https:\/\/labestiadeportiva.com\/lbd\/wp-content\/plugins\/jw-share-this\/digg.png\" alt=\"Share this page via Digg this\" \/>\n<\/a>\n<a target=\"_blank\" href=\"http:\/\/www.facebook.com\/sharer.php?u=https%3A%2F%2Flabestiadeportiva.com%2Flbd%2Festamos-a-las-corridas-los-ultimos-dias-son-los-mas-complicados-audio%2F&amp;t=%C2%ABEstamos+a+las+corridas%2C+los+%C3%BAltimos+d%C3%ADas+son+los+m%C3%A1s+complicados%C2%BB+%28Audio%29\">\n<img src=\"https:\/\/labestiadeportiva.com\/lbd\/wp-content\/plugins\/jw-share-this\/fb.png\" alt=\"Share this page via Facebook\" \/>\n<\/a>\n<a target=\"_blank\" href=\"http:\/\/twitter.com\/intent\/tweet?text=I+like+https%3A%2F%2Flabestiadeportiva.com%2Flbd%2Festamos-a-las-corridas-los-ultimos-dias-son-los-mas-complicados-audio%2F&amp;title=%C2%ABEstamos+a+las+corridas%2C+los+%C3%BAltimos+d%C3%ADas+son+los+m%C3%A1s+complicados%C2%BB+%28Audio%29\">\n<img src=\"https:\/\/labestiadeportiva.com\/lbd\/wp-content\/plugins\/jw-share-this\/twitter.png\" alt=\"Share this page via Twitter\" \/>\n<\/a>\n<\/div>\n","protected":false},"excerpt":{"rendered":"<p>Cuando quedan tan solo 72 horas para el comienzo de la 40\u00b0 edici\u00f3n de la VTDF nos contactamos con uno de los integrantes del Moto Club RG, Lalo Melogno. El dirigente nos cont\u00f3 las \u00faltimas actividades previas realizadas, inform\u00f3 que el jueves se sabr\u00e1 el n\u00famero definitivo de pilotos en condiciones de largar y aprovechamos &hellip; <a href=\"https:\/\/labestiadeportiva.com\/lbd\/estamos-a-las-corridas-los-ultimos-dias-son-los-mas-complicados-audio\/\" class=\"more-link\">Seguir leyendo <span class=\"screen-reader-text\">\u00abEstamos a las corridas, los \u00faltimos d\u00edas son los m\u00e1s complicados\u00bb (Audio)<\/span> <span class=\"meta-nav\">&rarr;<\/span><\/a><\/p>\n","protected":false},"author":1,"featured_media":0,"comment_status":"open","ping_status":"open","sticky":false,"template":"","format":"standard","meta":[],"categories":[5,4,6,60,2159,1,5241],"tags":[770,4719,4138,83,1362],"_links":{"self":[{"href":"https:\/\/labestiadeportiva.com\/lbd\/wp-json\/wp\/v2\/posts\/48864"}],"collection":[{"href":"https:\/\/labestiadeportiva.com\/lbd\/wp-json\/wp\/v2\/posts"}],"about":[{"href":"https:\/\/labestiadeportiva.com\/lbd\/wp-json\/wp\/v2\/types\/post"}],"author":[{"embeddable":true,"href":"https:\/\/labestiadeportiva.com\/lbd\/wp-json\/wp\/v2\/users\/1"}],"replies":[{"embeddable":true,"href":"https:\/\/labestiadeportiva.com\/lbd\/wp-json\/wp\/v2\/comments?post=48864"}],"version-history":[{"count":1,"href":"https:\/\/labestiadeportiva.com\/lbd\/wp-json\/wp\/v2\/posts\/48864\/revisions"}],"predecessor-version":[{"id":48866,"href":"https:\/\/labestiadeportiva.com\/lbd\/wp-json\/wp\/v2\/posts\/48864\/revisions\/48866"}],"wp:attachment":[{"href":"https:\/\/labestiadeportiva.com\/lbd\/wp-json\/wp\/v2\/media?parent=48864"}],"wp:term":[{"taxonomy":"category","embeddable":true,"href":"https:\/\/labestiadeportiva.com\/lbd\/wp-json\/wp\/v2\/categories?post=48864"},{"taxonomy":"post_tag","embeddable":true,"href":"https:\/\/labestiadeportiva.com\/lbd\/wp-json\/wp\/v2\/tags?post=48864"}],"curies":[{"name":"wp","href":"https:\/\/api.w.org\/{rel}","templated":true}]}}