{"id":48870,"date":"2024-03-28T00:08:27","date_gmt":"2024-03-28T03:08:27","guid":{"rendered":"http:\/\/labestiadeportiva.com\/lbd\/?p=48870"},"modified":"2024-03-28T00:08:30","modified_gmt":"2024-03-28T03:08:30","slug":"es-muy-positivo-en-el-lugar-que-nos-encontramos","status":"publish","type":"post","link":"https:\/\/labestiadeportiva.com\/lbd\/es-muy-positivo-en-el-lugar-que-nos-encontramos\/","title":{"rendered":"\u00abEs muy positivo en el lugar que nos encontramos\u00bb"},"content":{"rendered":"\n<figure class=\"wp-block-image size-large\"><a href=\"http:\/\/labestiadeportiva.com\/lbd\/wp-content\/uploads\/2024\/03\/1000195188.jpg\"><img loading=\"lazy\" width=\"1024\" height=\"683\" src=\"http:\/\/labestiadeportiva.com\/lbd\/wp-content\/uploads\/2024\/03\/1000195188-1024x683.jpg\" alt=\"\" class=\"wp-image-48871\" srcset=\"https:\/\/labestiadeportiva.com\/lbd\/wp-content\/uploads\/2024\/03\/1000195188-1024x683.jpg 1024w, https:\/\/labestiadeportiva.com\/lbd\/wp-content\/uploads\/2024\/03\/1000195188-300x200.jpg 300w, https:\/\/labestiadeportiva.com\/lbd\/wp-content\/uploads\/2024\/03\/1000195188-768x512.jpg 768w, https:\/\/labestiadeportiva.com\/lbd\/wp-content\/uploads\/2024\/03\/1000195188-1536x1024.jpg 1536w, https:\/\/labestiadeportiva.com\/lbd\/wp-content\/uploads\/2024\/03\/1000195188-640x427.jpg 640w, https:\/\/labestiadeportiva.com\/lbd\/wp-content\/uploads\/2024\/03\/1000195188.jpg 1599w\" sizes=\"(max-width: 1024px) 100vw, 1024px\" \/><\/a><\/figure>\n\n\n\n<figure class=\"wp-block-image size-full is-resized\"><a href=\"http:\/\/labestiadeportiva.com\/lbd\/wp-content\/uploads\/2022\/11\/CARA_BAROLI-1.jpg\"><img loading=\"lazy\" src=\"http:\/\/labestiadeportiva.com\/lbd\/wp-content\/uploads\/2022\/11\/CARA_BAROLI-1.jpg\" alt=\"\" class=\"wp-image-43574\" width=\"363\" height=\"74\" srcset=\"https:\/\/labestiadeportiva.com\/lbd\/wp-content\/uploads\/2022\/11\/CARA_BAROLI-1.jpg 600w, https:\/\/labestiadeportiva.com\/lbd\/wp-content\/uploads\/2022\/11\/CARA_BAROLI-1-300x62.jpg 300w\" sizes=\"(max-width: 363px) 100vw, 363px\" \/><\/a><\/figure>\n\n\n\n<p>Se avecina el cierre de la fase regular para Hispano Americano y pese a haber vivido un sinf\u00edn de dificultades a lo largo de la misma, el elenco Santacruce\u00f1o aspira a completar dicha fase de la mejor manera. Mat\u00edas Aristu, alero \u00abCeleste\u00bb, analiz\u00f3 posibles escenarios y lo que vendr\u00e1.<\/p>\n\n\n\n<!--more-->\n\n\n\n<p>\u00abLo que no te mata, te fortalece\u00bb reza el popular refr\u00e1n. Y los dirigidos por Eduardo Japez hacen honor de dicha frase. El Rosarino Mat\u00edas Aristu, de muy buena temporada en el elenco Patag\u00f3nico, analiz\u00f3 el presente del equipo: <\/p>\n\n\n\n<p>\u00abSe vienen los \u00faltimos dos partidos de la fase regular. Y haciendo retrospectiva de lo que viene siendo la temporada, veo que hoy nos encontramos en una situaci\u00f3n muy positiva en relaci\u00f3n a todas las adversidades que pasamos. <\/p>\n\n\n\n<p>No solamente como equipo, sino tambi\u00e9n como instituci\u00f3n. Muchos factores externos que nos fueron afectando, equipos sin completar, lesiones, bajas de jugadores por factores externos y muchas cosas m\u00e1s que fueron desviando los objetivos que nos hab\u00edamos planteado\u00bb.<\/p>\n\n\n\n<p>Pese a estas circunstancias cambiantes, Hispano encarar\u00e1 los \u00faltimos dos juegos ante su gente y desde el plantel son optimistas: <\/p>\n\n\n\n<p>\u00abNunca nos apoyamos en las excusas. Es muy positivo que el grupo siempre se repuso y siempre se apoy\u00f3, se fortaleci\u00f3, se recuper\u00f3 y sali\u00f3 adelante. Entonces todo ese proceso nos llev\u00f3 a crear una mentalidad y un compromiso grupal que facilitaba el d\u00eda a dia. <\/p>\n\n\n\n<p>Entonces en ese sentido es muy positivo y hoy en d\u00eda nos encontramos con posibilidades propias, dependemos de nosotros mismos para entrar en la reclasificaci\u00f3n sin jugar play-in\u00bb.<\/p>\n\n\n\n<p>El equipo de R\u00edo Gallegos cerrar\u00e1 la fase regular en condici\u00f3n de local ante dos dif\u00edciles rivales y as\u00ed los vislumbra Aristu: <\/p>\n\n\n\n<p>\u00abNos quedan dos partidos dur\u00edsimos, Villa Mitre y Deportivo Viedma. Y a los dos partidos los queremos ganar porque nos van a dejar mucho mejor en la tabla. Estamos trabajando para eso, terminando de recuperar lesiones. Es simplemente seguir haciendo lo que venimos haciendo y estar focalizados\u00bb.<\/p>\n\n\n\n<p>Para cerrar, el alero Hispanista enfatiz\u00f3 en el buen presente del equipo y el optimismo de cara a lo que viene: <\/p>\n\n\n\n<p>\u00abSabemos que los play-offs son un torneo distinto, entonces, lo que buscamos es ganar estos dos partidos de local, terminar en el mejor posicionamiento posible para poder despu\u00e9s empezar los partidos ya sanos, porque vamos a tener un tiempo de recuperaci\u00f3n tambi\u00e9n. <\/p>\n\n\n\n<p>Confiamos mucho en el trabajo que vamos a hacer y en todo el laburo que venimos haciendo durante el a\u00f1o. As\u00ed que vamos a estar con una mentalidad de seguir para adelante e ir por lo m\u00e1ximo que podamos ir\u00bb.<\/p>\n<div class='epvc-post-count'><span class='epvc-eye'><\/span>  <span class=\"epvc-count\"> 1.565<\/span><span class='epvc-label'> veces le\u00edda<\/span><\/div>\n<div class=\"jwsharethis\">\nShare this: \n<br \/>\n<a href=\"mailto:?subject=%C2%ABEs%20muy%20positivo%20en%20el%20lugar%20que%20nos%20encontramos%C2%BB&amp;body=https%3A%2F%2Flabestiadeportiva.com%2Flbd%2Fes-muy-positivo-en-el-lugar-que-nos-encontramos%2F\">\n<img src=\"https:\/\/labestiadeportiva.com\/lbd\/wp-content\/plugins\/jw-share-this\/email.png\" alt=\"Share this page via Email\" \/>\n<\/a>\n<a target=\"_blank\" href=\"http:\/\/www.stumbleupon.com\/submit?url=https%3A%2F%2Flabestiadeportiva.com%2Flbd%2Fes-muy-positivo-en-el-lugar-que-nos-encontramos%2F&amp;title=%C2%ABEs+muy+positivo+en+el+lugar+que+nos+encontramos%C2%BB\">\n<img src=\"https:\/\/labestiadeportiva.com\/lbd\/wp-content\/plugins\/jw-share-this\/su.png\" alt=\"Share this page via Stumble Upon\" \/>\n<\/a>\n<a target=\"_blank\" href=\"http:\/\/digg.com\/submit?url=https%3A%2F%2Flabestiadeportiva.com%2Flbd%2Fes-muy-positivo-en-el-lugar-que-nos-encontramos%2F&amp;title=%C2%ABEs+muy+positivo+en+el+lugar+que+nos+encontramos%C2%BB\">\n<img src=\"https:\/\/labestiadeportiva.com\/lbd\/wp-content\/plugins\/jw-share-this\/digg.png\" alt=\"Share this page via Digg this\" \/>\n<\/a>\n<a target=\"_blank\" href=\"http:\/\/www.facebook.com\/sharer.php?u=https%3A%2F%2Flabestiadeportiva.com%2Flbd%2Fes-muy-positivo-en-el-lugar-que-nos-encontramos%2F&amp;t=%C2%ABEs+muy+positivo+en+el+lugar+que+nos+encontramos%C2%BB\">\n<img src=\"https:\/\/labestiadeportiva.com\/lbd\/wp-content\/plugins\/jw-share-this\/fb.png\" alt=\"Share this page via Facebook\" \/>\n<\/a>\n<a target=\"_blank\" href=\"http:\/\/twitter.com\/intent\/tweet?text=I+like+https%3A%2F%2Flabestiadeportiva.com%2Flbd%2Fes-muy-positivo-en-el-lugar-que-nos-encontramos%2F&amp;title=%C2%ABEs+muy+positivo+en+el+lugar+que+nos+encontramos%C2%BB\">\n<img src=\"https:\/\/labestiadeportiva.com\/lbd\/wp-content\/plugins\/jw-share-this\/twitter.png\" alt=\"Share this page via Twitter\" \/>\n<\/a>\n<\/div>\n","protected":false},"excerpt":{"rendered":"<p>Se avecina el cierre de la fase regular para Hispano Americano y pese a haber vivido un sinf\u00edn de dificultades a lo largo de la misma, el elenco Santacruce\u00f1o aspira a completar dicha fase de la mejor manera. Mat\u00edas Aristu, alero \u00abCeleste\u00bb, analiz\u00f3 posibles escenarios y lo que vendr\u00e1. 1.565 veces le\u00edda Share this:<\/p>\n","protected":false},"author":1,"featured_media":0,"comment_status":"open","ping_status":"open","sticky":false,"template":"","format":"standard","meta":[],"categories":[2432,6,5020,1],"tags":[171,3120,4917,83],"_links":{"self":[{"href":"https:\/\/labestiadeportiva.com\/lbd\/wp-json\/wp\/v2\/posts\/48870"}],"collection":[{"href":"https:\/\/labestiadeportiva.com\/lbd\/wp-json\/wp\/v2\/posts"}],"about":[{"href":"https:\/\/labestiadeportiva.com\/lbd\/wp-json\/wp\/v2\/types\/post"}],"author":[{"embeddable":true,"href":"https:\/\/labestiadeportiva.com\/lbd\/wp-json\/wp\/v2\/users\/1"}],"replies":[{"embeddable":true,"href":"https:\/\/labestiadeportiva.com\/lbd\/wp-json\/wp\/v2\/comments?post=48870"}],"version-history":[{"count":1,"href":"https:\/\/labestiadeportiva.com\/lbd\/wp-json\/wp\/v2\/posts\/48870\/revisions"}],"predecessor-version":[{"id":48872,"href":"https:\/\/labestiadeportiva.com\/lbd\/wp-json\/wp\/v2\/posts\/48870\/revisions\/48872"}],"wp:attachment":[{"href":"https:\/\/labestiadeportiva.com\/lbd\/wp-json\/wp\/v2\/media?parent=48870"}],"wp:term":[{"taxonomy":"category","embeddable":true,"href":"https:\/\/labestiadeportiva.com\/lbd\/wp-json\/wp\/v2\/categories?post=48870"},{"taxonomy":"post_tag","embeddable":true,"href":"https:\/\/labestiadeportiva.com\/lbd\/wp-json\/wp\/v2\/tags?post=48870"}],"curies":[{"name":"wp","href":"https:\/\/api.w.org\/{rel}","templated":true}]}}