{"id":48911,"date":"2024-04-04T19:19:19","date_gmt":"2024-04-04T22:19:19","guid":{"rendered":"http:\/\/labestiadeportiva.com\/lbd\/?p=48911"},"modified":"2024-04-04T19:19:22","modified_gmt":"2024-04-04T22:19:22","slug":"debut-sonado-audio","status":"publish","type":"post","link":"https:\/\/labestiadeportiva.com\/lbd\/debut-sonado-audio\/","title":{"rendered":"Debut so\u00f1ado (Audio)"},"content":{"rendered":"\n<figure class=\"wp-block-image size-large\"><a href=\"http:\/\/labestiadeportiva.com\/lbd\/wp-content\/uploads\/2024\/04\/1000200749.jpg\"><img loading=\"lazy\" width=\"768\" height=\"1024\" src=\"http:\/\/labestiadeportiva.com\/lbd\/wp-content\/uploads\/2024\/04\/1000200749-768x1024.jpg\" alt=\"\" class=\"wp-image-48920\" srcset=\"https:\/\/labestiadeportiva.com\/lbd\/wp-content\/uploads\/2024\/04\/1000200749-768x1024.jpg 768w, https:\/\/labestiadeportiva.com\/lbd\/wp-content\/uploads\/2024\/04\/1000200749-225x300.jpg 225w, https:\/\/labestiadeportiva.com\/lbd\/wp-content\/uploads\/2024\/04\/1000200749-640x853.jpg 640w, https:\/\/labestiadeportiva.com\/lbd\/wp-content\/uploads\/2024\/04\/1000200749.jpg 960w\" sizes=\"(max-width: 768px) 100vw, 768px\" \/><\/a><\/figure>\n\n\n\n<figure class=\"wp-block-image size-full is-resized\"><a href=\"http:\/\/labestiadeportiva.com\/lbd\/wp-content\/uploads\/2022\/11\/CARA_PEREZ-2.jpg\"><img loading=\"lazy\" src=\"http:\/\/labestiadeportiva.com\/lbd\/wp-content\/uploads\/2022\/11\/CARA_PEREZ-2.jpg\" alt=\"\" class=\"wp-image-43576\" width=\"381\" height=\"78\" srcset=\"https:\/\/labestiadeportiva.com\/lbd\/wp-content\/uploads\/2022\/11\/CARA_PEREZ-2.jpg 600w, https:\/\/labestiadeportiva.com\/lbd\/wp-content\/uploads\/2022\/11\/CARA_PEREZ-2-300x62.jpg 300w\" sizes=\"(max-width: 381px) 100vw, 381px\" \/><\/a><\/figure>\n\n\n\n<p>El ushuaiense Luciano  \u00abLucho\u00bb Preto se qued\u00f3 con la categor\u00eda Moto Novato en la 40\u00b0 edici\u00f3n de la VTDF.<\/p>\n\n\n\n<p>El deportista integral realiz\u00f3 su bautismo en dos ruedas de forma impecable. Junto a LBD analiz\u00f3 la prueba d\u00e1ndonos detalles y sensaciones vividas.<\/p>\n\n\n\n<p>Asimismo manifest\u00f3 su intenci\u00f3n de seguir participando de la ic\u00f3nica competencia motocicl\u00edstica. Compartimos la entrevista lograda este jueves en la 94.1 FM del Sur.<\/p>\n\n\n\n<!--more-->\n\n\n\n<figure class=\"wp-block-embed is-type-video is-provider-youtube wp-block-embed-youtube wp-embed-aspect-4-3 wp-has-aspect-ratio\"><div class=\"wp-block-embed__wrapper\">\n<iframe loading=\"lazy\" title=\"Audio Luciano &quot;Lucho&quot; Preto\" width=\"474\" height=\"356\" src=\"https:\/\/www.youtube.com\/embed\/FKSpDu1bUBU?feature=oembed\" frameborder=\"0\" allow=\"accelerometer; autoplay; clipboard-write; encrypted-media; gyroscope; picture-in-picture; web-share\" referrerpolicy=\"strict-origin-when-cross-origin\" allowfullscreen><\/iframe>\n<\/div><\/figure>\n<div class='epvc-post-count'><span class='epvc-eye'><\/span>  <span class=\"epvc-count\"> 1.555<\/span><span class='epvc-label'> veces le\u00edda<\/span><\/div>\n<div class=\"jwsharethis\">\nShare this: \n<br \/>\n<a href=\"mailto:?subject=Debut%20so%C3%B1ado%20%28Audio%29&amp;body=https%3A%2F%2Flabestiadeportiva.com%2Flbd%2Fdebut-sonado-audio%2F\">\n<img src=\"https:\/\/labestiadeportiva.com\/lbd\/wp-content\/plugins\/jw-share-this\/email.png\" alt=\"Share this page via Email\" \/>\n<\/a>\n<a target=\"_blank\" href=\"http:\/\/www.stumbleupon.com\/submit?url=https%3A%2F%2Flabestiadeportiva.com%2Flbd%2Fdebut-sonado-audio%2F&amp;title=Debut+so%C3%B1ado+%28Audio%29\">\n<img src=\"https:\/\/labestiadeportiva.com\/lbd\/wp-content\/plugins\/jw-share-this\/su.png\" alt=\"Share this page via Stumble Upon\" \/>\n<\/a>\n<a target=\"_blank\" href=\"http:\/\/digg.com\/submit?url=https%3A%2F%2Flabestiadeportiva.com%2Flbd%2Fdebut-sonado-audio%2F&amp;title=Debut+so%C3%B1ado+%28Audio%29\">\n<img src=\"https:\/\/labestiadeportiva.com\/lbd\/wp-content\/plugins\/jw-share-this\/digg.png\" alt=\"Share this page via Digg this\" \/>\n<\/a>\n<a target=\"_blank\" href=\"http:\/\/www.facebook.com\/sharer.php?u=https%3A%2F%2Flabestiadeportiva.com%2Flbd%2Fdebut-sonado-audio%2F&amp;t=Debut+so%C3%B1ado+%28Audio%29\">\n<img src=\"https:\/\/labestiadeportiva.com\/lbd\/wp-content\/plugins\/jw-share-this\/fb.png\" alt=\"Share this page via Facebook\" \/>\n<\/a>\n<a target=\"_blank\" href=\"http:\/\/twitter.com\/intent\/tweet?text=I+like+https%3A%2F%2Flabestiadeportiva.com%2Flbd%2Fdebut-sonado-audio%2F&amp;title=Debut+so%C3%B1ado+%28Audio%29\">\n<img src=\"https:\/\/labestiadeportiva.com\/lbd\/wp-content\/plugins\/jw-share-this\/twitter.png\" alt=\"Share this page via Twitter\" \/>\n<\/a>\n<\/div>\n","protected":false},"excerpt":{"rendered":"<p>El ushuaiense Luciano \u00abLucho\u00bb Preto se qued\u00f3 con la categor\u00eda Moto Novato en la 40\u00b0 edici\u00f3n de la VTDF. El deportista integral realiz\u00f3 su bautismo en dos ruedas de forma impecable. Junto a LBD analiz\u00f3 la prueba d\u00e1ndonos detalles y sensaciones vividas. Asimismo manifest\u00f3 su intenci\u00f3n de seguir participando de la ic\u00f3nica competencia motocicl\u00edstica. Compartimos &hellip; <a href=\"https:\/\/labestiadeportiva.com\/lbd\/debut-sonado-audio\/\" class=\"more-link\">Seguir leyendo <span class=\"screen-reader-text\">Debut so\u00f1ado (Audio)<\/span> <span class=\"meta-nav\">&rarr;<\/span><\/a><\/p>\n","protected":false},"author":1,"featured_media":0,"comment_status":"open","ping_status":"open","sticky":false,"template":"","format":"standard","meta":[],"categories":[5,4,6,60,2159,1,5241],"tags":[770,4838,595,5296,83,1362],"_links":{"self":[{"href":"https:\/\/labestiadeportiva.com\/lbd\/wp-json\/wp\/v2\/posts\/48911"}],"collection":[{"href":"https:\/\/labestiadeportiva.com\/lbd\/wp-json\/wp\/v2\/posts"}],"about":[{"href":"https:\/\/labestiadeportiva.com\/lbd\/wp-json\/wp\/v2\/types\/post"}],"author":[{"embeddable":true,"href":"https:\/\/labestiadeportiva.com\/lbd\/wp-json\/wp\/v2\/users\/1"}],"replies":[{"embeddable":true,"href":"https:\/\/labestiadeportiva.com\/lbd\/wp-json\/wp\/v2\/comments?post=48911"}],"version-history":[{"count":1,"href":"https:\/\/labestiadeportiva.com\/lbd\/wp-json\/wp\/v2\/posts\/48911\/revisions"}],"predecessor-version":[{"id":48921,"href":"https:\/\/labestiadeportiva.com\/lbd\/wp-json\/wp\/v2\/posts\/48911\/revisions\/48921"}],"wp:attachment":[{"href":"https:\/\/labestiadeportiva.com\/lbd\/wp-json\/wp\/v2\/media?parent=48911"}],"wp:term":[{"taxonomy":"category","embeddable":true,"href":"https:\/\/labestiadeportiva.com\/lbd\/wp-json\/wp\/v2\/categories?post=48911"},{"taxonomy":"post_tag","embeddable":true,"href":"https:\/\/labestiadeportiva.com\/lbd\/wp-json\/wp\/v2\/tags?post=48911"}],"curies":[{"name":"wp","href":"https:\/\/api.w.org\/{rel}","templated":true}]}}