{"id":48977,"date":"2024-04-13T13:43:48","date_gmt":"2024-04-13T16:43:48","guid":{"rendered":"http:\/\/labestiadeportiva.com\/lbd\/?p=48977"},"modified":"2024-04-13T13:43:50","modified_gmt":"2024-04-13T16:43:50","slug":"tolhuin-presente-en-el-open-de-concepcion","status":"publish","type":"post","link":"https:\/\/labestiadeportiva.com\/lbd\/tolhuin-presente-en-el-open-de-concepcion\/","title":{"rendered":"Tolhuin presente en el Open de Concepci\u00f3n"},"content":{"rendered":"\n<p><\/p>\n\n\n\n<figure class=\"wp-block-image size-large\"><a href=\"http:\/\/labestiadeportiva.com\/lbd\/wp-content\/uploads\/2024\/04\/1000208023.jpg\"><img loading=\"lazy\" width=\"770\" height=\"1024\" src=\"http:\/\/labestiadeportiva.com\/lbd\/wp-content\/uploads\/2024\/04\/1000208023-770x1024.jpg\" alt=\"\" class=\"wp-image-48986\" srcset=\"https:\/\/labestiadeportiva.com\/lbd\/wp-content\/uploads\/2024\/04\/1000208023-770x1024.jpg 770w, https:\/\/labestiadeportiva.com\/lbd\/wp-content\/uploads\/2024\/04\/1000208023-226x300.jpg 226w, https:\/\/labestiadeportiva.com\/lbd\/wp-content\/uploads\/2024\/04\/1000208023-768x1021.jpg 768w, https:\/\/labestiadeportiva.com\/lbd\/wp-content\/uploads\/2024\/04\/1000208023-640x851.jpg 640w, https:\/\/labestiadeportiva.com\/lbd\/wp-content\/uploads\/2024\/04\/1000208023.jpg 963w\" sizes=\"(max-width: 770px) 100vw, 770px\" \/><\/a><\/figure>\n\n\n\n<p><\/p>\n\n\n\n<p>Ser\u00e1 a trav\u00e9s de Mora Alarc\u00f3n quien conforma la Selecci\u00f3n Argentina de Taekwondo que nos representara en la competencia internacional el s\u00e1bado 13 y domingo 14 en el Estadio Ester Roa de Concepci\u00f3n. Fuente y foto gentileza Asociaci\u00f3n Chacra IV.<\/p>\n\n\n\n<!--more-->\n\n\n\n<p>La Selecci\u00f3n Argentina estar\u00e1 dirigida por los entrenadores nacionales Jeovanni Baeza y Fernanda Otero.<br>Participan cerca de 800 competidores, se utilizar\u00e1 el sistema KPN, cuenta con 4 \u00e1reas oficiales, lo cual les dar\u00e1 un gran nivel competitivo y experiencia a los deportistas, este evento es impulsado por las escuelas Taekwondo extremo y Club deportivo y social R\u00edos de Chile.<br><\/p>\n\n\n\n<p>La competidora y sus padres agradecen el apoyo de las concejales Auat Florencia, Alderete Jeannette y Del Valle Taberna Rosana, y al sindicato Uni\u00f3n de Empleados de la Justicia de la Nacion.<br><\/p>\n\n\n\n<p>La deportista Mora Alarc\u00f3n entrena actualmente en el gimnasio ATP Top Trainers de Tolhuin ubicado en la Calle Luis C\u00e1rdenas N\u00ba 342, a cargo de la Sabom Nim Brenda Serdan (4to. Dan).<br><\/p>\n\n\n\n<p>Desde ATP nos sentimos orgullosos por nuestra representante y le deseamos lo mejor y por sobre todo que disfrute del evento y del mejor deporte del mundo el Taekwondo WT Ol\u00edmpico.<br><\/p>\n\n\n\n<p><strong>Los Link para ver las competencias en vivo<\/strong><\/p>\n\n\n\n<p><br>https:\/\/www.youtube.com\/live\/MJaSlkZiZyU?si=uPN2KwTcUBV-JBm4<br>https:\/\/www.youtube.com\/live\/LEojgAmBlYY?si=9cSN27sJnI_JoSpD<br>https:\/\/www.youtube.com\/live\/edt09ytBskk?si=KOM1TlVYPuFgwimG<br>https:\/\/www.youtube.com\/live\/7I-YOwDMfP4?si=hFJRW87OEhVJaMAF<\/p>\n<div class='epvc-post-count'><span class='epvc-eye'><\/span>  <span class=\"epvc-count\"> 1.901<\/span><span class='epvc-label'> veces le\u00edda<\/span><\/div>\n<div class=\"jwsharethis\">\nShare this: \n<br \/>\n<a href=\"mailto:?subject=Tolhuin%20presente%20en%20el%20Open%20de%20Concepci%C3%B3n&amp;body=https%3A%2F%2Flabestiadeportiva.com%2Flbd%2Ftolhuin-presente-en-el-open-de-concepcion%2F\">\n<img src=\"https:\/\/labestiadeportiva.com\/lbd\/wp-content\/plugins\/jw-share-this\/email.png\" alt=\"Share this page via Email\" \/>\n<\/a>\n<a target=\"_blank\" href=\"http:\/\/www.stumbleupon.com\/submit?url=https%3A%2F%2Flabestiadeportiva.com%2Flbd%2Ftolhuin-presente-en-el-open-de-concepcion%2F&amp;title=Tolhuin+presente+en+el+Open+de+Concepci%C3%B3n\">\n<img src=\"https:\/\/labestiadeportiva.com\/lbd\/wp-content\/plugins\/jw-share-this\/su.png\" alt=\"Share this page via Stumble Upon\" \/>\n<\/a>\n<a target=\"_blank\" href=\"http:\/\/digg.com\/submit?url=https%3A%2F%2Flabestiadeportiva.com%2Flbd%2Ftolhuin-presente-en-el-open-de-concepcion%2F&amp;title=Tolhuin+presente+en+el+Open+de+Concepci%C3%B3n\">\n<img src=\"https:\/\/labestiadeportiva.com\/lbd\/wp-content\/plugins\/jw-share-this\/digg.png\" alt=\"Share this page via Digg this\" \/>\n<\/a>\n<a target=\"_blank\" href=\"http:\/\/www.facebook.com\/sharer.php?u=https%3A%2F%2Flabestiadeportiva.com%2Flbd%2Ftolhuin-presente-en-el-open-de-concepcion%2F&amp;t=Tolhuin+presente+en+el+Open+de+Concepci%C3%B3n\">\n<img src=\"https:\/\/labestiadeportiva.com\/lbd\/wp-content\/plugins\/jw-share-this\/fb.png\" alt=\"Share this page via Facebook\" \/>\n<\/a>\n<a target=\"_blank\" href=\"http:\/\/twitter.com\/intent\/tweet?text=I+like+https%3A%2F%2Flabestiadeportiva.com%2Flbd%2Ftolhuin-presente-en-el-open-de-concepcion%2F&amp;title=Tolhuin+presente+en+el+Open+de+Concepci%C3%B3n\">\n<img src=\"https:\/\/labestiadeportiva.com\/lbd\/wp-content\/plugins\/jw-share-this\/twitter.png\" alt=\"Share this page via Twitter\" \/>\n<\/a>\n<\/div>\n","protected":false},"excerpt":{"rendered":"<p>Ser\u00e1 a trav\u00e9s de Mora Alarc\u00f3n quien conforma la Selecci\u00f3n Argentina de Taekwondo que nos representara en la competencia internacional el s\u00e1bado 13 y domingo 14 en el Estadio Ester Roa de Concepci\u00f3n. Fuente y foto gentileza Asociaci\u00f3n Chacra IV. 1.901 veces le\u00edda Share this:<\/p>\n","protected":false},"author":1,"featured_media":0,"comment_status":"open","ping_status":"open","sticky":false,"template":"","format":"standard","meta":[],"categories":[3019,5,4,6,1],"tags":[842,83,5298],"_links":{"self":[{"href":"https:\/\/labestiadeportiva.com\/lbd\/wp-json\/wp\/v2\/posts\/48977"}],"collection":[{"href":"https:\/\/labestiadeportiva.com\/lbd\/wp-json\/wp\/v2\/posts"}],"about":[{"href":"https:\/\/labestiadeportiva.com\/lbd\/wp-json\/wp\/v2\/types\/post"}],"author":[{"embeddable":true,"href":"https:\/\/labestiadeportiva.com\/lbd\/wp-json\/wp\/v2\/users\/1"}],"replies":[{"embeddable":true,"href":"https:\/\/labestiadeportiva.com\/lbd\/wp-json\/wp\/v2\/comments?post=48977"}],"version-history":[{"count":1,"href":"https:\/\/labestiadeportiva.com\/lbd\/wp-json\/wp\/v2\/posts\/48977\/revisions"}],"predecessor-version":[{"id":48987,"href":"https:\/\/labestiadeportiva.com\/lbd\/wp-json\/wp\/v2\/posts\/48977\/revisions\/48987"}],"wp:attachment":[{"href":"https:\/\/labestiadeportiva.com\/lbd\/wp-json\/wp\/v2\/media?parent=48977"}],"wp:term":[{"taxonomy":"category","embeddable":true,"href":"https:\/\/labestiadeportiva.com\/lbd\/wp-json\/wp\/v2\/categories?post=48977"},{"taxonomy":"post_tag","embeddable":true,"href":"https:\/\/labestiadeportiva.com\/lbd\/wp-json\/wp\/v2\/tags?post=48977"}],"curies":[{"name":"wp","href":"https:\/\/api.w.org\/{rel}","templated":true}]}}