{"id":48988,"date":"2024-04-13T15:17:26","date_gmt":"2024-04-13T18:17:26","guid":{"rendered":"http:\/\/labestiadeportiva.com\/lbd\/?p=48988"},"modified":"2024-04-13T15:17:29","modified_gmt":"2024-04-13T18:17:29","slug":"campeona-argentina","status":"publish","type":"post","link":"https:\/\/labestiadeportiva.com\/lbd\/campeona-argentina\/","title":{"rendered":"Campeona Argentina!"},"content":{"rendered":"\n<figure class=\"wp-block-image size-large is-resized\"><a href=\"http:\/\/labestiadeportiva.com\/lbd\/wp-content\/uploads\/2024\/04\/1000208108.jpg\"><img loading=\"lazy\" src=\"http:\/\/labestiadeportiva.com\/lbd\/wp-content\/uploads\/2024\/04\/1000208108-682x1024.jpg\" alt=\"\" class=\"wp-image-48998\" width=\"422\" height=\"632\" srcset=\"https:\/\/labestiadeportiva.com\/lbd\/wp-content\/uploads\/2024\/04\/1000208108-200x300.jpg 200w, https:\/\/labestiadeportiva.com\/lbd\/wp-content\/uploads\/2024\/04\/1000208108.jpg 1066w\" sizes=\"(max-width: 422px) 100vw, 422px\" \/><\/a><\/figure>\n\n\n\n<p>La ushuaiense Renata Godoy se qued\u00f3 con el Nacional de Mayores disputado en Mar del Plata este viernes y s\u00e1bado. Acumul\u00f3 4918 puntos en el Heptatl\u00f3n alcanzando la marca para participar en el Sudamericano U20 de Per\u00fa (Agosto) y Sudamericano U23 en Colombia. \u00abReny\u00bb sin techo a la vista.<\/p>\n\n\n\n<figure class=\"wp-block-image size-large\"><a href=\"http:\/\/labestiadeportiva.com\/lbd\/wp-content\/uploads\/2024\/04\/1000208111.jpg\"><img loading=\"lazy\" width=\"1024\" height=\"682\" src=\"http:\/\/labestiadeportiva.com\/lbd\/wp-content\/uploads\/2024\/04\/1000208111-1024x682.jpg\" alt=\"\" class=\"wp-image-49000\" srcset=\"https:\/\/labestiadeportiva.com\/lbd\/wp-content\/uploads\/2024\/04\/1000208111-1024x682.jpg 1024w, https:\/\/labestiadeportiva.com\/lbd\/wp-content\/uploads\/2024\/04\/1000208111-300x200.jpg 300w, https:\/\/labestiadeportiva.com\/lbd\/wp-content\/uploads\/2024\/04\/1000208111-768x512.jpg 768w, https:\/\/labestiadeportiva.com\/lbd\/wp-content\/uploads\/2024\/04\/1000208111-1536x1023.jpg 1536w, https:\/\/labestiadeportiva.com\/lbd\/wp-content\/uploads\/2024\/04\/1000208111-640x426.jpg 640w, https:\/\/labestiadeportiva.com\/lbd\/wp-content\/uploads\/2024\/04\/1000208111.jpg 1600w\" sizes=\"(max-width: 1024px) 100vw, 1024px\" \/><\/a><\/figure>\n\n\n\n<!--more-->\n\n\n\n<figure class=\"wp-block-image size-large\"><a href=\"http:\/\/labestiadeportiva.com\/lbd\/wp-content\/uploads\/2024\/04\/1000208121.jpg\"><img loading=\"lazy\" width=\"1024\" height=\"461\" src=\"http:\/\/labestiadeportiva.com\/lbd\/wp-content\/uploads\/2024\/04\/1000208121-1024x461.jpg\" alt=\"\" class=\"wp-image-48999\" srcset=\"https:\/\/labestiadeportiva.com\/lbd\/wp-content\/uploads\/2024\/04\/1000208121-1024x461.jpg 1024w, https:\/\/labestiadeportiva.com\/lbd\/wp-content\/uploads\/2024\/04\/1000208121-300x135.jpg 300w, https:\/\/labestiadeportiva.com\/lbd\/wp-content\/uploads\/2024\/04\/1000208121-768x346.jpg 768w, https:\/\/labestiadeportiva.com\/lbd\/wp-content\/uploads\/2024\/04\/1000208121-640x288.jpg 640w, https:\/\/labestiadeportiva.com\/lbd\/wp-content\/uploads\/2024\/04\/1000208121.jpg 1078w\" sizes=\"(max-width: 1024px) 100vw, 1024px\" \/><\/a><\/figure>\n<div class='epvc-post-count'><span class='epvc-eye'><\/span>  <span class=\"epvc-count\"> 1.038<\/span><span class='epvc-label'> veces le\u00edda<\/span><\/div>\n<div class=\"jwsharethis\">\nShare this: \n<br \/>\n<a href=\"mailto:?subject=Campeona%20Argentina%21&amp;body=https%3A%2F%2Flabestiadeportiva.com%2Flbd%2Fcampeona-argentina%2F\">\n<img src=\"https:\/\/labestiadeportiva.com\/lbd\/wp-content\/plugins\/jw-share-this\/email.png\" alt=\"Share this page via Email\" \/>\n<\/a>\n<a target=\"_blank\" href=\"http:\/\/www.stumbleupon.com\/submit?url=https%3A%2F%2Flabestiadeportiva.com%2Flbd%2Fcampeona-argentina%2F&amp;title=Campeona+Argentina%21\">\n<img src=\"https:\/\/labestiadeportiva.com\/lbd\/wp-content\/plugins\/jw-share-this\/su.png\" alt=\"Share this page via Stumble Upon\" \/>\n<\/a>\n<a target=\"_blank\" href=\"http:\/\/digg.com\/submit?url=https%3A%2F%2Flabestiadeportiva.com%2Flbd%2Fcampeona-argentina%2F&amp;title=Campeona+Argentina%21\">\n<img src=\"https:\/\/labestiadeportiva.com\/lbd\/wp-content\/plugins\/jw-share-this\/digg.png\" alt=\"Share this page via Digg this\" \/>\n<\/a>\n<a target=\"_blank\" href=\"http:\/\/www.facebook.com\/sharer.php?u=https%3A%2F%2Flabestiadeportiva.com%2Flbd%2Fcampeona-argentina%2F&amp;t=Campeona+Argentina%21\">\n<img src=\"https:\/\/labestiadeportiva.com\/lbd\/wp-content\/plugins\/jw-share-this\/fb.png\" alt=\"Share this page via Facebook\" \/>\n<\/a>\n<a target=\"_blank\" href=\"http:\/\/twitter.com\/intent\/tweet?text=I+like+https%3A%2F%2Flabestiadeportiva.com%2Flbd%2Fcampeona-argentina%2F&amp;title=Campeona+Argentina%21\">\n<img src=\"https:\/\/labestiadeportiva.com\/lbd\/wp-content\/plugins\/jw-share-this\/twitter.png\" alt=\"Share this page via Twitter\" \/>\n<\/a>\n<\/div>\n","protected":false},"excerpt":{"rendered":"<p>La ushuaiense Renata Godoy se qued\u00f3 con el Nacional de Mayores disputado en Mar del Plata este viernes y s\u00e1bado. Acumul\u00f3 4918 puntos en el Heptatl\u00f3n alcanzando la marca para participar en el Sudamericano U20 de Per\u00fa (Agosto) y Sudamericano U23 en Colombia. \u00abReny\u00bb sin techo a la vista. 1.038 veces le\u00edda Share this:<\/p>\n","protected":false},"author":1,"featured_media":0,"comment_status":"open","ping_status":"open","sticky":false,"template":"","format":"standard","meta":[],"categories":[22,5,6,1],"tags":[4831,5053,1188,5299,5052],"_links":{"self":[{"href":"https:\/\/labestiadeportiva.com\/lbd\/wp-json\/wp\/v2\/posts\/48988"}],"collection":[{"href":"https:\/\/labestiadeportiva.com\/lbd\/wp-json\/wp\/v2\/posts"}],"about":[{"href":"https:\/\/labestiadeportiva.com\/lbd\/wp-json\/wp\/v2\/types\/post"}],"author":[{"embeddable":true,"href":"https:\/\/labestiadeportiva.com\/lbd\/wp-json\/wp\/v2\/users\/1"}],"replies":[{"embeddable":true,"href":"https:\/\/labestiadeportiva.com\/lbd\/wp-json\/wp\/v2\/comments?post=48988"}],"version-history":[{"count":1,"href":"https:\/\/labestiadeportiva.com\/lbd\/wp-json\/wp\/v2\/posts\/48988\/revisions"}],"predecessor-version":[{"id":49001,"href":"https:\/\/labestiadeportiva.com\/lbd\/wp-json\/wp\/v2\/posts\/48988\/revisions\/49001"}],"wp:attachment":[{"href":"https:\/\/labestiadeportiva.com\/lbd\/wp-json\/wp\/v2\/media?parent=48988"}],"wp:term":[{"taxonomy":"category","embeddable":true,"href":"https:\/\/labestiadeportiva.com\/lbd\/wp-json\/wp\/v2\/categories?post=48988"},{"taxonomy":"post_tag","embeddable":true,"href":"https:\/\/labestiadeportiva.com\/lbd\/wp-json\/wp\/v2\/tags?post=48988"}],"curies":[{"name":"wp","href":"https:\/\/api.w.org\/{rel}","templated":true}]}}