{"id":49021,"date":"2024-04-15T20:18:57","date_gmt":"2024-04-15T23:18:57","guid":{"rendered":"http:\/\/labestiadeportiva.com\/lbd\/?p=49021"},"modified":"2024-04-15T20:21:15","modified_gmt":"2024-04-15T23:21:15","slug":"arian-se-quedo-con-la-segunda-audio","status":"publish","type":"post","link":"https:\/\/labestiadeportiva.com\/lbd\/arian-se-quedo-con-la-segunda-audio\/","title":{"rendered":"Arian se qued\u00f3 con la segunda (Audio)"},"content":{"rendered":"\n<figure class=\"wp-block-image size-full is-resized\"><a href=\"http:\/\/labestiadeportiva.com\/lbd\/wp-content\/uploads\/2024\/04\/1000209828.jpg\"><img loading=\"lazy\" src=\"http:\/\/labestiadeportiva.com\/lbd\/wp-content\/uploads\/2024\/04\/1000209828.jpg\" alt=\"\" class=\"wp-image-49030\" width=\"426\" height=\"676\" srcset=\"https:\/\/labestiadeportiva.com\/lbd\/wp-content\/uploads\/2024\/04\/1000209828.jpg 364w, https:\/\/labestiadeportiva.com\/lbd\/wp-content\/uploads\/2024\/04\/1000209828-189x300.jpg 189w\" sizes=\"(max-width: 426px) 100vw, 426px\" \/><\/a><\/figure>\n\n\n\n<figure class=\"wp-block-image size-full\"><a href=\"http:\/\/labestiadeportiva.com\/lbd\/wp-content\/uploads\/2022\/11\/CARA_PEREZ-2.jpg\"><img loading=\"lazy\" width=\"600\" height=\"124\" src=\"http:\/\/labestiadeportiva.com\/lbd\/wp-content\/uploads\/2022\/11\/CARA_PEREZ-2.jpg\" alt=\"\" class=\"wp-image-43576\" srcset=\"https:\/\/labestiadeportiva.com\/lbd\/wp-content\/uploads\/2022\/11\/CARA_PEREZ-2.jpg 600w, https:\/\/labestiadeportiva.com\/lbd\/wp-content\/uploads\/2022\/11\/CARA_PEREZ-2-300x62.jpg 300w\" sizes=\"(max-width: 600px) 100vw, 600px\" \/><\/a><\/figure>\n\n\n\n<p>El joven y talentoso piloto ushuaiense, Arian Yerobi, se impuso en la Clase 3 del Automovilismo Pista Provincial en el marco de la  2\u00b0 fecha oficial disputada  el pasado domingo en el aut\u00f3dromo \u00abCarlos Romero\u00bb de Tolhuin. <\/p>\n\n\n\n<p>El capitalino a bordo de su Fiat Uno marc\u00f3 un registro final de 22 minutos, 18 segundos y 532 mil\u00e9simas. En el comienzo de la semana nos contactamos con \u00e9l en busca de detalles.<\/p>\n\n\n\n<p>Compartimos la entrevista lograda este lunes en la 94.1 FM del Sur.<\/p>\n\n\n\n<!--more-->\n\n\n\n<figure class=\"wp-block-embed is-type-video is-provider-youtube wp-block-embed-youtube wp-embed-aspect-4-3 wp-has-aspect-ratio\"><div class=\"wp-block-embed__wrapper\">\n<iframe loading=\"lazy\" title=\"Audio Arian Yerobi\" width=\"474\" height=\"356\" src=\"https:\/\/www.youtube.com\/embed\/IiLIbzcdLgM?feature=oembed\" frameborder=\"0\" allow=\"accelerometer; autoplay; clipboard-write; encrypted-media; gyroscope; picture-in-picture; web-share\" referrerpolicy=\"strict-origin-when-cross-origin\" allowfullscreen><\/iframe>\n<\/div><\/figure>\n<div class='epvc-post-count'><span class='epvc-eye'><\/span>  <span class=\"epvc-count\"> 1.217<\/span><span class='epvc-label'> veces le\u00edda<\/span><\/div>\n<div class=\"jwsharethis\">\nShare this: \n<br \/>\n<a href=\"mailto:?subject=Arian%20se%20qued%C3%B3%20con%20la%20segunda%20%28Audio%29&amp;body=https%3A%2F%2Flabestiadeportiva.com%2Flbd%2Farian-se-quedo-con-la-segunda-audio%2F\">\n<img src=\"https:\/\/labestiadeportiva.com\/lbd\/wp-content\/plugins\/jw-share-this\/email.png\" alt=\"Share this page via Email\" \/>\n<\/a>\n<a target=\"_blank\" href=\"http:\/\/www.stumbleupon.com\/submit?url=https%3A%2F%2Flabestiadeportiva.com%2Flbd%2Farian-se-quedo-con-la-segunda-audio%2F&amp;title=Arian+se+qued%C3%B3+con+la+segunda+%28Audio%29\">\n<img src=\"https:\/\/labestiadeportiva.com\/lbd\/wp-content\/plugins\/jw-share-this\/su.png\" alt=\"Share this page via Stumble Upon\" \/>\n<\/a>\n<a target=\"_blank\" href=\"http:\/\/digg.com\/submit?url=https%3A%2F%2Flabestiadeportiva.com%2Flbd%2Farian-se-quedo-con-la-segunda-audio%2F&amp;title=Arian+se+qued%C3%B3+con+la+segunda+%28Audio%29\">\n<img src=\"https:\/\/labestiadeportiva.com\/lbd\/wp-content\/plugins\/jw-share-this\/digg.png\" alt=\"Share this page via Digg this\" \/>\n<\/a>\n<a target=\"_blank\" href=\"http:\/\/www.facebook.com\/sharer.php?u=https%3A%2F%2Flabestiadeportiva.com%2Flbd%2Farian-se-quedo-con-la-segunda-audio%2F&amp;t=Arian+se+qued%C3%B3+con+la+segunda+%28Audio%29\">\n<img src=\"https:\/\/labestiadeportiva.com\/lbd\/wp-content\/plugins\/jw-share-this\/fb.png\" alt=\"Share this page via Facebook\" \/>\n<\/a>\n<a target=\"_blank\" href=\"http:\/\/twitter.com\/intent\/tweet?text=I+like+https%3A%2F%2Flabestiadeportiva.com%2Flbd%2Farian-se-quedo-con-la-segunda-audio%2F&amp;title=Arian+se+qued%C3%B3+con+la+segunda+%28Audio%29\">\n<img src=\"https:\/\/labestiadeportiva.com\/lbd\/wp-content\/plugins\/jw-share-this\/twitter.png\" alt=\"Share this page via Twitter\" \/>\n<\/a>\n<\/div>\n","protected":false},"excerpt":{"rendered":"<p>El joven y talentoso piloto ushuaiense, Arian Yerobi, se impuso en la Clase 3 del Automovilismo Pista Provincial en el marco de la 2\u00b0 fecha oficial disputada el pasado domingo en el aut\u00f3dromo \u00abCarlos Romero\u00bb de Tolhuin. El capitalino a bordo de su Fiat Uno marc\u00f3 un registro final de 22 minutos, 18 segundos y &hellip; <a href=\"https:\/\/labestiadeportiva.com\/lbd\/arian-se-quedo-con-la-segunda-audio\/\" class=\"more-link\">Seguir leyendo <span class=\"screen-reader-text\">Arian se qued\u00f3 con la segunda (Audio)<\/span> <span class=\"meta-nav\">&rarr;<\/span><\/a><\/p>\n","protected":false},"author":1,"featured_media":0,"comment_status":"open","ping_status":"open","sticky":false,"template":"","format":"standard","meta":[],"categories":[2149,5,1],"tags":[242,5300,4334,223,83],"_links":{"self":[{"href":"https:\/\/labestiadeportiva.com\/lbd\/wp-json\/wp\/v2\/posts\/49021"}],"collection":[{"href":"https:\/\/labestiadeportiva.com\/lbd\/wp-json\/wp\/v2\/posts"}],"about":[{"href":"https:\/\/labestiadeportiva.com\/lbd\/wp-json\/wp\/v2\/types\/post"}],"author":[{"embeddable":true,"href":"https:\/\/labestiadeportiva.com\/lbd\/wp-json\/wp\/v2\/users\/1"}],"replies":[{"embeddable":true,"href":"https:\/\/labestiadeportiva.com\/lbd\/wp-json\/wp\/v2\/comments?post=49021"}],"version-history":[{"count":2,"href":"https:\/\/labestiadeportiva.com\/lbd\/wp-json\/wp\/v2\/posts\/49021\/revisions"}],"predecessor-version":[{"id":49032,"href":"https:\/\/labestiadeportiva.com\/lbd\/wp-json\/wp\/v2\/posts\/49021\/revisions\/49032"}],"wp:attachment":[{"href":"https:\/\/labestiadeportiva.com\/lbd\/wp-json\/wp\/v2\/media?parent=49021"}],"wp:term":[{"taxonomy":"category","embeddable":true,"href":"https:\/\/labestiadeportiva.com\/lbd\/wp-json\/wp\/v2\/categories?post=49021"},{"taxonomy":"post_tag","embeddable":true,"href":"https:\/\/labestiadeportiva.com\/lbd\/wp-json\/wp\/v2\/tags?post=49021"}],"curies":[{"name":"wp","href":"https:\/\/api.w.org\/{rel}","templated":true}]}}