{"id":49070,"date":"2024-04-22T22:37:47","date_gmt":"2024-04-23T01:37:47","guid":{"rendered":"http:\/\/labestiadeportiva.com\/lbd\/?p=49070"},"modified":"2024-04-22T22:45:11","modified_gmt":"2024-04-23T01:45:11","slug":"historico-regreso","status":"publish","type":"post","link":"https:\/\/labestiadeportiva.com\/lbd\/historico-regreso\/","title":{"rendered":"Hist\u00f3rico regreso"},"content":{"rendered":"\n<figure class=\"wp-block-image size-large\"><a href=\"http:\/\/labestiadeportiva.com\/lbd\/wp-content\/uploads\/2024\/04\/1000214620.jpg\"><img loading=\"lazy\" width=\"682\" height=\"1024\" src=\"http:\/\/labestiadeportiva.com\/lbd\/wp-content\/uploads\/2024\/04\/1000214620-682x1024.jpg\" alt=\"\" class=\"wp-image-49071\" srcset=\"https:\/\/labestiadeportiva.com\/lbd\/wp-content\/uploads\/2024\/04\/1000214620-682x1024.jpg 682w, https:\/\/labestiadeportiva.com\/lbd\/wp-content\/uploads\/2024\/04\/1000214620-200x300.jpg 200w, https:\/\/labestiadeportiva.com\/lbd\/wp-content\/uploads\/2024\/04\/1000214620-768x1152.jpg 768w, https:\/\/labestiadeportiva.com\/lbd\/wp-content\/uploads\/2024\/04\/1000214620-640x960.jpg 640w, https:\/\/labestiadeportiva.com\/lbd\/wp-content\/uploads\/2024\/04\/1000214620.jpg 853w\" sizes=\"(max-width: 682px) 100vw, 682px\" \/><\/a><\/figure>\n\n\n\n<p>El Marat\u00f3n del Fin del Mundo volvi\u00f3 a recorrer los caminos ushuaienses luego de 12 largos a\u00f1os. Super\u00f3 todas las expectativas con 270 atletas locales, nacionales e internacionales en l\u00ednea de largada. Diego Ch\u00e1vez (2 h 46&#8217;44\u00bb)  y B\u00e1rbara Rojas (3 h 26&#8217;05\u00bb) se adue\u00f1aron de los 42 k mientras que Cindy R\u00edos y Alan Niestroj se impusieron en los 21 kil\u00f3metros. Fuente y fotos Prensa Beagle Eventos Deportivos.<\/p>\n\n\n\n<!--more-->\n\n\n\n<figure class=\"wp-block-image size-large\"><a href=\"http:\/\/labestiadeportiva.com\/lbd\/wp-content\/uploads\/2024\/04\/1000214618.jpg\"><img loading=\"lazy\" width=\"682\" height=\"1024\" src=\"http:\/\/labestiadeportiva.com\/lbd\/wp-content\/uploads\/2024\/04\/1000214618-682x1024.jpg\" alt=\"\" class=\"wp-image-49072\" srcset=\"https:\/\/labestiadeportiva.com\/lbd\/wp-content\/uploads\/2024\/04\/1000214618-682x1024.jpg 682w, https:\/\/labestiadeportiva.com\/lbd\/wp-content\/uploads\/2024\/04\/1000214618-200x300.jpg 200w, https:\/\/labestiadeportiva.com\/lbd\/wp-content\/uploads\/2024\/04\/1000214618-768x1152.jpg 768w, https:\/\/labestiadeportiva.com\/lbd\/wp-content\/uploads\/2024\/04\/1000214618-640x960.jpg 640w, https:\/\/labestiadeportiva.com\/lbd\/wp-content\/uploads\/2024\/04\/1000214618.jpg 853w\" sizes=\"(max-width: 682px) 100vw, 682px\" \/><\/a><\/figure>\n\n\n\n<p><br>El domingo 21 de abril con un cielo pintado de rosa el Parque Nacional Tierra del Fuego recibi\u00f3 a los corredores que descendieron de los buses en Alakush, lugar de largada de ambos recorridos.<\/p>\n\n\n\n<p><br>De esta  edici\u00f3n participaron  corredores nacionales,   de Uruguay,  Espa\u00f1a, Francia, M\u00e9xico, Colombia, Puerto Rico y Chile . El recorrido present\u00f3 todos los accidentes posibles, terreno monta\u00f1oso y de calle con las irregularidades y desaf\u00edos de la zona.<br><\/p>\n\n\n\n<p>Los primeros en cruzar la l\u00ednea de llegada, ubicada en el sector lindero al Yamana Bar, fueron Alan Niestroj, oriundo de la localidad bonaerense de \u00abMalvinas Argentinas,  completando la media marat\u00f3n en 1 hora 13 minutos y 6 segundos.<\/p>\n\n\n\n<p>Su escolta fue el riograndense Pablo Ernaga quien marc\u00f3 en los relojes 1 hora 14 minutos y 31 segundos. Complet\u00f3 el podio de los 21 k el local  Emiliano Ferreri con un tiempo final de 1 hora 22 minutos y  3 segundos.<\/p>\n\n\n\n<figure class=\"wp-block-image size-large\"><a href=\"http:\/\/labestiadeportiva.com\/lbd\/wp-content\/uploads\/2024\/04\/1000214616.jpg\"><img loading=\"lazy\" width=\"1024\" height=\"683\" src=\"http:\/\/labestiadeportiva.com\/lbd\/wp-content\/uploads\/2024\/04\/1000214616-1024x683.jpg\" alt=\"\" class=\"wp-image-49073\" srcset=\"https:\/\/labestiadeportiva.com\/lbd\/wp-content\/uploads\/2024\/04\/1000214616-1024x683.jpg 1024w, https:\/\/labestiadeportiva.com\/lbd\/wp-content\/uploads\/2024\/04\/1000214616-300x200.jpg 300w, https:\/\/labestiadeportiva.com\/lbd\/wp-content\/uploads\/2024\/04\/1000214616-768x512.jpg 768w, https:\/\/labestiadeportiva.com\/lbd\/wp-content\/uploads\/2024\/04\/1000214616-640x427.jpg 640w, https:\/\/labestiadeportiva.com\/lbd\/wp-content\/uploads\/2024\/04\/1000214616.jpg 1080w\" sizes=\"(max-width: 1024px) 100vw, 1024px\" \/><\/a><\/figure>\n\n\n\n<p>Entre las damas la ushuaiense Cindy R\u00edos festej\u00f3 su cumplea\u00f1os con el triunfo estableciendo un tiempo de 1 hora 40 minutos y 22 segundos escoltada por la entrerriana Lujan Soto (1 hora 44&#8242; y 5&#8243;) ocupando el tercer escal\u00f3n del podio la santiague\u00f1a Mar\u00eda Catalfamo quien marc\u00f3 en los relojes 1 hora 44 minutos y 14 segundos.<br><\/p>\n\n\n\n<p>A la hora de los 42 k el fueguino Diego Ch\u00e1vez se meti\u00f3 en la historia de la competencia al completar el recorrido en 2 horas 46  minutos y 44 segundos, el porte\u00f1o Lorenzo Gutierrez fue su inmediato perseguidor a poco m\u00e1s de un minuto,  2 horas 47 minutos y 22 segundos. El bonaerense Marcelo Salar fue tercero, el hombre de Berazategui complet\u00f3 el podio al registrar un tiempo final de 2 horas 58 minutos y 21 segundos.<\/p>\n\n\n\n<p>Finalmente la barilochense B\u00e1rbara Rojas se impuso en los 42 kil\u00f3metros en 3 horas 26 minutos y 5 segundos, con buen margen sobre su inmediata perseguidora, 8 minutos, sobre la fueguina Daniela Bayerque (3 horas 34 minutos y 24 segundos) siendo tercera la representante de Santiago del Estero, Natalia Mansilla, que culmin\u00f3 a nueve minutos de la ganadora (3 horas 45 minutos y 44 segundos)<br><\/p>\n\n\n\n<figure class=\"wp-block-image size-large\"><a href=\"http:\/\/labestiadeportiva.com\/lbd\/wp-content\/uploads\/2024\/04\/1000214628.jpg\"><img loading=\"lazy\" width=\"682\" height=\"1024\" src=\"http:\/\/labestiadeportiva.com\/lbd\/wp-content\/uploads\/2024\/04\/1000214628-682x1024.jpg\" alt=\"\" class=\"wp-image-49074\" srcset=\"https:\/\/labestiadeportiva.com\/lbd\/wp-content\/uploads\/2024\/04\/1000214628-682x1024.jpg 682w, https:\/\/labestiadeportiva.com\/lbd\/wp-content\/uploads\/2024\/04\/1000214628-200x300.jpg 200w, https:\/\/labestiadeportiva.com\/lbd\/wp-content\/uploads\/2024\/04\/1000214628-768x1152.jpg 768w, https:\/\/labestiadeportiva.com\/lbd\/wp-content\/uploads\/2024\/04\/1000214628-640x960.jpg 640w, https:\/\/labestiadeportiva.com\/lbd\/wp-content\/uploads\/2024\/04\/1000214628.jpg 853w\" sizes=\"(max-width: 682px) 100vw, 682px\" \/><\/a><\/figure>\n\n\n\n<p>Momentos emotivos con nombres propios, corredores cumpliendo sue\u00f1os, regreso de competidores como los del local  Walter Acu\u00f1a o la presencia del maratonista formose\u00f1o de 70  Lucas L\u00f3pez.<br><\/p>\n\n\n\n<p>A modo de cierre Javier Austin,  de Beagle Eventos Deportivos, representante del  Maraton del Fin del Mundo  destac\u00f3:<\/p>\n\n\n\n<p> \u00abEl apoyo de las empresas sponsors, el Infuetur las distintas areas de la Municipalidad y el Gobierno Provincial quienes  trabajaron en conjunto para que todo salga de la mejor manera\u00bb<br><\/p>\n\n\n\n<figure class=\"wp-block-image size-large\"><a href=\"http:\/\/labestiadeportiva.com\/lbd\/wp-content\/uploads\/2024\/04\/1000214622.jpg\"><img loading=\"lazy\" width=\"1024\" height=\"682\" src=\"http:\/\/labestiadeportiva.com\/lbd\/wp-content\/uploads\/2024\/04\/1000214622-1024x682.jpg\" alt=\"\" class=\"wp-image-49076\" srcset=\"https:\/\/labestiadeportiva.com\/lbd\/wp-content\/uploads\/2024\/04\/1000214622-1024x682.jpg 1024w, https:\/\/labestiadeportiva.com\/lbd\/wp-content\/uploads\/2024\/04\/1000214622-300x200.jpg 300w, https:\/\/labestiadeportiva.com\/lbd\/wp-content\/uploads\/2024\/04\/1000214622-768x512.jpg 768w, https:\/\/labestiadeportiva.com\/lbd\/wp-content\/uploads\/2024\/04\/1000214622-640x427.jpg 640w, https:\/\/labestiadeportiva.com\/lbd\/wp-content\/uploads\/2024\/04\/1000214622.jpg 1280w\" sizes=\"(max-width: 1024px) 100vw, 1024px\" \/><\/a><\/figure>\n\n\n\n<p>El Marat\u00f3n del Fin del Mundo regres\u00f3 luego de una larga d\u00e9cada. A partir de aqu\u00ed el gran desaf\u00edo ser\u00e1 darle continuidad a trav\u00e9s de apoyo de todo tipo. Deporte y Turismo recuperan una herramienta de desarrollo para potenciar la marca a nivel nacional e internacional.<\/p>\n\n\n\n<figure class=\"wp-block-image size-large\"><a href=\"http:\/\/labestiadeportiva.com\/lbd\/wp-content\/uploads\/2024\/04\/1000214626.jpg\"><img loading=\"lazy\" width=\"682\" height=\"1024\" src=\"http:\/\/labestiadeportiva.com\/lbd\/wp-content\/uploads\/2024\/04\/1000214626-682x1024.jpg\" alt=\"\" class=\"wp-image-49075\" srcset=\"https:\/\/labestiadeportiva.com\/lbd\/wp-content\/uploads\/2024\/04\/1000214626-682x1024.jpg 682w, https:\/\/labestiadeportiva.com\/lbd\/wp-content\/uploads\/2024\/04\/1000214626-200x300.jpg 200w, https:\/\/labestiadeportiva.com\/lbd\/wp-content\/uploads\/2024\/04\/1000214626-768x1152.jpg 768w, https:\/\/labestiadeportiva.com\/lbd\/wp-content\/uploads\/2024\/04\/1000214626-640x960.jpg 640w, https:\/\/labestiadeportiva.com\/lbd\/wp-content\/uploads\/2024\/04\/1000214626.jpg 853w\" sizes=\"(max-width: 682px) 100vw, 682px\" \/><\/a><\/figure>\n<div class='epvc-post-count'><span class='epvc-eye'><\/span>  <span class=\"epvc-count\"> 1.379<\/span><span class='epvc-label'> veces le\u00edda<\/span><\/div>\n<div class=\"jwsharethis\">\nShare this: \n<br \/>\n<a href=\"mailto:?subject=Hist%C3%B3rico%20regreso&amp;body=https%3A%2F%2Flabestiadeportiva.com%2Flbd%2Fhistorico-regreso%2F\">\n<img src=\"https:\/\/labestiadeportiva.com\/lbd\/wp-content\/plugins\/jw-share-this\/email.png\" alt=\"Share this page via Email\" \/>\n<\/a>\n<a target=\"_blank\" href=\"http:\/\/www.stumbleupon.com\/submit?url=https%3A%2F%2Flabestiadeportiva.com%2Flbd%2Fhistorico-regreso%2F&amp;title=Hist%C3%B3rico+regreso\">\n<img src=\"https:\/\/labestiadeportiva.com\/lbd\/wp-content\/plugins\/jw-share-this\/su.png\" alt=\"Share this page via Stumble Upon\" \/>\n<\/a>\n<a target=\"_blank\" href=\"http:\/\/digg.com\/submit?url=https%3A%2F%2Flabestiadeportiva.com%2Flbd%2Fhistorico-regreso%2F&amp;title=Hist%C3%B3rico+regreso\">\n<img src=\"https:\/\/labestiadeportiva.com\/lbd\/wp-content\/plugins\/jw-share-this\/digg.png\" alt=\"Share this page via Digg this\" \/>\n<\/a>\n<a target=\"_blank\" href=\"http:\/\/www.facebook.com\/sharer.php?u=https%3A%2F%2Flabestiadeportiva.com%2Flbd%2Fhistorico-regreso%2F&amp;t=Hist%C3%B3rico+regreso\">\n<img src=\"https:\/\/labestiadeportiva.com\/lbd\/wp-content\/plugins\/jw-share-this\/fb.png\" alt=\"Share this page via Facebook\" \/>\n<\/a>\n<a target=\"_blank\" href=\"http:\/\/twitter.com\/intent\/tweet?text=I+like+https%3A%2F%2Flabestiadeportiva.com%2Flbd%2Fhistorico-regreso%2F&amp;title=Hist%C3%B3rico+regreso\">\n<img src=\"https:\/\/labestiadeportiva.com\/lbd\/wp-content\/plugins\/jw-share-this\/twitter.png\" alt=\"Share this page via Twitter\" \/>\n<\/a>\n<\/div>\n","protected":false},"excerpt":{"rendered":"<p>El Marat\u00f3n del Fin del Mundo volvi\u00f3 a recorrer los caminos ushuaienses luego de 12 largos a\u00f1os. Super\u00f3 todas las expectativas con 270 atletas locales, nacionales e internacionales en l\u00ednea de largada. Diego Ch\u00e1vez (2 h 46&#8217;44\u00bb) y B\u00e1rbara Rojas (3 h 26&#8217;05\u00bb) se adue\u00f1aron de los 42 k mientras que Cindy R\u00edos y Alan &hellip; <a href=\"https:\/\/labestiadeportiva.com\/lbd\/historico-regreso\/\" class=\"more-link\">Seguir leyendo <span class=\"screen-reader-text\">Hist\u00f3rico regreso<\/span> <span class=\"meta-nav\">&rarr;<\/span><\/a><\/p>\n","protected":false},"author":1,"featured_media":0,"comment_status":"open","ping_status":"open","sticky":false,"template":"","format":"standard","meta":[],"categories":[5,4,6,5109,1],"tags":[4831,5304,83],"_links":{"self":[{"href":"https:\/\/labestiadeportiva.com\/lbd\/wp-json\/wp\/v2\/posts\/49070"}],"collection":[{"href":"https:\/\/labestiadeportiva.com\/lbd\/wp-json\/wp\/v2\/posts"}],"about":[{"href":"https:\/\/labestiadeportiva.com\/lbd\/wp-json\/wp\/v2\/types\/post"}],"author":[{"embeddable":true,"href":"https:\/\/labestiadeportiva.com\/lbd\/wp-json\/wp\/v2\/users\/1"}],"replies":[{"embeddable":true,"href":"https:\/\/labestiadeportiva.com\/lbd\/wp-json\/wp\/v2\/comments?post=49070"}],"version-history":[{"count":2,"href":"https:\/\/labestiadeportiva.com\/lbd\/wp-json\/wp\/v2\/posts\/49070\/revisions"}],"predecessor-version":[{"id":49078,"href":"https:\/\/labestiadeportiva.com\/lbd\/wp-json\/wp\/v2\/posts\/49070\/revisions\/49078"}],"wp:attachment":[{"href":"https:\/\/labestiadeportiva.com\/lbd\/wp-json\/wp\/v2\/media?parent=49070"}],"wp:term":[{"taxonomy":"category","embeddable":true,"href":"https:\/\/labestiadeportiva.com\/lbd\/wp-json\/wp\/v2\/categories?post=49070"},{"taxonomy":"post_tag","embeddable":true,"href":"https:\/\/labestiadeportiva.com\/lbd\/wp-json\/wp\/v2\/tags?post=49070"}],"curies":[{"name":"wp","href":"https:\/\/api.w.org\/{rel}","templated":true}]}}