{"id":49179,"date":"2024-05-06T19:25:54","date_gmt":"2024-05-06T22:25:54","guid":{"rendered":"http:\/\/labestiadeportiva.com\/lbd\/?p=49179"},"modified":"2024-05-06T19:25:59","modified_gmt":"2024-05-06T22:25:59","slug":"para-nosotros-es-importante-darle-continuidad-a-esta-competencia-nacional-audio","status":"publish","type":"post","link":"https:\/\/labestiadeportiva.com\/lbd\/para-nosotros-es-importante-darle-continuidad-a-esta-competencia-nacional-audio\/","title":{"rendered":"\u00abPara nosotros es importante darle continuidad a esta competencia nacional\u00bb (Audio)"},"content":{"rendered":"\n<figure class=\"wp-block-image size-large\"><a href=\"http:\/\/labestiadeportiva.com\/lbd\/wp-content\/uploads\/2024\/05\/1000227820.jpg\"><img loading=\"lazy\" width=\"1024\" height=\"681\" src=\"http:\/\/labestiadeportiva.com\/lbd\/wp-content\/uploads\/2024\/05\/1000227820-1024x681.jpg\" alt=\"\" class=\"wp-image-49180\" srcset=\"https:\/\/labestiadeportiva.com\/lbd\/wp-content\/uploads\/2024\/05\/1000227820-1024x681.jpg 1024w, https:\/\/labestiadeportiva.com\/lbd\/wp-content\/uploads\/2024\/05\/1000227820-300x199.jpg 300w, https:\/\/labestiadeportiva.com\/lbd\/wp-content\/uploads\/2024\/05\/1000227820-768x510.jpg 768w, https:\/\/labestiadeportiva.com\/lbd\/wp-content\/uploads\/2024\/05\/1000227820-640x425.jpg 640w, https:\/\/labestiadeportiva.com\/lbd\/wp-content\/uploads\/2024\/05\/1000227820.jpg 1440w\" sizes=\"(max-width: 1024px) 100vw, 1024px\" \/><\/a><\/figure>\n\n\n\n<figure class=\"wp-block-image size-full is-resized\"><a href=\"http:\/\/labestiadeportiva.com\/lbd\/wp-content\/uploads\/2022\/11\/CARA_PEREZ-2.jpg\"><img loading=\"lazy\" src=\"http:\/\/labestiadeportiva.com\/lbd\/wp-content\/uploads\/2022\/11\/CARA_PEREZ-2.jpg\" alt=\"\" class=\"wp-image-43576\" width=\"354\" height=\"72\" srcset=\"https:\/\/labestiadeportiva.com\/lbd\/wp-content\/uploads\/2022\/11\/CARA_PEREZ-2.jpg 600w, https:\/\/labestiadeportiva.com\/lbd\/wp-content\/uploads\/2022\/11\/CARA_PEREZ-2-300x62.jpg 300w\" sizes=\"(max-width: 354px) 100vw, 354px\" \/><\/a><\/figure>\n\n\n\n<p>Los equipos fueguinos comenzaron su viaje al Nacional de Clubes de hockey pista a realizarse del 9 al 12 en la localidad rionegrina de San Carlos de Bariloche.<\/p>\n\n\n\n<p>URC participar\u00e1 con equipos en ambas ramas con la firme intenci\u00f3n de seguir siendo protagonista. Nos contactamos con el Coordinador \u00abTricolor\u00bb de la disciplina Sergio Mena quien nos di\u00f3 detalles de log\u00edstica y preparaci\u00f3n.<\/p>\n\n\n\n<!--more-->\n\n\n\n<figure class=\"wp-block-embed is-type-video is-provider-youtube wp-block-embed-youtube wp-embed-aspect-4-3 wp-has-aspect-ratio\"><div class=\"wp-block-embed__wrapper\">\n<iframe loading=\"lazy\" title=\"Audio Sergio Mena\" width=\"474\" height=\"356\" src=\"https:\/\/www.youtube.com\/embed\/6nYd_JSSRkc?feature=oembed\" frameborder=\"0\" allow=\"accelerometer; autoplay; clipboard-write; encrypted-media; gyroscope; picture-in-picture; web-share\" referrerpolicy=\"strict-origin-when-cross-origin\" allowfullscreen><\/iframe>\n<\/div><\/figure>\n<div class='epvc-post-count'><span class='epvc-eye'><\/span>  <span class=\"epvc-count\"> 961<\/span><span class='epvc-label'> veces le\u00edda<\/span><\/div>\n<div class=\"jwsharethis\">\nShare this: \n<br \/>\n<a href=\"mailto:?subject=%C2%ABPara%20nosotros%20es%20importante%20darle%20continuidad%20a%20esta%20competencia%20nacional%C2%BB%20%28Audio%29&amp;body=https%3A%2F%2Flabestiadeportiva.com%2Flbd%2Fpara-nosotros-es-importante-darle-continuidad-a-esta-competencia-nacional-audio%2F\">\n<img src=\"https:\/\/labestiadeportiva.com\/lbd\/wp-content\/plugins\/jw-share-this\/email.png\" alt=\"Share this page via Email\" \/>\n<\/a>\n<a target=\"_blank\" href=\"http:\/\/www.stumbleupon.com\/submit?url=https%3A%2F%2Flabestiadeportiva.com%2Flbd%2Fpara-nosotros-es-importante-darle-continuidad-a-esta-competencia-nacional-audio%2F&amp;title=%C2%ABPara+nosotros+es+importante+darle+continuidad+a+esta+competencia+nacional%C2%BB+%28Audio%29\">\n<img src=\"https:\/\/labestiadeportiva.com\/lbd\/wp-content\/plugins\/jw-share-this\/su.png\" alt=\"Share this page via Stumble Upon\" \/>\n<\/a>\n<a target=\"_blank\" href=\"http:\/\/digg.com\/submit?url=https%3A%2F%2Flabestiadeportiva.com%2Flbd%2Fpara-nosotros-es-importante-darle-continuidad-a-esta-competencia-nacional-audio%2F&amp;title=%C2%ABPara+nosotros+es+importante+darle+continuidad+a+esta+competencia+nacional%C2%BB+%28Audio%29\">\n<img src=\"https:\/\/labestiadeportiva.com\/lbd\/wp-content\/plugins\/jw-share-this\/digg.png\" alt=\"Share this page via Digg this\" \/>\n<\/a>\n<a target=\"_blank\" href=\"http:\/\/www.facebook.com\/sharer.php?u=https%3A%2F%2Flabestiadeportiva.com%2Flbd%2Fpara-nosotros-es-importante-darle-continuidad-a-esta-competencia-nacional-audio%2F&amp;t=%C2%ABPara+nosotros+es+importante+darle+continuidad+a+esta+competencia+nacional%C2%BB+%28Audio%29\">\n<img src=\"https:\/\/labestiadeportiva.com\/lbd\/wp-content\/plugins\/jw-share-this\/fb.png\" alt=\"Share this page via Facebook\" \/>\n<\/a>\n<a target=\"_blank\" href=\"http:\/\/twitter.com\/intent\/tweet?text=I+like+https%3A%2F%2Flabestiadeportiva.com%2Flbd%2Fpara-nosotros-es-importante-darle-continuidad-a-esta-competencia-nacional-audio%2F&amp;title=%C2%ABPara+nosotros+es+importante+darle+continuidad+a+esta+competencia+nacional%C2%BB+%28Audio%29\">\n<img src=\"https:\/\/labestiadeportiva.com\/lbd\/wp-content\/plugins\/jw-share-this\/twitter.png\" alt=\"Share this page via Twitter\" \/>\n<\/a>\n<\/div>\n","protected":false},"excerpt":{"rendered":"<p>Los equipos fueguinos comenzaron su viaje al Nacional de Clubes de hockey pista a realizarse del 9 al 12 en la localidad rionegrina de San Carlos de Bariloche. URC participar\u00e1 con equipos en ambas ramas con la firme intenci\u00f3n de seguir siendo protagonista. Nos contactamos con el Coordinador \u00abTricolor\u00bb de la disciplina Sergio Mena quien &hellip; <a href=\"https:\/\/labestiadeportiva.com\/lbd\/para-nosotros-es-importante-darle-continuidad-a-esta-competencia-nacional-audio\/\" class=\"more-link\">Seguir leyendo <span class=\"screen-reader-text\">\u00abPara nosotros es importante darle continuidad a esta competencia nacional\u00bb (Audio)<\/span> <span class=\"meta-nav\">&rarr;<\/span><\/a><\/p>\n","protected":false},"author":1,"featured_media":0,"comment_status":"open","ping_status":"open","sticky":false,"template":"","format":"standard","meta":[],"categories":[5,6,2325,1],"tags":[5309,32,597,781],"_links":{"self":[{"href":"https:\/\/labestiadeportiva.com\/lbd\/wp-json\/wp\/v2\/posts\/49179"}],"collection":[{"href":"https:\/\/labestiadeportiva.com\/lbd\/wp-json\/wp\/v2\/posts"}],"about":[{"href":"https:\/\/labestiadeportiva.com\/lbd\/wp-json\/wp\/v2\/types\/post"}],"author":[{"embeddable":true,"href":"https:\/\/labestiadeportiva.com\/lbd\/wp-json\/wp\/v2\/users\/1"}],"replies":[{"embeddable":true,"href":"https:\/\/labestiadeportiva.com\/lbd\/wp-json\/wp\/v2\/comments?post=49179"}],"version-history":[{"count":1,"href":"https:\/\/labestiadeportiva.com\/lbd\/wp-json\/wp\/v2\/posts\/49179\/revisions"}],"predecessor-version":[{"id":49181,"href":"https:\/\/labestiadeportiva.com\/lbd\/wp-json\/wp\/v2\/posts\/49179\/revisions\/49181"}],"wp:attachment":[{"href":"https:\/\/labestiadeportiva.com\/lbd\/wp-json\/wp\/v2\/media?parent=49179"}],"wp:term":[{"taxonomy":"category","embeddable":true,"href":"https:\/\/labestiadeportiva.com\/lbd\/wp-json\/wp\/v2\/categories?post=49179"},{"taxonomy":"post_tag","embeddable":true,"href":"https:\/\/labestiadeportiva.com\/lbd\/wp-json\/wp\/v2\/tags?post=49179"}],"curies":[{"name":"wp","href":"https:\/\/api.w.org\/{rel}","templated":true}]}}