{"id":49227,"date":"2024-05-10T20:08:45","date_gmt":"2024-05-10T23:08:45","guid":{"rendered":"http:\/\/labestiadeportiva.com\/lbd\/?p=49227"},"modified":"2024-05-10T20:08:46","modified_gmt":"2024-05-10T23:08:46","slug":"combinadas-fueguinas-audio","status":"publish","type":"post","link":"https:\/\/labestiadeportiva.com\/lbd\/combinadas-fueguinas-audio\/","title":{"rendered":"Combinadas fueguinas (Audio)"},"content":{"rendered":"\n<figure class=\"wp-block-image size-full\"><a href=\"http:\/\/labestiadeportiva.com\/lbd\/wp-content\/uploads\/2024\/05\/1000233459.png\"><img loading=\"lazy\" width=\"884\" height=\"602\" src=\"http:\/\/labestiadeportiva.com\/lbd\/wp-content\/uploads\/2024\/05\/1000233459.png\" alt=\"\" class=\"wp-image-49228\" srcset=\"https:\/\/labestiadeportiva.com\/lbd\/wp-content\/uploads\/2024\/05\/1000233459.png 884w, https:\/\/labestiadeportiva.com\/lbd\/wp-content\/uploads\/2024\/05\/1000233459-300x204.png 300w, https:\/\/labestiadeportiva.com\/lbd\/wp-content\/uploads\/2024\/05\/1000233459-768x523.png 768w, https:\/\/labestiadeportiva.com\/lbd\/wp-content\/uploads\/2024\/05\/1000233459-640x436.png 640w\" sizes=\"(max-width: 884px) 100vw, 884px\" \/><\/a><\/figure>\n\n\n\n<figure class=\"wp-block-image size-full is-resized\"><a href=\"http:\/\/labestiadeportiva.com\/lbd\/wp-content\/uploads\/2022\/11\/CARA_PEREZ-2.jpg\"><img loading=\"lazy\" src=\"http:\/\/labestiadeportiva.com\/lbd\/wp-content\/uploads\/2022\/11\/CARA_PEREZ-2.jpg\" alt=\"\" class=\"wp-image-43576\" width=\"353\" height=\"72\" srcset=\"https:\/\/labestiadeportiva.com\/lbd\/wp-content\/uploads\/2022\/11\/CARA_PEREZ-2.jpg 600w, https:\/\/labestiadeportiva.com\/lbd\/wp-content\/uploads\/2022\/11\/CARA_PEREZ-2-300x62.jpg 300w\" sizes=\"(max-width: 353px) 100vw, 353px\" \/><\/a><\/figure>\n\n\n\n<p>Los j\u00f3venes atletas ushuaienses Ian Bianchi (Octatl\u00f3n), Antonella Ojeda (Heptatl\u00f3n) e Isabella Bianchi (Pentatl\u00f3n) formar\u00e1n parte del Campeonato Nacional de Clubes en Pruebas Combinadas.<\/p>\n\n\n\n<p>La competencia se desarrollar\u00e1 en la ciudad de La Plata. Desde la \u00abCiudad de las Diagonales\u00bb nos contactamos con el formador Lucas Doffo quien nos di\u00f3 detalles del torneo por venir.<br><\/p>\n\n\n\n<!--more-->\n\n\n\n<p><\/p>\n\n\n\n<figure class=\"wp-block-embed is-type-video is-provider-youtube wp-block-embed-youtube wp-embed-aspect-4-3 wp-has-aspect-ratio\"><div class=\"wp-block-embed__wrapper\">\n<iframe loading=\"lazy\" title=\"Audio Lucas Doffo\" width=\"474\" height=\"356\" src=\"https:\/\/www.youtube.com\/embed\/-k-r-bdKQdU?feature=oembed\" frameborder=\"0\" allow=\"accelerometer; autoplay; clipboard-write; encrypted-media; gyroscope; picture-in-picture; web-share\" referrerpolicy=\"strict-origin-when-cross-origin\" allowfullscreen><\/iframe>\n<\/div><\/figure>\n<div class='epvc-post-count'><span class='epvc-eye'><\/span>  <span class=\"epvc-count\"> 994<\/span><span class='epvc-label'> veces le\u00edda<\/span><\/div>\n<div class=\"jwsharethis\">\nShare this: \n<br \/>\n<a href=\"mailto:?subject=Combinadas%20fueguinas%20%28Audio%29&amp;body=https%3A%2F%2Flabestiadeportiva.com%2Flbd%2Fcombinadas-fueguinas-audio%2F\">\n<img src=\"https:\/\/labestiadeportiva.com\/lbd\/wp-content\/plugins\/jw-share-this\/email.png\" alt=\"Share this page via Email\" \/>\n<\/a>\n<a target=\"_blank\" href=\"http:\/\/www.stumbleupon.com\/submit?url=https%3A%2F%2Flabestiadeportiva.com%2Flbd%2Fcombinadas-fueguinas-audio%2F&amp;title=Combinadas+fueguinas+%28Audio%29\">\n<img src=\"https:\/\/labestiadeportiva.com\/lbd\/wp-content\/plugins\/jw-share-this\/su.png\" alt=\"Share this page via Stumble Upon\" \/>\n<\/a>\n<a target=\"_blank\" href=\"http:\/\/digg.com\/submit?url=https%3A%2F%2Flabestiadeportiva.com%2Flbd%2Fcombinadas-fueguinas-audio%2F&amp;title=Combinadas+fueguinas+%28Audio%29\">\n<img src=\"https:\/\/labestiadeportiva.com\/lbd\/wp-content\/plugins\/jw-share-this\/digg.png\" alt=\"Share this page via Digg this\" \/>\n<\/a>\n<a target=\"_blank\" href=\"http:\/\/www.facebook.com\/sharer.php?u=https%3A%2F%2Flabestiadeportiva.com%2Flbd%2Fcombinadas-fueguinas-audio%2F&amp;t=Combinadas+fueguinas+%28Audio%29\">\n<img src=\"https:\/\/labestiadeportiva.com\/lbd\/wp-content\/plugins\/jw-share-this\/fb.png\" alt=\"Share this page via Facebook\" \/>\n<\/a>\n<a target=\"_blank\" href=\"http:\/\/twitter.com\/intent\/tweet?text=I+like+https%3A%2F%2Flabestiadeportiva.com%2Flbd%2Fcombinadas-fueguinas-audio%2F&amp;title=Combinadas+fueguinas+%28Audio%29\">\n<img src=\"https:\/\/labestiadeportiva.com\/lbd\/wp-content\/plugins\/jw-share-this\/twitter.png\" alt=\"Share this page via Twitter\" \/>\n<\/a>\n<\/div>\n","protected":false},"excerpt":{"rendered":"<p>Los j\u00f3venes atletas ushuaienses Ian Bianchi (Octatl\u00f3n), Antonella Ojeda (Heptatl\u00f3n) e Isabella Bianchi (Pentatl\u00f3n) formar\u00e1n parte del Campeonato Nacional de Clubes en Pruebas Combinadas. La competencia se desarrollar\u00e1 en la ciudad de La Plata. Desde la \u00abCiudad de las Diagonales\u00bb nos contactamos con el formador Lucas Doffo quien nos di\u00f3 detalles del torneo por venir. &hellip; <a href=\"https:\/\/labestiadeportiva.com\/lbd\/combinadas-fueguinas-audio\/\" class=\"more-link\">Seguir leyendo <span class=\"screen-reader-text\">Combinadas fueguinas (Audio)<\/span> <span class=\"meta-nav\">&rarr;<\/span><\/a><\/p>\n","protected":false},"author":1,"featured_media":0,"comment_status":"open","ping_status":"open","sticky":false,"template":"","format":"standard","meta":[],"categories":[22,5,6,1],"tags":[4831,3558,222,597,83,5311],"_links":{"self":[{"href":"https:\/\/labestiadeportiva.com\/lbd\/wp-json\/wp\/v2\/posts\/49227"}],"collection":[{"href":"https:\/\/labestiadeportiva.com\/lbd\/wp-json\/wp\/v2\/posts"}],"about":[{"href":"https:\/\/labestiadeportiva.com\/lbd\/wp-json\/wp\/v2\/types\/post"}],"author":[{"embeddable":true,"href":"https:\/\/labestiadeportiva.com\/lbd\/wp-json\/wp\/v2\/users\/1"}],"replies":[{"embeddable":true,"href":"https:\/\/labestiadeportiva.com\/lbd\/wp-json\/wp\/v2\/comments?post=49227"}],"version-history":[{"count":1,"href":"https:\/\/labestiadeportiva.com\/lbd\/wp-json\/wp\/v2\/posts\/49227\/revisions"}],"predecessor-version":[{"id":49229,"href":"https:\/\/labestiadeportiva.com\/lbd\/wp-json\/wp\/v2\/posts\/49227\/revisions\/49229"}],"wp:attachment":[{"href":"https:\/\/labestiadeportiva.com\/lbd\/wp-json\/wp\/v2\/media?parent=49227"}],"wp:term":[{"taxonomy":"category","embeddable":true,"href":"https:\/\/labestiadeportiva.com\/lbd\/wp-json\/wp\/v2\/categories?post=49227"},{"taxonomy":"post_tag","embeddable":true,"href":"https:\/\/labestiadeportiva.com\/lbd\/wp-json\/wp\/v2\/tags?post=49227"}],"curies":[{"name":"wp","href":"https:\/\/api.w.org\/{rel}","templated":true}]}}