{"id":49254,"date":"2024-05-14T16:09:45","date_gmt":"2024-05-14T19:09:45","guid":{"rendered":"http:\/\/labestiadeportiva.com\/lbd\/?p=49254"},"modified":"2024-05-14T16:09:46","modified_gmt":"2024-05-14T19:09:46","slug":"rojas-y-guzman-los-duenos-del-desafio-austral-audio","status":"publish","type":"post","link":"https:\/\/labestiadeportiva.com\/lbd\/rojas-y-guzman-los-duenos-del-desafio-austral-audio\/","title":{"rendered":"Rojas y Guzm\u00e1n, los due\u00f1os del \u00abDesaf\u00edo Austral\u00bb (Audio)"},"content":{"rendered":"\n<figure class=\"wp-block-image size-large\"><a href=\"http:\/\/labestiadeportiva.com\/lbd\/wp-content\/uploads\/2024\/05\/1000238491.jpg\"><img loading=\"lazy\" width=\"1024\" height=\"682\" src=\"http:\/\/labestiadeportiva.com\/lbd\/wp-content\/uploads\/2024\/05\/1000238491-1024x682.jpg\" alt=\"\" class=\"wp-image-49255\" srcset=\"https:\/\/labestiadeportiva.com\/lbd\/wp-content\/uploads\/2024\/05\/1000238491-1024x682.jpg 1024w, https:\/\/labestiadeportiva.com\/lbd\/wp-content\/uploads\/2024\/05\/1000238491-300x200.jpg 300w, https:\/\/labestiadeportiva.com\/lbd\/wp-content\/uploads\/2024\/05\/1000238491-768x512.jpg 768w, https:\/\/labestiadeportiva.com\/lbd\/wp-content\/uploads\/2024\/05\/1000238491-640x427.jpg 640w, https:\/\/labestiadeportiva.com\/lbd\/wp-content\/uploads\/2024\/05\/1000238491.jpg 1280w\" sizes=\"(max-width: 1024px) 100vw, 1024px\" \/><\/a><\/figure>\n\n\n\n<figure class=\"wp-block-image size-full\"><a href=\"http:\/\/labestiadeportiva.com\/lbd\/wp-content\/uploads\/2022\/11\/CARA_PEREZ-2.jpg\"><img loading=\"lazy\" width=\"600\" height=\"124\" src=\"http:\/\/labestiadeportiva.com\/lbd\/wp-content\/uploads\/2022\/11\/CARA_PEREZ-2.jpg\" alt=\"\" class=\"wp-image-43576\" srcset=\"https:\/\/labestiadeportiva.com\/lbd\/wp-content\/uploads\/2022\/11\/CARA_PEREZ-2.jpg 600w, https:\/\/labestiadeportiva.com\/lbd\/wp-content\/uploads\/2022\/11\/CARA_PEREZ-2-300x62.jpg 300w\" sizes=\"(max-width: 600px) 100vw, 600px\" \/><\/a><\/figure>\n\n\n\n<p>Dar\u00edo \u00abHilacha\u00bb Guzm\u00e1n (2:04:16) y B\u00e1rbara Rojas (2:34:04) se impusieron en los 20 k de la UNTF.  El trail cont\u00f3 con 300 participantes en l\u00ednea de largada.<\/p>\n\n\n\n<p>Guitian (5 k), Galizzi (5 k), R\u00edos (10 k) y Saucedo (10 k) se quedaron con los trayectos alternativos. A modo de balance entrevistamos a Martin Cichero, una de las caras visibles de la organizaci\u00f3n.<\/p>\n\n\n\n<p>Compartimos la entrevista lograda este martes en la 94.1 FM del Sur.<\/p>\n\n\n\n<!--more-->\n\n\n\n<p><\/p>\n\n\n\n<figure class=\"wp-block-embed is-type-video is-provider-youtube wp-block-embed-youtube wp-embed-aspect-4-3 wp-has-aspect-ratio\"><div class=\"wp-block-embed__wrapper\">\n<iframe loading=\"lazy\" title=\"Audio Martin Cichero\" width=\"474\" height=\"356\" src=\"https:\/\/www.youtube.com\/embed\/Tv7-z14-Mzc?feature=oembed\" frameborder=\"0\" allow=\"accelerometer; autoplay; clipboard-write; encrypted-media; gyroscope; picture-in-picture; web-share\" referrerpolicy=\"strict-origin-when-cross-origin\" allowfullscreen><\/iframe>\n<\/div><\/figure>\n<div class='epvc-post-count'><span class='epvc-eye'><\/span>  <span class=\"epvc-count\"> 1.145<\/span><span class='epvc-label'> veces le\u00edda<\/span><\/div>\n<div class=\"jwsharethis\">\nShare this: \n<br \/>\n<a href=\"mailto:?subject=Rojas%20y%20Guzm%C3%A1n%2C%20los%20due%C3%B1os%20del%20%C2%ABDesaf%C3%ADo%20Austral%C2%BB%20%28Audio%29&amp;body=https%3A%2F%2Flabestiadeportiva.com%2Flbd%2Frojas-y-guzman-los-duenos-del-desafio-austral-audio%2F\">\n<img src=\"https:\/\/labestiadeportiva.com\/lbd\/wp-content\/plugins\/jw-share-this\/email.png\" alt=\"Share this page via Email\" \/>\n<\/a>\n<a target=\"_blank\" href=\"http:\/\/www.stumbleupon.com\/submit?url=https%3A%2F%2Flabestiadeportiva.com%2Flbd%2Frojas-y-guzman-los-duenos-del-desafio-austral-audio%2F&amp;title=Rojas+y+Guzm%C3%A1n%2C+los+due%C3%B1os+del+%C2%ABDesaf%C3%ADo+Austral%C2%BB+%28Audio%29\">\n<img src=\"https:\/\/labestiadeportiva.com\/lbd\/wp-content\/plugins\/jw-share-this\/su.png\" alt=\"Share this page via Stumble Upon\" \/>\n<\/a>\n<a target=\"_blank\" href=\"http:\/\/digg.com\/submit?url=https%3A%2F%2Flabestiadeportiva.com%2Flbd%2Frojas-y-guzman-los-duenos-del-desafio-austral-audio%2F&amp;title=Rojas+y+Guzm%C3%A1n%2C+los+due%C3%B1os+del+%C2%ABDesaf%C3%ADo+Austral%C2%BB+%28Audio%29\">\n<img src=\"https:\/\/labestiadeportiva.com\/lbd\/wp-content\/plugins\/jw-share-this\/digg.png\" alt=\"Share this page via Digg this\" \/>\n<\/a>\n<a target=\"_blank\" href=\"http:\/\/www.facebook.com\/sharer.php?u=https%3A%2F%2Flabestiadeportiva.com%2Flbd%2Frojas-y-guzman-los-duenos-del-desafio-austral-audio%2F&amp;t=Rojas+y+Guzm%C3%A1n%2C+los+due%C3%B1os+del+%C2%ABDesaf%C3%ADo+Austral%C2%BB+%28Audio%29\">\n<img src=\"https:\/\/labestiadeportiva.com\/lbd\/wp-content\/plugins\/jw-share-this\/fb.png\" alt=\"Share this page via Facebook\" \/>\n<\/a>\n<a target=\"_blank\" href=\"http:\/\/twitter.com\/intent\/tweet?text=I+like+https%3A%2F%2Flabestiadeportiva.com%2Flbd%2Frojas-y-guzman-los-duenos-del-desafio-austral-audio%2F&amp;title=Rojas+y+Guzm%C3%A1n%2C+los+due%C3%B1os+del+%C2%ABDesaf%C3%ADo+Austral%C2%BB+%28Audio%29\">\n<img src=\"https:\/\/labestiadeportiva.com\/lbd\/wp-content\/plugins\/jw-share-this\/twitter.png\" alt=\"Share this page via Twitter\" \/>\n<\/a>\n<\/div>\n","protected":false},"excerpt":{"rendered":"<p>Dar\u00edo \u00abHilacha\u00bb Guzm\u00e1n (2:04:16) y B\u00e1rbara Rojas (2:34:04) se impusieron en los 20 k de la UNTF. El trail cont\u00f3 con 300 participantes en l\u00ednea de largada. Guitian (5 k), Galizzi (5 k), R\u00edos (10 k) y Saucedo (10 k) se quedaron con los trayectos alternativos. A modo de balance entrevistamos a Martin Cichero, una &hellip; <a href=\"https:\/\/labestiadeportiva.com\/lbd\/rojas-y-guzman-los-duenos-del-desafio-austral-audio\/\" class=\"more-link\">Seguir leyendo <span class=\"screen-reader-text\">Rojas y Guzm\u00e1n, los due\u00f1os del \u00abDesaf\u00edo Austral\u00bb (Audio)<\/span> <span class=\"meta-nav\">&rarr;<\/span><\/a><\/p>\n","protected":false},"author":1,"featured_media":0,"comment_status":"open","ping_status":"open","sticky":false,"template":"","format":"standard","meta":[],"categories":[5,1,4405],"tags":[1024,5314,4838,83,4381],"_links":{"self":[{"href":"https:\/\/labestiadeportiva.com\/lbd\/wp-json\/wp\/v2\/posts\/49254"}],"collection":[{"href":"https:\/\/labestiadeportiva.com\/lbd\/wp-json\/wp\/v2\/posts"}],"about":[{"href":"https:\/\/labestiadeportiva.com\/lbd\/wp-json\/wp\/v2\/types\/post"}],"author":[{"embeddable":true,"href":"https:\/\/labestiadeportiva.com\/lbd\/wp-json\/wp\/v2\/users\/1"}],"replies":[{"embeddable":true,"href":"https:\/\/labestiadeportiva.com\/lbd\/wp-json\/wp\/v2\/comments?post=49254"}],"version-history":[{"count":1,"href":"https:\/\/labestiadeportiva.com\/lbd\/wp-json\/wp\/v2\/posts\/49254\/revisions"}],"predecessor-version":[{"id":49256,"href":"https:\/\/labestiadeportiva.com\/lbd\/wp-json\/wp\/v2\/posts\/49254\/revisions\/49256"}],"wp:attachment":[{"href":"https:\/\/labestiadeportiva.com\/lbd\/wp-json\/wp\/v2\/media?parent=49254"}],"wp:term":[{"taxonomy":"category","embeddable":true,"href":"https:\/\/labestiadeportiva.com\/lbd\/wp-json\/wp\/v2\/categories?post=49254"},{"taxonomy":"post_tag","embeddable":true,"href":"https:\/\/labestiadeportiva.com\/lbd\/wp-json\/wp\/v2\/tags?post=49254"}],"curies":[{"name":"wp","href":"https:\/\/api.w.org\/{rel}","templated":true}]}}