{"id":49389,"date":"2024-06-03T13:06:37","date_gmt":"2024-06-03T16:06:37","guid":{"rendered":"http:\/\/labestiadeportiva.com\/lbd\/?p=49389"},"modified":"2024-06-03T13:06:48","modified_gmt":"2024-06-03T16:06:48","slug":"con-autoridad-2","status":"publish","type":"post","link":"https:\/\/labestiadeportiva.com\/lbd\/con-autoridad-2\/","title":{"rendered":"Con autoridad"},"content":{"rendered":"\n<figure class=\"wp-block-image size-large is-resized\"><a href=\"http:\/\/labestiadeportiva.com\/lbd\/wp-content\/uploads\/2024\/06\/1000265655.png\"><img loading=\"lazy\" src=\"http:\/\/labestiadeportiva.com\/lbd\/wp-content\/uploads\/2024\/06\/1000265655-1024x566.png\" alt=\"\" class=\"wp-image-49398\" width=\"421\" height=\"231\"\/><\/a><\/figure>\n\n\n\n<p>Escuela Municipal \u00abB\u00bb y HAF ratificaci\u00f3n su gran momento imponi\u00e9ndose en las finales del Torneo Apertura. Las \u00abChicas\u00bb del Poli lo hicieron por 9 a 1 ante Las Cuervas FDM mientras que los conducidos por Rodrigo Hern\u00e1ndez superaron a La UOM 7 a 2. Gran marco de p\u00fablico en la Casa del Deporte. Las fotos son gentileza del amigo Norman Munch.<\/p>\n\n\n\n<!--more-->\n\n\n\n<p>Y se di\u00f3 la l\u00f3gica nom\u00e1s. Los candidatos o favoritos en la previa de los choques finales pudieron plasmar en cancha su actual momento y nivel salonero.<\/p>\n\n\n\n<p>Los de Escuela Municipal \u00abB\u00bb fue un mon\u00f3logo ante unas Cuervas verdaderamente desconocidas. El \u00fanico interrogante en las ahora nuevamente campeonas era como reemplazar\u00edan las bajas de Brisa Ben\u00edtez y Jazna Godoy.<\/p>\n\n\n\n<p>Para la primera puso en marcha el plan de regreso de Agustina Moraga, experimentada arquera, la cual en su vuelta luci\u00f3 intacta brindando seguridad con penal atajado inclu\u00eddo.<\/p>\n\n\n\n<p>Por el lado de Yazna Godoy el vol\u00famen individual y colectivo del plantel, m\u00e1s lo accesible del encuentro hizo que su ausencia pasara pr\u00e1cticamente desapercibida.<\/p>\n\n\n\n<p>En cuanto al an\u00e1lisis solo podemos hacerlo en los primeros 20 minutos de juego.  Los goles que fueron llegando sistem\u00e1ticamente dejaron al margen posibilidad alguna  de estudio.<\/p>\n\n\n\n<p>Jara, Quintana, Grandis, Pino, Alcocer y Silva aportaron en la red. Est\u00e1 \u00faltima, Gisel \u00abGamu\u00bb Silva, volvi\u00f3 al equipo aportando toda su jerarqu\u00eda brindando equilibrio y seguridad, permitiendo que Sol Jara juegue m\u00e1s liberada de compromisos defensivos.<\/p>\n\n\n\n<p>Enorme marco de p\u00fablico, de m\u00e1s de 1.000 personas, present\u00f3 la Casa del Deporte a la hora de la definici\u00f3n entre HAF y La UOM.<\/p>\n\n\n\n<p>El choque comenz\u00f3 a todo ritmo con gran din\u00e1mica e ida y vuelta de ambos equipos. En cuanto a los iniciales la dupla Padre e Hijo Arce alist\u00f3 a Ramos M\u00e1rquez, Romero, Toro y Vargas mientras que \u00abRodri\u00bb Hern\u00e1ndez mand\u00f3 al campo a Fern\u00e1ndez, Oliva, Nicoliello, Torres y Oberti.<\/p>\n\n\n\n<p>HAF atropell\u00f3 en el inicio exigiendo a Ramos en varias oportunidades. Los conducidos por la dupla hicieron pie comenzando a inquietar a trav\u00e9s de sus r\u00e1pidos y habilidosos jugadores.<\/p>\n\n\n\n<p>Cuando el encuentro estaba totalmente equilibrado una jugada individual de Agust\u00edn Oberti permiti\u00f3 la apertura del marcador. <\/p>\n\n\n\n<p>La UOM acus\u00f3 el golpe y sigui\u00f3  proponiendo el palo por palo. El segundo gol de HAF se inici\u00f3 con una salida del fondo que se transform\u00f3 en ataque por derecha. \u00abFacu\u00bb Salgado realiza un imperfecto disparo que se transforma en asistencia para el \u00abNegro\u00bb Ibarra que se toma un segundo m\u00e1s dentro del \u00e1rea para acariciar el bal\u00f3n y picarlo sobre el cuerpo del arquero. Golazo.<\/p>\n\n\n\n<p>El 2 a 0 con poco m\u00e1s de cinco minutos por jugar en la primera mitad La UOM sigui\u00f3 intentado y estuvo cerca.<\/p>\n\n\n\n<p>Hern\u00e1ndez hace ingresar al capit\u00e1n Oliva con 3:50 en el reloj. Cincuenta segundos despu\u00e9s un contragolpe por la derecha finaliza con una exquisita asistencia de Dami\u00e1n Nicoliello al propio \u00abPity\u00bb Oliva quien en similar posici\u00f3n de la conquista de Ibarra define al segundo palo de la mejor manera. En pocos minutos HAF consegu\u00eda tres goles de ventaja a su favor.<\/p>\n\n\n\n<p>Desde el banco de La UOM reaccionaron r\u00e1pidamente con una f\u00f3rmula utilizada en la semifinal, M\u00e1rquez como arquero jugador.<\/p>\n\n\n\n<p>Con menos de 60 segundos en el reloj, a la salida de un tiro libre a favor La UOM mueve bien el bal\u00f3n permitiendo que el propio M\u00e1rquez reciba un pase y de media distancia consiga el descuento, 3 a 1,  resultado con el que finaliza en entretenido primer tiempo.<\/p>\n\n\n\n<p>El complemento se inici\u00f3 con La UOM arriesgando un poco m\u00e1s de lo habitual, exponi\u00e9ndose claramente al contragolpe de su rival. <\/p>\n\n\n\n<p>Un error del arquero Ramos en un avance de su equipo permiti\u00f3 que Mateo Casanova capture el bal\u00f3n y desde larga distancia con el arco vac\u00edo ponga el 4 a 1 parcial, cifra que por la distancia lograda en el marcador hizo quebrar claramente el partido.<\/p>\n\n\n\n<p>Al tener que nombrar al buen arquero metal\u00fargico en la jugada de uno de los goles recibidos parece oportuno expresar que fue figura en \u00abSemis\u00bb y en el propio partido final tuvo innumerables aciertos, varias tapadas dos de ellas con voladas incluidas.<\/p>\n\n\n\n<p>Con el juego definido Nicoliello marc\u00f3 el quinto, M\u00e1rquez como arquero jugador ya participaba en los ataques de La UOM, penal a Galeano que el mismo transforma en gol y Nu\u00f1ez Olivera de larga distancia tambi\u00e9n con el arco vac\u00edo completan la cosecha del ahora campe\u00f3n.<\/p>\n\n\n\n<p>Cuando al partido le quedaban poco m\u00e1s de 30 segundos Madoni puso el 2 &#8211; 7 final tan solo para decorar el resultado.<\/p>\n\n\n\n<p>Merecido campeonato para HAF quien con mucha jerarqu\u00eda y volumen de juego se qued\u00f3 con la primera competencia oficial de la temporada.<\/p>\n\n\n\n<p>Reconocimiento por el torneo y presente de La UOM, que con un comprometido Cuerpo t\u00e9cnico y un talentoso plantel   ratifica el salto de calidad que viene realizando desde la pasada temporada. El Futsal AFA ushuaiense goza de buena salud, felicitaciones para todos.<\/p>\n\n\n\n<figure class=\"wp-block-image size-large\"><a href=\"http:\/\/labestiadeportiva.com\/lbd\/wp-content\/uploads\/2024\/06\/1000265653.jpg\"><img loading=\"lazy\" width=\"1024\" height=\"694\" src=\"http:\/\/labestiadeportiva.com\/lbd\/wp-content\/uploads\/2024\/06\/1000265653-1024x694.jpg\" alt=\"\" class=\"wp-image-49399\" srcset=\"https:\/\/labestiadeportiva.com\/lbd\/wp-content\/uploads\/2024\/06\/1000265653-1024x694.jpg 1024w, https:\/\/labestiadeportiva.com\/lbd\/wp-content\/uploads\/2024\/06\/1000265653-300x203.jpg 300w, https:\/\/labestiadeportiva.com\/lbd\/wp-content\/uploads\/2024\/06\/1000265653-768x521.jpg 768w, https:\/\/labestiadeportiva.com\/lbd\/wp-content\/uploads\/2024\/06\/1000265653-640x434.jpg 640w, https:\/\/labestiadeportiva.com\/lbd\/wp-content\/uploads\/2024\/06\/1000265653.jpg 1080w\" sizes=\"(max-width: 1024px) 100vw, 1024px\" \/><\/a><\/figure>\n\n\n\n<p><\/p>\n\n\n\n<p>Las Campeonas<\/p>\n\n\n\n<p>Escuela Municipal \u00abB\u00bb<\/p>\n\n\n\n<p>1 Agustina Moraga, 2 Melanie Castell\u00f3n, 3 Gisel Silva, 4 Lucia Vel\u00e1zquez, 5 Sol Jara, 8 Cecilia Pino, 9 Micaela Guala, 10 Valentina Grandis, 11 Florencia Quintana, 14 Graciela Alcocer y 15 Camila \u00c1lvarez. <\/p>\n\n\n\n<p>Los Campeones <\/p>\n\n\n\n<p>HAF<\/p>\n\n\n\n<p>17 Sim\u00f3n Fern\u00e1ndez, 30 Mat\u00edas \u00abPety\u00bb Nicoliello, 12 Agust\u00edn \u00abPity\u00bb Oliva, 11 Dami\u00e1n Nicoliello, 3 Agust\u00edn\u00bbGrillo\u00bb Torres, 8 Agust\u00edn Oberti, 15 Luciano Gonz\u00e1lez, 5 Mateo Casanova, 9 Christian Morales, 10 Joaqu\u00edn Ibarra, 6 Facundo Salgado, 7 Felipe Nu\u00f1ez Olivera, 4 Ramiro Galeano y 14 Aar\u00f3n Champonay.<\/p>\n<div class='epvc-post-count'><span class='epvc-eye'><\/span>  <span class=\"epvc-count\"> 1.773<\/span><span class='epvc-label'> veces le\u00edda<\/span><\/div>\n<div class=\"jwsharethis\">\nShare this: \n<br \/>\n<a href=\"mailto:?subject=Con%20autoridad&amp;body=https%3A%2F%2Flabestiadeportiva.com%2Flbd%2Fcon-autoridad-2%2F\">\n<img src=\"https:\/\/labestiadeportiva.com\/lbd\/wp-content\/plugins\/jw-share-this\/email.png\" alt=\"Share this page via Email\" \/>\n<\/a>\n<a target=\"_blank\" href=\"http:\/\/www.stumbleupon.com\/submit?url=https%3A%2F%2Flabestiadeportiva.com%2Flbd%2Fcon-autoridad-2%2F&amp;title=Con+autoridad\">\n<img src=\"https:\/\/labestiadeportiva.com\/lbd\/wp-content\/plugins\/jw-share-this\/su.png\" alt=\"Share this page via Stumble Upon\" \/>\n<\/a>\n<a target=\"_blank\" href=\"http:\/\/digg.com\/submit?url=https%3A%2F%2Flabestiadeportiva.com%2Flbd%2Fcon-autoridad-2%2F&amp;title=Con+autoridad\">\n<img src=\"https:\/\/labestiadeportiva.com\/lbd\/wp-content\/plugins\/jw-share-this\/digg.png\" alt=\"Share this page via Digg this\" \/>\n<\/a>\n<a target=\"_blank\" href=\"http:\/\/www.facebook.com\/sharer.php?u=https%3A%2F%2Flabestiadeportiva.com%2Flbd%2Fcon-autoridad-2%2F&amp;t=Con+autoridad\">\n<img src=\"https:\/\/labestiadeportiva.com\/lbd\/wp-content\/plugins\/jw-share-this\/fb.png\" alt=\"Share this page via Facebook\" \/>\n<\/a>\n<a target=\"_blank\" href=\"http:\/\/twitter.com\/intent\/tweet?text=I+like+https%3A%2F%2Flabestiadeportiva.com%2Flbd%2Fcon-autoridad-2%2F&amp;title=Con+autoridad\">\n<img src=\"https:\/\/labestiadeportiva.com\/lbd\/wp-content\/plugins\/jw-share-this\/twitter.png\" alt=\"Share this page via Twitter\" \/>\n<\/a>\n<\/div>\n","protected":false},"excerpt":{"rendered":"<p>Escuela Municipal \u00abB\u00bb y HAF ratificaci\u00f3n su gran momento imponi\u00e9ndose en las finales del Torneo Apertura. Las \u00abChicas\u00bb del Poli lo hicieron por 9 a 1 ante Las Cuervas FDM mientras que los conducidos por Rodrigo Hern\u00e1ndez superaron a La UOM 7 a 2. Gran marco de p\u00fablico en la Casa del Deporte. Las fotos &hellip; <a href=\"https:\/\/labestiadeportiva.com\/lbd\/con-autoridad-2\/\" class=\"more-link\">Seguir leyendo <span class=\"screen-reader-text\">Con autoridad<\/span> <span class=\"meta-nav\">&rarr;<\/span><\/a><\/p>\n","protected":false},"author":1,"featured_media":0,"comment_status":"open","ping_status":"open","sticky":false,"template":"","format":"standard","meta":[],"categories":[5,47,1,3086],"tags":[30,48,83],"_links":{"self":[{"href":"https:\/\/labestiadeportiva.com\/lbd\/wp-json\/wp\/v2\/posts\/49389"}],"collection":[{"href":"https:\/\/labestiadeportiva.com\/lbd\/wp-json\/wp\/v2\/posts"}],"about":[{"href":"https:\/\/labestiadeportiva.com\/lbd\/wp-json\/wp\/v2\/types\/post"}],"author":[{"embeddable":true,"href":"https:\/\/labestiadeportiva.com\/lbd\/wp-json\/wp\/v2\/users\/1"}],"replies":[{"embeddable":true,"href":"https:\/\/labestiadeportiva.com\/lbd\/wp-json\/wp\/v2\/comments?post=49389"}],"version-history":[{"count":1,"href":"https:\/\/labestiadeportiva.com\/lbd\/wp-json\/wp\/v2\/posts\/49389\/revisions"}],"predecessor-version":[{"id":49400,"href":"https:\/\/labestiadeportiva.com\/lbd\/wp-json\/wp\/v2\/posts\/49389\/revisions\/49400"}],"wp:attachment":[{"href":"https:\/\/labestiadeportiva.com\/lbd\/wp-json\/wp\/v2\/media?parent=49389"}],"wp:term":[{"taxonomy":"category","embeddable":true,"href":"https:\/\/labestiadeportiva.com\/lbd\/wp-json\/wp\/v2\/categories?post=49389"},{"taxonomy":"post_tag","embeddable":true,"href":"https:\/\/labestiadeportiva.com\/lbd\/wp-json\/wp\/v2\/tags?post=49389"}],"curies":[{"name":"wp","href":"https:\/\/api.w.org\/{rel}","templated":true}]}}