{"id":49404,"date":"2024-06-03T19:02:18","date_gmt":"2024-06-03T22:02:18","guid":{"rendered":"http:\/\/labestiadeportiva.com\/lbd\/?p=49404"},"modified":"2024-06-03T19:03:34","modified_gmt":"2024-06-03T22:03:34","slug":"imago-campeon","status":"publish","type":"post","link":"https:\/\/labestiadeportiva.com\/lbd\/imago-campeon\/","title":{"rendered":"Imago campe\u00f3n"},"content":{"rendered":"\n<figure class=\"wp-block-image size-large\"><a href=\"http:\/\/labestiadeportiva.com\/lbd\/wp-content\/uploads\/2024\/06\/1000266476.jpg\"><img loading=\"lazy\" width=\"1024\" height=\"682\" src=\"http:\/\/labestiadeportiva.com\/lbd\/wp-content\/uploads\/2024\/06\/1000266476-1024x682.jpg\" alt=\"\" class=\"wp-image-49405\" srcset=\"https:\/\/labestiadeportiva.com\/lbd\/wp-content\/uploads\/2024\/06\/1000266476-1024x682.jpg 1024w, https:\/\/labestiadeportiva.com\/lbd\/wp-content\/uploads\/2024\/06\/1000266476-300x200.jpg 300w, https:\/\/labestiadeportiva.com\/lbd\/wp-content\/uploads\/2024\/06\/1000266476-768x512.jpg 768w, https:\/\/labestiadeportiva.com\/lbd\/wp-content\/uploads\/2024\/06\/1000266476-640x426.jpg 640w, https:\/\/labestiadeportiva.com\/lbd\/wp-content\/uploads\/2024\/06\/1000266476.jpg 1441w\" sizes=\"(max-width: 1024px) 100vw, 1024px\" \/><\/a><\/figure>\n\n\n\n<p>El pasado fin de semana, viernes, s\u00e1bado y domingo,  se disput\u00f3 la 2\u00b0 edici\u00f3n del  torneo de v\u00f3ley mixto organizado por el IMD. La competencia cont\u00f3 con la participaci\u00f3n de 20 equipos reuniendo 240 practicantes de la ciudad. BamVoleyros y 101 Amcop TDF completaron el pod\u00edo.<\/p>\n\n\n\n<!--more-->\n\n\n\n<p>En esta nueva convocatoria realizada en el Microestadio Jos\u00e9 \u00abCochocho\u00bb Vargas se super\u00f3 la participaci\u00f3n del torneo inicial realizado a comienzos de temporada.<\/p>\n\n\n\n<p>En cuanto a la estructura de juego se confirmaron cinco zonas de cuatro equipos clasificando a la instancia inmediata superior los ganadores de los grupos m\u00e1s los mejores tres segundos quedando conformados Cuartos de Final, Semifinal y Final.<\/p>\n\n\n\n<p>Las instancias decisivas se disputaron durante la jornada dominguera. All\u00ed se midieron por el tercer puesto 101 Amcop TDF y Deportivo Alikal accediendo al tercer escal\u00f3n del podio \u00ab101\u00bb tras vencer por 2  set a 0.<\/p>\n\n\n\n<p>En la gran final se chocaron Imago y BamVoleyros, con victoria del primero por 2 set  a 0 consagr\u00e1ndose campe\u00f3n invicto de esta segunda edici\u00f3n.<\/p>\n\n\n\n<p>Desde la organizaci\u00f3n se inform\u00f3 la intenci\u00f3n de realizar la tercera versi\u00f3n para las vacaciones de invierno como as\u00ed tambi\u00e9n el conformar la Liga Municipal de la disciplina.<\/p>\n\n\n\n<p>Los equipos participantes <\/p>\n\n\n\n<p>Extremo, La Sustancia, Escandalosos, 101 Amcop TDF, San Jorge, Intermidor,  CTP,  Imago,  Salsa y Parrilla,  AMPS, AMPS \u00abNaranja\u00bb,  El Martial,  Bamvoleyros,  Fecha Libre,  Los Cuervos,  Los Primos,  Capaletinis,  Tercer Tiempo,  Los Magios, Deportivo Alikal.<\/p>\n\n\n\n<figure class=\"wp-block-image size-large\"><a href=\"http:\/\/labestiadeportiva.com\/lbd\/wp-content\/uploads\/2024\/06\/1000266505-scaled.jpg\"><img loading=\"lazy\" width=\"576\" height=\"1024\" src=\"http:\/\/labestiadeportiva.com\/lbd\/wp-content\/uploads\/2024\/06\/1000266505-576x1024.jpg\" alt=\"\" class=\"wp-image-49407\" srcset=\"https:\/\/labestiadeportiva.com\/lbd\/wp-content\/uploads\/2024\/06\/1000266505-576x1024.jpg 576w, https:\/\/labestiadeportiva.com\/lbd\/wp-content\/uploads\/2024\/06\/1000266505-169x300.jpg 169w, https:\/\/labestiadeportiva.com\/lbd\/wp-content\/uploads\/2024\/06\/1000266505-768x1365.jpg 768w, https:\/\/labestiadeportiva.com\/lbd\/wp-content\/uploads\/2024\/06\/1000266505-864x1536.jpg 864w, https:\/\/labestiadeportiva.com\/lbd\/wp-content\/uploads\/2024\/06\/1000266505-1152x2048.jpg 1152w, https:\/\/labestiadeportiva.com\/lbd\/wp-content\/uploads\/2024\/06\/1000266505-640x1138.jpg 640w, https:\/\/labestiadeportiva.com\/lbd\/wp-content\/uploads\/2024\/06\/1000266505-scaled.jpg 1440w\" sizes=\"(max-width: 576px) 100vw, 576px\" \/><\/a><\/figure>\n<div class='epvc-post-count'><span class='epvc-eye'><\/span>  <span class=\"epvc-count\"> 1.002<\/span><span class='epvc-label'> veces le\u00edda<\/span><\/div>\n<div class=\"jwsharethis\">\nShare this: \n<br \/>\n<a href=\"mailto:?subject=Imago%20campe%C3%B3n&amp;body=https%3A%2F%2Flabestiadeportiva.com%2Flbd%2Fimago-campeon%2F\">\n<img src=\"https:\/\/labestiadeportiva.com\/lbd\/wp-content\/plugins\/jw-share-this\/email.png\" alt=\"Share this page via Email\" \/>\n<\/a>\n<a target=\"_blank\" href=\"http:\/\/www.stumbleupon.com\/submit?url=https%3A%2F%2Flabestiadeportiva.com%2Flbd%2Fimago-campeon%2F&amp;title=Imago+campe%C3%B3n\">\n<img src=\"https:\/\/labestiadeportiva.com\/lbd\/wp-content\/plugins\/jw-share-this\/su.png\" alt=\"Share this page via Stumble Upon\" \/>\n<\/a>\n<a target=\"_blank\" href=\"http:\/\/digg.com\/submit?url=https%3A%2F%2Flabestiadeportiva.com%2Flbd%2Fimago-campeon%2F&amp;title=Imago+campe%C3%B3n\">\n<img src=\"https:\/\/labestiadeportiva.com\/lbd\/wp-content\/plugins\/jw-share-this\/digg.png\" alt=\"Share this page via Digg this\" \/>\n<\/a>\n<a target=\"_blank\" href=\"http:\/\/www.facebook.com\/sharer.php?u=https%3A%2F%2Flabestiadeportiva.com%2Flbd%2Fimago-campeon%2F&amp;t=Imago+campe%C3%B3n\">\n<img src=\"https:\/\/labestiadeportiva.com\/lbd\/wp-content\/plugins\/jw-share-this\/fb.png\" alt=\"Share this page via Facebook\" \/>\n<\/a>\n<a target=\"_blank\" href=\"http:\/\/twitter.com\/intent\/tweet?text=I+like+https%3A%2F%2Flabestiadeportiva.com%2Flbd%2Fimago-campeon%2F&amp;title=Imago+campe%C3%B3n\">\n<img src=\"https:\/\/labestiadeportiva.com\/lbd\/wp-content\/plugins\/jw-share-this\/twitter.png\" alt=\"Share this page via Twitter\" \/>\n<\/a>\n<\/div>\n","protected":false},"excerpt":{"rendered":"<p>El pasado fin de semana, viernes, s\u00e1bado y domingo, se disput\u00f3 la 2\u00b0 edici\u00f3n del torneo de v\u00f3ley mixto organizado por el IMD. La competencia cont\u00f3 con la participaci\u00f3n de 20 equipos reuniendo 240 practicantes de la ciudad. BamVoleyros y 101 Amcop TDF completaron el pod\u00edo. 1.002 veces le\u00edda Share this:<\/p>\n","protected":false},"author":1,"featured_media":0,"comment_status":"open","ping_status":"open","sticky":false,"template":"","format":"standard","meta":[],"categories":[5,2651,1,5330],"tags":[3834,83,5331],"_links":{"self":[{"href":"https:\/\/labestiadeportiva.com\/lbd\/wp-json\/wp\/v2\/posts\/49404"}],"collection":[{"href":"https:\/\/labestiadeportiva.com\/lbd\/wp-json\/wp\/v2\/posts"}],"about":[{"href":"https:\/\/labestiadeportiva.com\/lbd\/wp-json\/wp\/v2\/types\/post"}],"author":[{"embeddable":true,"href":"https:\/\/labestiadeportiva.com\/lbd\/wp-json\/wp\/v2\/users\/1"}],"replies":[{"embeddable":true,"href":"https:\/\/labestiadeportiva.com\/lbd\/wp-json\/wp\/v2\/comments?post=49404"}],"version-history":[{"count":2,"href":"https:\/\/labestiadeportiva.com\/lbd\/wp-json\/wp\/v2\/posts\/49404\/revisions"}],"predecessor-version":[{"id":49409,"href":"https:\/\/labestiadeportiva.com\/lbd\/wp-json\/wp\/v2\/posts\/49404\/revisions\/49409"}],"wp:attachment":[{"href":"https:\/\/labestiadeportiva.com\/lbd\/wp-json\/wp\/v2\/media?parent=49404"}],"wp:term":[{"taxonomy":"category","embeddable":true,"href":"https:\/\/labestiadeportiva.com\/lbd\/wp-json\/wp\/v2\/categories?post=49404"},{"taxonomy":"post_tag","embeddable":true,"href":"https:\/\/labestiadeportiva.com\/lbd\/wp-json\/wp\/v2\/tags?post=49404"}],"curies":[{"name":"wp","href":"https:\/\/api.w.org\/{rel}","templated":true}]}}