{"id":49867,"date":"2024-07-26T14:36:21","date_gmt":"2024-07-26T17:36:21","guid":{"rendered":"http:\/\/labestiadeportiva.com\/lbd\/?p=49867"},"modified":"2024-07-26T14:36:22","modified_gmt":"2024-07-26T17:36:22","slug":"los-gladiadores-se-preparan-para-el-debut","status":"publish","type":"post","link":"https:\/\/labestiadeportiva.com\/lbd\/los-gladiadores-se-preparan-para-el-debut\/","title":{"rendered":"\u00abLos Gladiadores\u00bb se preparan para el debut"},"content":{"rendered":"\n<figure class=\"wp-block-image size-full\"><a href=\"http:\/\/labestiadeportiva.com\/lbd\/wp-content\/uploads\/2024\/07\/1000345576.jpg\"><img loading=\"lazy\" width=\"739\" height=\"447\" src=\"http:\/\/labestiadeportiva.com\/lbd\/wp-content\/uploads\/2024\/07\/1000345576.jpg\" alt=\"\" class=\"wp-image-49868\" srcset=\"https:\/\/labestiadeportiva.com\/lbd\/wp-content\/uploads\/2024\/07\/1000345576.jpg 739w, https:\/\/labestiadeportiva.com\/lbd\/wp-content\/uploads\/2024\/07\/1000345576-300x181.jpg 300w, https:\/\/labestiadeportiva.com\/lbd\/wp-content\/uploads\/2024\/07\/1000345576-640x387.jpg 640w\" sizes=\"(max-width: 739px) 100vw, 739px\" \/><\/a><\/figure>\n\n\n\n<figure class=\"wp-block-image size-full is-resized\"><a href=\"http:\/\/labestiadeportiva.com\/lbd\/wp-content\/uploads\/2022\/11\/CARA_TORRES-1.jpg\"><img loading=\"lazy\" src=\"http:\/\/labestiadeportiva.com\/lbd\/wp-content\/uploads\/2022\/11\/CARA_TORRES-1.jpg\" alt=\"\" class=\"wp-image-43579\" width=\"364\" height=\"74\" srcset=\"https:\/\/labestiadeportiva.com\/lbd\/wp-content\/uploads\/2022\/11\/CARA_TORRES-1.jpg 600w, https:\/\/labestiadeportiva.com\/lbd\/wp-content\/uploads\/2022\/11\/CARA_TORRES-1-300x62.jpg 300w\" sizes=\"(max-width: 364px) 100vw, 364px\" \/><\/a><\/figure>\n\n\n\n<p>Fieles a su historia tienen como objetivo salvarse de la \u00abzona de la muerte\u00bb ya que desde ma\u00f1ana comenzar\u00e1 un camino muy duro si quieren continuar con su legado. El conjunto nacional jugar\u00e1 ante Noruega ma\u00f1ana a partir de las 11 de la ma\u00f1ana. <\/p>\n\n\n\n<!--more-->\n\n\n\n<p>Su zona la completa Francia, Dinamarca (los dos campeones ol\u00edmpicos), Hungr\u00eda y Egipto. Nada f\u00e1cil para el equipo de Milano. Argentina ya se hab\u00eda enfrentado ante los noruega en partidos de preparaci\u00f3n con ca\u00edda en ese encuentro.\u00a0<\/p>\n\n\n\n<p>Los grupos son de 6 equipos cada una, clasificando los primeros 4 que jugar\u00e1n cruzados con los cuatro de la otra zona.\u00a0<\/p>\n\n\n\n<p><strong>Por qu\u00e9 es la zona de la muerte? <\/strong><\/p>\n\n\n\n<p>Argentina forma parte del grupo donde Francia y Dinamarca se disputaron en enero el europeo de handball.  Francia fue el vencedor por un resultado muy apretado. <\/p>\n\n\n\n<p>Noruega no tiene el mismo nivel, pero siempre ha luchado para meterse entre los top del continente europeo donde el handball es muy fuerte. <\/p>\n\n\n\n<p>Egipto es campe\u00f3n de su continente por lo que lleg\u00f3 con todos los laureles mientras que Hungr\u00eda es un seleccionado de mucho juego f\u00edsico.  Argentina va a buscar pasar a la zona de cuartos, algo que nunca pudo lograr en sus cuatro juegos ol\u00edmpicos ininterrumpidos.\u00a0<\/p>\n\n\n\n<p><strong>El equipo argentino que jugar\u00e1 en Par\u00eds: <\/strong><\/p>\n\n\n\n<p>Juan Bar y Leonardo Maciel en el arco, Ignacio Pizarro, Federico Fern\u00e1ndez y Santiago Baronetto en los extremos, Nicol\u00e1s Bonanno, James Parker, Pablo Vainstein, Federico Pizarro, Guillermo Fisher y Andr\u00e9s Moyano en los laterales, Diego Simonet, Nicol\u00e1s Bono, Pablo Simonet y Pedro Mart\u00ednez en los centrales, Gast\u00f3n Mouri\u00f1o y Lucas Moscariello en el pivot.\u00a0<\/p>\n<div class='epvc-post-count'><span class='epvc-eye'><\/span>  <span class=\"epvc-count\"> 880<\/span><span class='epvc-label'> veces le\u00edda<\/span><\/div>\n<div class=\"jwsharethis\">\nShare this: \n<br \/>\n<a href=\"mailto:?subject=%C2%ABLos%20Gladiadores%C2%BB%20se%20preparan%20para%20el%20debut&amp;body=https%3A%2F%2Flabestiadeportiva.com%2Flbd%2Flos-gladiadores-se-preparan-para-el-debut%2F\">\n<img src=\"https:\/\/labestiadeportiva.com\/lbd\/wp-content\/plugins\/jw-share-this\/email.png\" alt=\"Share this page via Email\" \/>\n<\/a>\n<a target=\"_blank\" href=\"http:\/\/www.stumbleupon.com\/submit?url=https%3A%2F%2Flabestiadeportiva.com%2Flbd%2Flos-gladiadores-se-preparan-para-el-debut%2F&amp;title=%C2%ABLos+Gladiadores%C2%BB+se+preparan+para+el+debut\">\n<img src=\"https:\/\/labestiadeportiva.com\/lbd\/wp-content\/plugins\/jw-share-this\/su.png\" alt=\"Share this page via Stumble Upon\" \/>\n<\/a>\n<a target=\"_blank\" href=\"http:\/\/digg.com\/submit?url=https%3A%2F%2Flabestiadeportiva.com%2Flbd%2Flos-gladiadores-se-preparan-para-el-debut%2F&amp;title=%C2%ABLos+Gladiadores%C2%BB+se+preparan+para+el+debut\">\n<img src=\"https:\/\/labestiadeportiva.com\/lbd\/wp-content\/plugins\/jw-share-this\/digg.png\" alt=\"Share this page via Digg this\" \/>\n<\/a>\n<a target=\"_blank\" href=\"http:\/\/www.facebook.com\/sharer.php?u=https%3A%2F%2Flabestiadeportiva.com%2Flbd%2Flos-gladiadores-se-preparan-para-el-debut%2F&amp;t=%C2%ABLos+Gladiadores%C2%BB+se+preparan+para+el+debut\">\n<img src=\"https:\/\/labestiadeportiva.com\/lbd\/wp-content\/plugins\/jw-share-this\/fb.png\" alt=\"Share this page via Facebook\" \/>\n<\/a>\n<a target=\"_blank\" href=\"http:\/\/twitter.com\/intent\/tweet?text=I+like+https%3A%2F%2Flabestiadeportiva.com%2Flbd%2Flos-gladiadores-se-preparan-para-el-debut%2F&amp;title=%C2%ABLos+Gladiadores%C2%BB+se+preparan+para+el+debut\">\n<img src=\"https:\/\/labestiadeportiva.com\/lbd\/wp-content\/plugins\/jw-share-this\/twitter.png\" alt=\"Share this page via Twitter\" \/>\n<\/a>\n<\/div>\n","protected":false},"excerpt":{"rendered":"<p>Fieles a su historia tienen como objetivo salvarse de la \u00abzona de la muerte\u00bb ya que desde ma\u00f1ana comenzar\u00e1 un camino muy duro si quieren continuar con su legado. El conjunto nacional jugar\u00e1 ante Noruega ma\u00f1ana a partir de las 11 de la ma\u00f1ana. 880 veces le\u00edda Share this:<\/p>\n","protected":false},"author":1,"featured_media":0,"comment_status":"open","ping_status":"open","sticky":false,"template":"","format":"standard","meta":[],"categories":[4,2286,915,1],"tags":[329,5370,2953,83,5369],"_links":{"self":[{"href":"https:\/\/labestiadeportiva.com\/lbd\/wp-json\/wp\/v2\/posts\/49867"}],"collection":[{"href":"https:\/\/labestiadeportiva.com\/lbd\/wp-json\/wp\/v2\/posts"}],"about":[{"href":"https:\/\/labestiadeportiva.com\/lbd\/wp-json\/wp\/v2\/types\/post"}],"author":[{"embeddable":true,"href":"https:\/\/labestiadeportiva.com\/lbd\/wp-json\/wp\/v2\/users\/1"}],"replies":[{"embeddable":true,"href":"https:\/\/labestiadeportiva.com\/lbd\/wp-json\/wp\/v2\/comments?post=49867"}],"version-history":[{"count":1,"href":"https:\/\/labestiadeportiva.com\/lbd\/wp-json\/wp\/v2\/posts\/49867\/revisions"}],"predecessor-version":[{"id":49869,"href":"https:\/\/labestiadeportiva.com\/lbd\/wp-json\/wp\/v2\/posts\/49867\/revisions\/49869"}],"wp:attachment":[{"href":"https:\/\/labestiadeportiva.com\/lbd\/wp-json\/wp\/v2\/media?parent=49867"}],"wp:term":[{"taxonomy":"category","embeddable":true,"href":"https:\/\/labestiadeportiva.com\/lbd\/wp-json\/wp\/v2\/categories?post=49867"},{"taxonomy":"post_tag","embeddable":true,"href":"https:\/\/labestiadeportiva.com\/lbd\/wp-json\/wp\/v2\/tags?post=49867"}],"curies":[{"name":"wp","href":"https:\/\/api.w.org\/{rel}","templated":true}]}}