{"id":4998,"date":"2013-06-13T04:05:08","date_gmt":"2013-06-13T04:05:08","guid":{"rendered":"http:\/\/labestiadeportiva.com\/lbd\/?p=4998"},"modified":"2013-06-13T04:05:08","modified_gmt":"2013-06-13T04:05:08","slug":"talleres-perdio-por-penales-2","status":"publish","type":"post","link":"https:\/\/labestiadeportiva.com\/lbd\/talleres-perdio-por-penales-2\/","title":{"rendered":"Talleres perdi\u00f3 por penales"},"content":{"rendered":"<p>Por Mart\u00edn Tinka Velasco (Corresponsal LBD en C\u00f3rdoba) \/@tinkavelasco\/<\/p>\n<p><a href=\"http:\/\/labestiadeportiva.com\/lbd\/wp-content\/uploads\/2013\/06\/tinka.jpg\"><img loading=\"lazy\" class=\"alignleft size-medium wp-image-4999\" title=\"tinka\" src=\"http:\/\/labestiadeportiva.com\/lbd\/wp-content\/uploads\/2013\/06\/tinka-300x168.jpg\" alt=\"\" width=\"300\" height=\"168\" srcset=\"https:\/\/labestiadeportiva.com\/lbd\/wp-content\/uploads\/2013\/06\/tinka-300x168.jpg 300w, https:\/\/labestiadeportiva.com\/lbd\/wp-content\/uploads\/2013\/06\/tinka.jpg 700w\" sizes=\"(max-width: 300px) 100vw, 300px\" \/><\/a>Cay\u00f3 ante Olimpo, que lo venci\u00f3 5-4 en la celebraci\u00f3n por el ascenso conseguido a la B Nacional. En los 90` hab\u00edan empatado 1-1, con goles de S\u00e1nchez Sotelo para el visitante y Becica para la T.<\/p>\n<p>\u201cEl partido de los ascendidos\u201d, como se podr\u00eda haber denominado ya que el aurinegro tambi\u00e9n logr\u00f3 subir de categor\u00eda, en este caso a Primera Divisi\u00f3n, se desarroll\u00f3 en el Estadio Mario Kempes desde las 21.30.<!--morePara leer Click Aqu\u00ed--><\/p>\n<p>Apenas empezado el cotejo, Juan S\u00e1nchez Sotelo puso el 1-0 para los de Bah\u00eda, que pusieron en cancha a casi todo el equipo titular, al igual que el Matador. En 41`, tambi\u00e9n de la primera etapa, Gonzalo Klusener mostr\u00f3 su olfato goleador y empat\u00f3 1-1.<\/p>\n<p>El complemento mostr\u00f3 muchas modificaciones, poco juego y por momentos un poco de pierna fuerte. El amistoso fue corriendo en minutos y al no sacarse ventaja debi\u00f3 recurrir a los tiros desde el punto del penal.<\/p>\n<p>All\u00ed, en la definici\u00f3n, fall\u00f3 Gast\u00f3n Bottino y Gustavo Bou la pic\u00f3 para sentenciar el resultado final en favor de Olimpo, que venci\u00f3 5-4 a los de Barrio Jard\u00edn y se fue con una sonrisa de C\u00f3rdoba.<\/p>\n<p>Igualmente, la fiesta fue albiazul, sobre todo en las tribunas, que cantaron y mostraron su ilusi\u00f3n de cara al cruce por Copa Argentina ante Newell\u00b4s, a disputarse el pr\u00f3ximo mi\u00e9rcoles en Chaco.<\/p>\n<div class='epvc-post-count'><span class='epvc-eye'><\/span>  <span class=\"epvc-count\"> 1.100<\/span><span class='epvc-label'> veces le\u00edda<\/span><\/div>\n<div class=\"jwsharethis\">\nShare this: \n<br \/>\n<a href=\"mailto:?subject=Talleres%20perdi%C3%B3%20por%20penales&amp;body=https%3A%2F%2Flabestiadeportiva.com%2Flbd%2Ftalleres-perdio-por-penales-2%2F\">\n<img src=\"https:\/\/labestiadeportiva.com\/lbd\/wp-content\/plugins\/jw-share-this\/email.png\" alt=\"Share this page via Email\" \/>\n<\/a>\n<a target=\"_blank\" href=\"http:\/\/www.stumbleupon.com\/submit?url=https%3A%2F%2Flabestiadeportiva.com%2Flbd%2Ftalleres-perdio-por-penales-2%2F&amp;title=Talleres+perdi%C3%B3+por+penales\">\n<img src=\"https:\/\/labestiadeportiva.com\/lbd\/wp-content\/plugins\/jw-share-this\/su.png\" alt=\"Share this page via Stumble Upon\" \/>\n<\/a>\n<a target=\"_blank\" href=\"http:\/\/digg.com\/submit?url=https%3A%2F%2Flabestiadeportiva.com%2Flbd%2Ftalleres-perdio-por-penales-2%2F&amp;title=Talleres+perdi%C3%B3+por+penales\">\n<img src=\"https:\/\/labestiadeportiva.com\/lbd\/wp-content\/plugins\/jw-share-this\/digg.png\" alt=\"Share this page via Digg this\" \/>\n<\/a>\n<a target=\"_blank\" href=\"http:\/\/www.facebook.com\/sharer.php?u=https%3A%2F%2Flabestiadeportiva.com%2Flbd%2Ftalleres-perdio-por-penales-2%2F&amp;t=Talleres+perdi%C3%B3+por+penales\">\n<img src=\"https:\/\/labestiadeportiva.com\/lbd\/wp-content\/plugins\/jw-share-this\/fb.png\" alt=\"Share this page via Facebook\" \/>\n<\/a>\n<a target=\"_blank\" href=\"http:\/\/twitter.com\/intent\/tweet?text=I+like+https%3A%2F%2Flabestiadeportiva.com%2Flbd%2Ftalleres-perdio-por-penales-2%2F&amp;title=Talleres+perdi%C3%B3+por+penales\">\n<img src=\"https:\/\/labestiadeportiva.com\/lbd\/wp-content\/plugins\/jw-share-this\/twitter.png\" alt=\"Share this page via Twitter\" \/>\n<\/a>\n<\/div>\n","protected":false},"excerpt":{"rendered":"<p>Por Mart\u00edn Tinka Velasco (Corresponsal LBD en C\u00f3rdoba) \/@tinkavelasco\/ Cay\u00f3 ante Olimpo, que lo venci\u00f3 5-4 en la celebraci\u00f3n por el ascenso conseguido a la B Nacional. En los 90` hab\u00edan empatado 1-1, con goles de S\u00e1nchez Sotelo para el visitante y Becica para la T. \u201cEl partido de los ascendidos\u201d, como se podr\u00eda haber &hellip; <a href=\"https:\/\/labestiadeportiva.com\/lbd\/talleres-perdio-por-penales-2\/\" class=\"more-link\">Seguir leyendo <span class=\"screen-reader-text\">Talleres perdi\u00f3 por penales<\/span> <span class=\"meta-nav\">&rarr;<\/span><\/a><\/p>\n","protected":false},"author":1,"featured_media":4999,"comment_status":"open","ping_status":"open","sticky":false,"template":"","format":"standard","meta":[],"categories":[6,1],"tags":[183,61],"_links":{"self":[{"href":"https:\/\/labestiadeportiva.com\/lbd\/wp-json\/wp\/v2\/posts\/4998"}],"collection":[{"href":"https:\/\/labestiadeportiva.com\/lbd\/wp-json\/wp\/v2\/posts"}],"about":[{"href":"https:\/\/labestiadeportiva.com\/lbd\/wp-json\/wp\/v2\/types\/post"}],"author":[{"embeddable":true,"href":"https:\/\/labestiadeportiva.com\/lbd\/wp-json\/wp\/v2\/users\/1"}],"replies":[{"embeddable":true,"href":"https:\/\/labestiadeportiva.com\/lbd\/wp-json\/wp\/v2\/comments?post=4998"}],"version-history":[{"count":1,"href":"https:\/\/labestiadeportiva.com\/lbd\/wp-json\/wp\/v2\/posts\/4998\/revisions"}],"predecessor-version":[{"id":5000,"href":"https:\/\/labestiadeportiva.com\/lbd\/wp-json\/wp\/v2\/posts\/4998\/revisions\/5000"}],"wp:featuredmedia":[{"embeddable":true,"href":"https:\/\/labestiadeportiva.com\/lbd\/wp-json\/wp\/v2\/media\/4999"}],"wp:attachment":[{"href":"https:\/\/labestiadeportiva.com\/lbd\/wp-json\/wp\/v2\/media?parent=4998"}],"wp:term":[{"taxonomy":"category","embeddable":true,"href":"https:\/\/labestiadeportiva.com\/lbd\/wp-json\/wp\/v2\/categories?post=4998"},{"taxonomy":"post_tag","embeddable":true,"href":"https:\/\/labestiadeportiva.com\/lbd\/wp-json\/wp\/v2\/tags?post=4998"}],"curies":[{"name":"wp","href":"https:\/\/api.w.org\/{rel}","templated":true}]}}