{"id":50272,"date":"2024-08-28T16:52:18","date_gmt":"2024-08-28T19:52:18","guid":{"rendered":"http:\/\/labestiadeportiva.com\/lbd\/?p=50272"},"modified":"2024-08-28T16:54:54","modified_gmt":"2024-08-28T19:54:54","slug":"el-clasico-del-semillero","status":"publish","type":"post","link":"https:\/\/labestiadeportiva.com\/lbd\/el-clasico-del-semillero\/","title":{"rendered":"El cl\u00e1sico del semillero"},"content":{"rendered":"\n<figure class=\"wp-block-image size-full\"><a href=\"http:\/\/labestiadeportiva.com\/lbd\/wp-content\/uploads\/2024\/08\/1000394821.jpg\"><img loading=\"lazy\" width=\"553\" height=\"424\" src=\"http:\/\/labestiadeportiva.com\/lbd\/wp-content\/uploads\/2024\/08\/1000394821.jpg\" alt=\"\" class=\"wp-image-50273\" srcset=\"https:\/\/labestiadeportiva.com\/lbd\/wp-content\/uploads\/2024\/08\/1000394821.jpg 553w, https:\/\/labestiadeportiva.com\/lbd\/wp-content\/uploads\/2024\/08\/1000394821-300x230.jpg 300w\" sizes=\"(max-width: 553px) 100vw, 553px\" \/><\/a><\/figure>\n\n\n\n<figure class=\"wp-block-image size-full is-resized\"><a href=\"http:\/\/labestiadeportiva.com\/lbd\/wp-content\/uploads\/2022\/11\/CARA_TORRES-1.jpg\"><img loading=\"lazy\" src=\"http:\/\/labestiadeportiva.com\/lbd\/wp-content\/uploads\/2022\/11\/CARA_TORRES-1.jpg\" alt=\"\" class=\"wp-image-43579\" width=\"380\" height=\"78\" srcset=\"https:\/\/labestiadeportiva.com\/lbd\/wp-content\/uploads\/2022\/11\/CARA_TORRES-1.jpg 600w, https:\/\/labestiadeportiva.com\/lbd\/wp-content\/uploads\/2022\/11\/CARA_TORRES-1-300x62.jpg 300w\" sizes=\"(max-width: 380px) 100vw, 380px\" \/><\/a><\/figure>\n\n\n\n<p>El pasado s\u00e1bado y el domingo el Ushuaia Rugby Club realiz\u00f3 la 8\u00b0 edici\u00f3n de su encuentro infantil \u00abLucia Pelloli\u00bb . El evento fue reservado para las categor\u00edas Sub 6, Sub 8, Sub 10 y Sub 12.<\/p>\n\n\n\n<!--more-->\n\n\n\n<figure class=\"wp-block-image size-full is-resized\"><a href=\"http:\/\/labestiadeportiva.com\/lbd\/wp-content\/uploads\/2024\/08\/1000394822.jpg\"><img loading=\"lazy\" src=\"http:\/\/labestiadeportiva.com\/lbd\/wp-content\/uploads\/2024\/08\/1000394822.jpg\" alt=\"\" class=\"wp-image-50275\" width=\"418\" height=\"463\" srcset=\"https:\/\/labestiadeportiva.com\/lbd\/wp-content\/uploads\/2024\/08\/1000394822.jpg 318w, https:\/\/labestiadeportiva.com\/lbd\/wp-content\/uploads\/2024\/08\/1000394822-270x300.jpg 270w\" sizes=\"(max-width: 418px) 100vw, 418px\" \/><\/a><\/figure>\n\n\n\n<p>Unos 200 jugadores entre chicas y chicos se congregaron con sus familias en dos jornadas a puro hockey. El d\u00eda s\u00e1bado la pista del \u00abTricolor\u00bb se dividi\u00f3 en dos peque\u00f1as canchas para que los participantes de 6 a 10 a\u00f1os interactuaran en forma l\u00fadica en una importante cantidad de encuentros. El domingo fue el turno del segmento mayor jugando a cancha completa con reglamento oficial.&nbsp;<\/p>\n\n\n\n<p>Fue muy interesante ver a los proyectos de jugadores y jugadoras realizar su juego en cancha, con las tribunas llenas de padres y amigos festejando jugadas, goles y atajadas.&nbsp;<\/p>\n\n\n\n<p>Participaron de la versi\u00f3n 2024 junto al organizador los clubes Las \u00c1guilas, Colegio del Sur, Los \u00d1ires H.C. y Municipalidad de Tolhuin.<\/p>\n\n\n\n<figure class=\"wp-block-image size-full is-resized\"><a href=\"http:\/\/labestiadeportiva.com\/lbd\/wp-content\/uploads\/2024\/08\/1000394820.jpg\"><img loading=\"lazy\" src=\"http:\/\/labestiadeportiva.com\/lbd\/wp-content\/uploads\/2024\/08\/1000394820.jpg\" alt=\"\" class=\"wp-image-50274\" width=\"416\" height=\"449\" srcset=\"https:\/\/labestiadeportiva.com\/lbd\/wp-content\/uploads\/2024\/08\/1000394820.jpg 310w, https:\/\/labestiadeportiva.com\/lbd\/wp-content\/uploads\/2024\/08\/1000394820-278x300.jpg 278w\" sizes=\"(max-width: 416px) 100vw, 416px\" \/><\/a><\/figure>\n<div class='epvc-post-count'><span class='epvc-eye'><\/span>  <span class=\"epvc-count\"> 813<\/span><span class='epvc-label'> veces le\u00edda<\/span><\/div>\n<div class=\"jwsharethis\">\nShare this: \n<br \/>\n<a href=\"mailto:?subject=El%20cl%C3%A1sico%20del%20semillero&amp;body=https%3A%2F%2Flabestiadeportiva.com%2Flbd%2Fel-clasico-del-semillero%2F\">\n<img src=\"https:\/\/labestiadeportiva.com\/lbd\/wp-content\/plugins\/jw-share-this\/email.png\" alt=\"Share this page via Email\" \/>\n<\/a>\n<a target=\"_blank\" href=\"http:\/\/www.stumbleupon.com\/submit?url=https%3A%2F%2Flabestiadeportiva.com%2Flbd%2Fel-clasico-del-semillero%2F&amp;title=El+cl%C3%A1sico+del+semillero\">\n<img src=\"https:\/\/labestiadeportiva.com\/lbd\/wp-content\/plugins\/jw-share-this\/su.png\" alt=\"Share this page via Stumble Upon\" \/>\n<\/a>\n<a target=\"_blank\" href=\"http:\/\/digg.com\/submit?url=https%3A%2F%2Flabestiadeportiva.com%2Flbd%2Fel-clasico-del-semillero%2F&amp;title=El+cl%C3%A1sico+del+semillero\">\n<img src=\"https:\/\/labestiadeportiva.com\/lbd\/wp-content\/plugins\/jw-share-this\/digg.png\" alt=\"Share this page via Digg this\" \/>\n<\/a>\n<a target=\"_blank\" href=\"http:\/\/www.facebook.com\/sharer.php?u=https%3A%2F%2Flabestiadeportiva.com%2Flbd%2Fel-clasico-del-semillero%2F&amp;t=El+cl%C3%A1sico+del+semillero\">\n<img src=\"https:\/\/labestiadeportiva.com\/lbd\/wp-content\/plugins\/jw-share-this\/fb.png\" alt=\"Share this page via Facebook\" \/>\n<\/a>\n<a target=\"_blank\" href=\"http:\/\/twitter.com\/intent\/tweet?text=I+like+https%3A%2F%2Flabestiadeportiva.com%2Flbd%2Fel-clasico-del-semillero%2F&amp;title=El+cl%C3%A1sico+del+semillero\">\n<img src=\"https:\/\/labestiadeportiva.com\/lbd\/wp-content\/plugins\/jw-share-this\/twitter.png\" alt=\"Share this page via Twitter\" \/>\n<\/a>\n<\/div>\n","protected":false},"excerpt":{"rendered":"<p>El pasado s\u00e1bado y el domingo el Ushuaia Rugby Club realiz\u00f3 la 8\u00b0 edici\u00f3n de su encuentro infantil \u00abLucia Pelloli\u00bb . El evento fue reservado para las categor\u00edas Sub 6, Sub 8, Sub 10 y Sub 12. 813 veces le\u00edda Share this:<\/p>\n","protected":false},"author":1,"featured_media":0,"comment_status":"open","ping_status":"open","sticky":false,"template":"","format":"standard","meta":[],"categories":[5,2422,1],"tags":[5224,5391,32,83,781],"_links":{"self":[{"href":"https:\/\/labestiadeportiva.com\/lbd\/wp-json\/wp\/v2\/posts\/50272"}],"collection":[{"href":"https:\/\/labestiadeportiva.com\/lbd\/wp-json\/wp\/v2\/posts"}],"about":[{"href":"https:\/\/labestiadeportiva.com\/lbd\/wp-json\/wp\/v2\/types\/post"}],"author":[{"embeddable":true,"href":"https:\/\/labestiadeportiva.com\/lbd\/wp-json\/wp\/v2\/users\/1"}],"replies":[{"embeddable":true,"href":"https:\/\/labestiadeportiva.com\/lbd\/wp-json\/wp\/v2\/comments?post=50272"}],"version-history":[{"count":2,"href":"https:\/\/labestiadeportiva.com\/lbd\/wp-json\/wp\/v2\/posts\/50272\/revisions"}],"predecessor-version":[{"id":50277,"href":"https:\/\/labestiadeportiva.com\/lbd\/wp-json\/wp\/v2\/posts\/50272\/revisions\/50277"}],"wp:attachment":[{"href":"https:\/\/labestiadeportiva.com\/lbd\/wp-json\/wp\/v2\/media?parent=50272"}],"wp:term":[{"taxonomy":"category","embeddable":true,"href":"https:\/\/labestiadeportiva.com\/lbd\/wp-json\/wp\/v2\/categories?post=50272"},{"taxonomy":"post_tag","embeddable":true,"href":"https:\/\/labestiadeportiva.com\/lbd\/wp-json\/wp\/v2\/tags?post=50272"}],"curies":[{"name":"wp","href":"https:\/\/api.w.org\/{rel}","templated":true}]}}