{"id":50290,"date":"2024-09-02T11:19:07","date_gmt":"2024-09-02T14:19:07","guid":{"rendered":"http:\/\/labestiadeportiva.com\/lbd\/?p=50290"},"modified":"2024-09-02T11:19:09","modified_gmt":"2024-09-02T14:19:09","slug":"locura-en-italia-gano-leclerc","status":"publish","type":"post","link":"https:\/\/labestiadeportiva.com\/lbd\/locura-en-italia-gano-leclerc\/","title":{"rendered":"Locura en Italia, gan\u00f3 Leclerc"},"content":{"rendered":"\n<figure class=\"wp-block-image size-full\"><a href=\"http:\/\/labestiadeportiva.com\/lbd\/wp-content\/uploads\/2024\/09\/1000401953.jpg\"><img loading=\"lazy\" width=\"760\" height=\"428\" src=\"http:\/\/labestiadeportiva.com\/lbd\/wp-content\/uploads\/2024\/09\/1000401953.jpg\" alt=\"\" class=\"wp-image-50300\" srcset=\"https:\/\/labestiadeportiva.com\/lbd\/wp-content\/uploads\/2024\/09\/1000401953.jpg 760w, https:\/\/labestiadeportiva.com\/lbd\/wp-content\/uploads\/2024\/09\/1000401953-300x169.jpg 300w, https:\/\/labestiadeportiva.com\/lbd\/wp-content\/uploads\/2024\/09\/1000401953-640x360.jpg 640w\" sizes=\"(max-width: 760px) 100vw, 760px\" \/><\/a><\/figure>\n\n\n\n<figure class=\"wp-block-image size-full is-resized\"><a href=\"http:\/\/labestiadeportiva.com\/lbd\/wp-content\/uploads\/2022\/11\/CARA_CAMPOS-1.jpg\"><img loading=\"lazy\" src=\"http:\/\/labestiadeportiva.com\/lbd\/wp-content\/uploads\/2022\/11\/CARA_CAMPOS-1.jpg\" alt=\"\" class=\"wp-image-43575\" width=\"379\" height=\"77\" srcset=\"https:\/\/labestiadeportiva.com\/lbd\/wp-content\/uploads\/2022\/11\/CARA_CAMPOS-1.jpg 600w, https:\/\/labestiadeportiva.com\/lbd\/wp-content\/uploads\/2022\/11\/CARA_CAMPOS-1-300x62.jpg 300w\" sizes=\"(max-width: 379px) 100vw, 379px\" \/><\/a><\/figure>\n\n\n\n<p>El joven piloto monegasco Charles Leclerc venci\u00f3 en Monza, sede del GP de Italia, le acompa\u00f1aron en el podio los hombres de McLaren, Piastri y Norris. <\/p>\n\n\n\n<p>Adem\u00e1s, en la tarde de ayer, tras 23 a\u00f1os de ausencia, un piloto argentino vuelve a la F1. Franco Colapinto con Wiliams acab\u00f3 la prueba en 12\u00ba lugar, tras partir desde la 18\u00ba posici\u00f3n en la grilla. <\/p>\n\n\n\n<!--more-->\n\n\n\n<figure class=\"wp-block-image size-large\"><a href=\"http:\/\/labestiadeportiva.com\/lbd\/wp-content\/uploads\/2024\/09\/1000401955.jpg\"><img loading=\"lazy\" width=\"1024\" height=\"576\" src=\"http:\/\/labestiadeportiva.com\/lbd\/wp-content\/uploads\/2024\/09\/1000401955-1024x576.jpg\" alt=\"\" class=\"wp-image-50301\" srcset=\"https:\/\/labestiadeportiva.com\/lbd\/wp-content\/uploads\/2024\/09\/1000401955-1024x576.jpg 1024w, https:\/\/labestiadeportiva.com\/lbd\/wp-content\/uploads\/2024\/09\/1000401955-300x169.jpg 300w, https:\/\/labestiadeportiva.com\/lbd\/wp-content\/uploads\/2024\/09\/1000401955-768x432.jpg 768w, https:\/\/labestiadeportiva.com\/lbd\/wp-content\/uploads\/2024\/09\/1000401955-640x360.jpg 640w, https:\/\/labestiadeportiva.com\/lbd\/wp-content\/uploads\/2024\/09\/1000401955.jpg 1200w\" sizes=\"(max-width: 1024px) 100vw, 1024px\" \/><\/a><\/figure>\n\n\n\n<p>El holand\u00e9s, Max Verstappen sigue al frente del mundial de pilotos, pero el brit\u00e1nico, Lando Norris, acorta distancias a ocho carreras del final de temporada.<\/p>\n\n\n\n<p>La carrera italiana estaba planteada para que McLaren se llevara el triunfo, pero literalmente se pegaron un tiro en el pie, Piastri adelant\u00f3 en la curva 4 de Monza, a Norris. <\/p>\n\n\n\n<p>Dejaron pelear libremente a ambos pilotos, y luego erraron la estrategia a dos paradas, tras desgastar sus neum\u00e1ticos en luchas est\u00e9riles. En Ferrari, se la jugaron\u00a0 a una parada y no mostraron sus cartas hasta el final. <\/p>\n\n\n\n<p>Los neum\u00e1ticos aguantaron lo justo en un asfalto muy caliente, la temperatura en pista alcanz\u00f3 los 53 grados cent\u00edgrados y la degradaci\u00f3n era muy alta. La apuesta era arriesgada, pero los autos de Maranello ten\u00edan mejor ritmo y velocidad punta. <\/p>\n\n\n\n<p>Tal vez en McLaren todav\u00eda est\u00e9n pensando si fue acertado ordenar que Norris dejar\u00e1 pasar a Piastri, en Hungaroring. A fin de a\u00f1o saldremos de dudas, mientras tanto, en dos semanas m\u00e1s la F1 llega a las calles de Bak\u00fa.\u00a0\u00a0\u00a0\u00a0\u00a0\u00a0\u00a0\u00a0\u00a0\u00a0\u00a0\u00a0\u00a0<\/p>\n\n\n\n<p>As\u00ed llegaron:<\/p>\n\n\n\n<p>1\u00ba C. Leclerc-Ferrari en 1:14:40,727<\/p>\n\n\n\n<p>2\u00ba O. Piastri-McLaren a 2,664<\/p>\n\n\n\n<p>3\u00ba L. Norris a 6,153<\/p>\n\n\n\n<p>El mundial de pilotos<\/p>\n\n\n\n<p>1\u00ba M. Verstappen (HOL) 303 pts.<\/p>\n\n\n\n<p>2\u00ba L. Norris (GB) 241 pts.<\/p>\n\n\n\n<p>3\u00ba C. Leclerc (MON) 217 pts.<\/p>\n\n\n\n<p>El mundial de constructores<\/p>\n\n\n\n<p>1\u00ba Red Bull 446 pts.<\/p>\n\n\n\n<p>2\u00ba McLaren 438 pts.<\/p>\n\n\n\n<p>3\u00ba Ferrari 407 pts.<\/p>\n\n\n\n<p>9\u00ba Williams 6 pts.<\/p>\n\n\n\n<p>La pr\u00f3xima competencia: 15 de septiembre, GP de Azerbaiy\u00e1n, Bak\u00fa.\u00a0<\/p>\n\n\n\n<figure class=\"wp-block-image size-large\"><a href=\"http:\/\/labestiadeportiva.com\/lbd\/wp-content\/uploads\/2024\/09\/1000401954.jpg\"><img loading=\"lazy\" width=\"1024\" height=\"505\" src=\"http:\/\/labestiadeportiva.com\/lbd\/wp-content\/uploads\/2024\/09\/1000401954-1024x505.jpg\" alt=\"\" class=\"wp-image-50299\" srcset=\"https:\/\/labestiadeportiva.com\/lbd\/wp-content\/uploads\/2024\/09\/1000401954-1024x505.jpg 1024w, https:\/\/labestiadeportiva.com\/lbd\/wp-content\/uploads\/2024\/09\/1000401954-300x148.jpg 300w, https:\/\/labestiadeportiva.com\/lbd\/wp-content\/uploads\/2024\/09\/1000401954-768x379.jpg 768w, https:\/\/labestiadeportiva.com\/lbd\/wp-content\/uploads\/2024\/09\/1000401954-640x316.jpg 640w, https:\/\/labestiadeportiva.com\/lbd\/wp-content\/uploads\/2024\/09\/1000401954.jpg 1256w\" sizes=\"(max-width: 1024px) 100vw, 1024px\" \/><\/a><\/figure>\n<div class='epvc-post-count'><span class='epvc-eye'><\/span>  <span class=\"epvc-count\"> 1.590<\/span><span class='epvc-label'> veces le\u00edda<\/span><\/div>\n<div class=\"jwsharethis\">\nShare this: \n<br \/>\n<a href=\"mailto:?subject=Locura%20en%20Italia%2C%20gan%C3%B3%20Leclerc&amp;body=https%3A%2F%2Flabestiadeportiva.com%2Flbd%2Flocura-en-italia-gano-leclerc%2F\">\n<img src=\"https:\/\/labestiadeportiva.com\/lbd\/wp-content\/plugins\/jw-share-this\/email.png\" alt=\"Share this page via Email\" \/>\n<\/a>\n<a target=\"_blank\" href=\"http:\/\/www.stumbleupon.com\/submit?url=https%3A%2F%2Flabestiadeportiva.com%2Flbd%2Flocura-en-italia-gano-leclerc%2F&amp;title=Locura+en+Italia%2C+gan%C3%B3+Leclerc\">\n<img src=\"https:\/\/labestiadeportiva.com\/lbd\/wp-content\/plugins\/jw-share-this\/su.png\" alt=\"Share this page via Stumble Upon\" \/>\n<\/a>\n<a target=\"_blank\" href=\"http:\/\/digg.com\/submit?url=https%3A%2F%2Flabestiadeportiva.com%2Flbd%2Flocura-en-italia-gano-leclerc%2F&amp;title=Locura+en+Italia%2C+gan%C3%B3+Leclerc\">\n<img src=\"https:\/\/labestiadeportiva.com\/lbd\/wp-content\/plugins\/jw-share-this\/digg.png\" alt=\"Share this page via Digg this\" \/>\n<\/a>\n<a target=\"_blank\" href=\"http:\/\/www.facebook.com\/sharer.php?u=https%3A%2F%2Flabestiadeportiva.com%2Flbd%2Flocura-en-italia-gano-leclerc%2F&amp;t=Locura+en+Italia%2C+gan%C3%B3+Leclerc\">\n<img src=\"https:\/\/labestiadeportiva.com\/lbd\/wp-content\/plugins\/jw-share-this\/fb.png\" alt=\"Share this page via Facebook\" \/>\n<\/a>\n<a target=\"_blank\" href=\"http:\/\/twitter.com\/intent\/tweet?text=I+like+https%3A%2F%2Flabestiadeportiva.com%2Flbd%2Flocura-en-italia-gano-leclerc%2F&amp;title=Locura+en+Italia%2C+gan%C3%B3+Leclerc\">\n<img src=\"https:\/\/labestiadeportiva.com\/lbd\/wp-content\/plugins\/jw-share-this\/twitter.png\" alt=\"Share this page via Twitter\" \/>\n<\/a>\n<\/div>\n","protected":false},"excerpt":{"rendered":"<p>El joven piloto monegasco Charles Leclerc venci\u00f3 en Monza, sede del GP de Italia, le acompa\u00f1aron en el podio los hombres de McLaren, Piastri y Norris. Adem\u00e1s, en la tarde de ayer, tras 23 a\u00f1os de ausencia, un piloto argentino vuelve a la F1. Franco Colapinto con Wiliams acab\u00f3 la prueba en 12\u00ba lugar, tras &hellip; <a href=\"https:\/\/labestiadeportiva.com\/lbd\/locura-en-italia-gano-leclerc\/\" class=\"more-link\">Seguir leyendo <span class=\"screen-reader-text\">Locura en Italia, gan\u00f3 Leclerc<\/span> <span class=\"meta-nav\">&rarr;<\/span><\/a><\/p>\n","protected":false},"author":1,"featured_media":0,"comment_status":"open","ping_status":"open","sticky":false,"template":"","format":"standard","meta":[],"categories":[2176,4,3032,3534,1],"tags":[154,4277,83],"_links":{"self":[{"href":"https:\/\/labestiadeportiva.com\/lbd\/wp-json\/wp\/v2\/posts\/50290"}],"collection":[{"href":"https:\/\/labestiadeportiva.com\/lbd\/wp-json\/wp\/v2\/posts"}],"about":[{"href":"https:\/\/labestiadeportiva.com\/lbd\/wp-json\/wp\/v2\/types\/post"}],"author":[{"embeddable":true,"href":"https:\/\/labestiadeportiva.com\/lbd\/wp-json\/wp\/v2\/users\/1"}],"replies":[{"embeddable":true,"href":"https:\/\/labestiadeportiva.com\/lbd\/wp-json\/wp\/v2\/comments?post=50290"}],"version-history":[{"count":1,"href":"https:\/\/labestiadeportiva.com\/lbd\/wp-json\/wp\/v2\/posts\/50290\/revisions"}],"predecessor-version":[{"id":50302,"href":"https:\/\/labestiadeportiva.com\/lbd\/wp-json\/wp\/v2\/posts\/50290\/revisions\/50302"}],"wp:attachment":[{"href":"https:\/\/labestiadeportiva.com\/lbd\/wp-json\/wp\/v2\/media?parent=50290"}],"wp:term":[{"taxonomy":"category","embeddable":true,"href":"https:\/\/labestiadeportiva.com\/lbd\/wp-json\/wp\/v2\/categories?post=50290"},{"taxonomy":"post_tag","embeddable":true,"href":"https:\/\/labestiadeportiva.com\/lbd\/wp-json\/wp\/v2\/tags?post=50290"}],"curies":[{"name":"wp","href":"https:\/\/api.w.org\/{rel}","templated":true}]}}