{"id":50457,"date":"2024-09-18T18:10:07","date_gmt":"2024-09-18T21:10:07","guid":{"rendered":"http:\/\/labestiadeportiva.com\/lbd\/?p=50457"},"modified":"2024-09-18T18:10:09","modified_gmt":"2024-09-18T21:10:09","slug":"una-tolhuinense-en-lima","status":"publish","type":"post","link":"https:\/\/labestiadeportiva.com\/lbd\/una-tolhuinense-en-lima\/","title":{"rendered":"Una tolhuinense en Lima"},"content":{"rendered":"\n<figure class=\"wp-block-image size-large\"><a href=\"http:\/\/labestiadeportiva.com\/lbd\/wp-content\/uploads\/2024\/09\/1000422820.jpg\"><img loading=\"lazy\" width=\"1024\" height=\"1024\" src=\"http:\/\/labestiadeportiva.com\/lbd\/wp-content\/uploads\/2024\/09\/1000422820-1024x1024.jpg\" alt=\"\" class=\"wp-image-50466\" srcset=\"https:\/\/labestiadeportiva.com\/lbd\/wp-content\/uploads\/2024\/09\/1000422820-1024x1024.jpg 1024w, https:\/\/labestiadeportiva.com\/lbd\/wp-content\/uploads\/2024\/09\/1000422820-300x300.jpg 300w, https:\/\/labestiadeportiva.com\/lbd\/wp-content\/uploads\/2024\/09\/1000422820-150x150.jpg 150w, https:\/\/labestiadeportiva.com\/lbd\/wp-content\/uploads\/2024\/09\/1000422820-768x769.jpg 768w, https:\/\/labestiadeportiva.com\/lbd\/wp-content\/uploads\/2024\/09\/1000422820-640x641.jpg 640w, https:\/\/labestiadeportiva.com\/lbd\/wp-content\/uploads\/2024\/09\/1000422820.jpg 1069w\" sizes=\"(max-width: 1024px) 100vw, 1024px\" \/><\/a><\/figure>\n\n\n\n<p>La joven Mora Alarc\u00f3n, oriunda de Tolhuin, estar\u00e1 presente en Per\u00fa, sede del Panamericano de Taekwondo Ol\u00edmpico WT del 18 al 22 de septiembre. <\/p>\n\n\n\n<!--more-->\n\n\n\n<p>Mora ser\u00e1 la \u00fanica representante fueguina en la categor\u00eda Cadete de la Selecci\u00f3n Argentina.<br>Ella entrena diariamente en el Instituto ATP-Tolhuin, ubicado en Luis C\u00e1rdenas N\u00b0 342,  dirigido por la Maestra Brenda Serdan, fue preparada intensamente para este desaf\u00edo. <\/p>\n\n\n\n<p>La joven deportista fue convocada por el Cuerpo T\u00e9cnico de la Selecci\u00f3n Nacional producto de sus sobresalientes resultados en competencias tanto nacionales como internacionales. <\/p>\n\n\n\n<p>No obstante, al encontrarse a\u00fan en la categor\u00eda de Cintos Negros Cadete (12 a 14 a\u00f1os),  no cumple con la edad m\u00ednima para ingresar a los planes nacionales financiados por el ENARD, lo que implica  que su familia debiera cubrir los gastos de traslado y participaci\u00f3n. <\/p>\n\n\n\n<p>A pesar del esfuerzo financiero que esto representa, su caso es un ejemplo del trabajo arduo realizado, incluso frente a la falta de apoyo de los gobiernos provinciales y municipales, quienes deber\u00edan contribuir al desarrollo del deporte federado.<br><\/p>\n\n\n\n<p>Mora y su familia extienden su agradecimiento al Legislador Dami\u00e1n \u00abLoli\u00bb L\u00f6ffler, la Legisladora Gisela Dos Santos, las Concejalas Mar\u00eda Florencia Auat y Jeanette Del Carmen Alderete Gallardo, Mat\u00edas Rodr\u00edguez Ojeda, el partido Forja, as\u00ed tambi\u00e9n la preparaci\u00f3n f\u00edsica realizada por la Profesora Camila G\u00f3mez como as\u00ed tambi\u00e9n a los vecinos de Tolhuin.<br><\/p>\n\n\n\n<p>Con tan solo 14 a\u00f1os, Mora Alarc\u00f3n sigue demostrando que con esfuerzo y dedicaci\u00f3n se pueden superar las barreras, llevando en alto el nombre de su ciudad y provincia en el \u00e1mbito internacional.<\/p>\n<div class='epvc-post-count'><span class='epvc-eye'><\/span>  <span class=\"epvc-count\"> 936<\/span><span class='epvc-label'> veces le\u00edda<\/span><\/div>\n<div class=\"jwsharethis\">\nShare this: \n<br \/>\n<a href=\"mailto:?subject=Una%20tolhuinense%20en%20Lima&amp;body=https%3A%2F%2Flabestiadeportiva.com%2Flbd%2Funa-tolhuinense-en-lima%2F\">\n<img src=\"https:\/\/labestiadeportiva.com\/lbd\/wp-content\/plugins\/jw-share-this\/email.png\" alt=\"Share this page via Email\" \/>\n<\/a>\n<a target=\"_blank\" href=\"http:\/\/www.stumbleupon.com\/submit?url=https%3A%2F%2Flabestiadeportiva.com%2Flbd%2Funa-tolhuinense-en-lima%2F&amp;title=Una+tolhuinense+en+Lima\">\n<img src=\"https:\/\/labestiadeportiva.com\/lbd\/wp-content\/plugins\/jw-share-this\/su.png\" alt=\"Share this page via Stumble Upon\" \/>\n<\/a>\n<a target=\"_blank\" href=\"http:\/\/digg.com\/submit?url=https%3A%2F%2Flabestiadeportiva.com%2Flbd%2Funa-tolhuinense-en-lima%2F&amp;title=Una+tolhuinense+en+Lima\">\n<img src=\"https:\/\/labestiadeportiva.com\/lbd\/wp-content\/plugins\/jw-share-this\/digg.png\" alt=\"Share this page via Digg this\" \/>\n<\/a>\n<a target=\"_blank\" href=\"http:\/\/www.facebook.com\/sharer.php?u=https%3A%2F%2Flabestiadeportiva.com%2Flbd%2Funa-tolhuinense-en-lima%2F&amp;t=Una+tolhuinense+en+Lima\">\n<img src=\"https:\/\/labestiadeportiva.com\/lbd\/wp-content\/plugins\/jw-share-this\/fb.png\" alt=\"Share this page via Facebook\" \/>\n<\/a>\n<a target=\"_blank\" href=\"http:\/\/twitter.com\/intent\/tweet?text=I+like+https%3A%2F%2Flabestiadeportiva.com%2Flbd%2Funa-tolhuinense-en-lima%2F&amp;title=Una+tolhuinense+en+Lima\">\n<img src=\"https:\/\/labestiadeportiva.com\/lbd\/wp-content\/plugins\/jw-share-this\/twitter.png\" alt=\"Share this page via Twitter\" \/>\n<\/a>\n<\/div>\n","protected":false},"excerpt":{"rendered":"<p>La joven Mora Alarc\u00f3n, oriunda de Tolhuin, estar\u00e1 presente en Per\u00fa, sede del Panamericano de Taekwondo Ol\u00edmpico WT del 18 al 22 de septiembre. 936 veces le\u00edda Share this:<\/p>\n","protected":false},"author":1,"featured_media":0,"comment_status":"open","ping_status":"open","sticky":false,"template":"","format":"standard","meta":[],"categories":[3019,5,4,6,1],"tags":[5410,83,1284,5392,5411],"_links":{"self":[{"href":"https:\/\/labestiadeportiva.com\/lbd\/wp-json\/wp\/v2\/posts\/50457"}],"collection":[{"href":"https:\/\/labestiadeportiva.com\/lbd\/wp-json\/wp\/v2\/posts"}],"about":[{"href":"https:\/\/labestiadeportiva.com\/lbd\/wp-json\/wp\/v2\/types\/post"}],"author":[{"embeddable":true,"href":"https:\/\/labestiadeportiva.com\/lbd\/wp-json\/wp\/v2\/users\/1"}],"replies":[{"embeddable":true,"href":"https:\/\/labestiadeportiva.com\/lbd\/wp-json\/wp\/v2\/comments?post=50457"}],"version-history":[{"count":1,"href":"https:\/\/labestiadeportiva.com\/lbd\/wp-json\/wp\/v2\/posts\/50457\/revisions"}],"predecessor-version":[{"id":50467,"href":"https:\/\/labestiadeportiva.com\/lbd\/wp-json\/wp\/v2\/posts\/50457\/revisions\/50467"}],"wp:attachment":[{"href":"https:\/\/labestiadeportiva.com\/lbd\/wp-json\/wp\/v2\/media?parent=50457"}],"wp:term":[{"taxonomy":"category","embeddable":true,"href":"https:\/\/labestiadeportiva.com\/lbd\/wp-json\/wp\/v2\/categories?post=50457"},{"taxonomy":"post_tag","embeddable":true,"href":"https:\/\/labestiadeportiva.com\/lbd\/wp-json\/wp\/v2\/tags?post=50457"}],"curies":[{"name":"wp","href":"https:\/\/api.w.org\/{rel}","templated":true}]}}