{"id":50468,"date":"2024-09-19T11:52:56","date_gmt":"2024-09-19T14:52:56","guid":{"rendered":"http:\/\/labestiadeportiva.com\/lbd\/?p=50468"},"modified":"2024-09-19T11:58:25","modified_gmt":"2024-09-19T14:58:25","slug":"con-el-pie-derecho-11","status":"publish","type":"post","link":"https:\/\/labestiadeportiva.com\/lbd\/con-el-pie-derecho-11\/","title":{"rendered":"Con el pie derecho"},"content":{"rendered":"\n<figure class=\"wp-block-image size-large\"><a href=\"http:\/\/labestiadeportiva.com\/lbd\/wp-content\/uploads\/2024\/09\/1000429988.jpg\"><img loading=\"lazy\" width=\"1024\" height=\"682\" src=\"http:\/\/labestiadeportiva.com\/lbd\/wp-content\/uploads\/2024\/09\/1000429988-1024x682.jpg\" alt=\"\" class=\"wp-image-50469\" srcset=\"https:\/\/labestiadeportiva.com\/lbd\/wp-content\/uploads\/2024\/09\/1000429988-1024x682.jpg 1024w, https:\/\/labestiadeportiva.com\/lbd\/wp-content\/uploads\/2024\/09\/1000429988-300x200.jpg 300w, https:\/\/labestiadeportiva.com\/lbd\/wp-content\/uploads\/2024\/09\/1000429988-768x512.jpg 768w, https:\/\/labestiadeportiva.com\/lbd\/wp-content\/uploads\/2024\/09\/1000429988-640x427.jpg 640w, https:\/\/labestiadeportiva.com\/lbd\/wp-content\/uploads\/2024\/09\/1000429988.jpg 1280w\" sizes=\"(max-width: 1024px) 100vw, 1024px\" \/><\/a><\/figure>\n\n\n\n<figure class=\"wp-block-image size-full is-resized\"><a href=\"http:\/\/labestiadeportiva.com\/lbd\/wp-content\/uploads\/2022\/11\/CARA_PEREZ-2.jpg\"><img loading=\"lazy\" src=\"http:\/\/labestiadeportiva.com\/lbd\/wp-content\/uploads\/2022\/11\/CARA_PEREZ-2.jpg\" alt=\"\" class=\"wp-image-43576\" width=\"362\" height=\"74\" srcset=\"https:\/\/labestiadeportiva.com\/lbd\/wp-content\/uploads\/2022\/11\/CARA_PEREZ-2.jpg 600w, https:\/\/labestiadeportiva.com\/lbd\/wp-content\/uploads\/2022\/11\/CARA_PEREZ-2-300x62.jpg 300w\" sizes=\"(max-width: 362px) 100vw, 362px\" \/><\/a><\/figure>\n\n\n\n<p>Ayer por la noche en la provincia de San Juan Escuela Municipal debut\u00f3 en la Fase Final de la Copa Argentina con un claro triunfo por 4 a 1 sobre uno de los equipos locales \u00abLa Gloria\u00bb. Este jueves desde las 17 se medir\u00e1 ante el bonaerense Club Social Korn.<\/p>\n\n\n\n<!--more-->\n\n\n\n<p>Con autoridad, una clara muestra de car\u00e1cter en el m\u00edtico \u00abAldo Cantoni\u00bb.  A decir verdad la cosa comenz\u00f3 complicada para las ushuaienses quienes fueron perdiendo durante todo el primer tiempo.<\/p>\n\n\n\n<p>En el complemento todo cambio, a pesar de los sofocones de los primeros 20 minutos donde Brisa Ben\u00edtez tuvo que aparecer en un par de ocasiones, lleg\u00f3 la igualdad y el 2 a 1 parcial para las del Fin del Mundo.<\/p>\n\n\n\n<p>Las locales pusieron en cancha arquera jugadora, algo que finalmente no dar\u00eda resultado. Escuela ajust\u00f3 las marcas, recuper\u00f3 balones y fue efectivo en la red.<\/p>\n\n\n\n<p>En la segunda mitad fue todo para las fueguinas con \u00abTati\u00bb Ruiz como maxima goleadora con un hat trick mientras que el gol restante fue obra de \u00abCeci\u00bb Pino.<\/p>\n\n\n\n<p>Escuela dio el primer paso, se sac\u00f3 las cosquillas del debut, asimil\u00f3 el calor inicial y cerr\u00f3 su primer juego de la mejor manera.<\/p>\n\n\n\n<p>Este jueves por la tarde, desde las 17, ir\u00e1 por las chicas de Korn. El primer paso est\u00e1 dado, la ilusi\u00f3 de ir por todo intacta&#8230;como  siempre.<\/p>\n\n\n\n<figure class=\"wp-block-image size-large\"><a href=\"http:\/\/labestiadeportiva.com\/lbd\/wp-content\/uploads\/2024\/09\/1000429989.jpg\"><img loading=\"lazy\" width=\"1024\" height=\"682\" src=\"http:\/\/labestiadeportiva.com\/lbd\/wp-content\/uploads\/2024\/09\/1000429989-1024x682.jpg\" alt=\"\" class=\"wp-image-50470\" srcset=\"https:\/\/labestiadeportiva.com\/lbd\/wp-content\/uploads\/2024\/09\/1000429989-1024x682.jpg 1024w, https:\/\/labestiadeportiva.com\/lbd\/wp-content\/uploads\/2024\/09\/1000429989-300x200.jpg 300w, https:\/\/labestiadeportiva.com\/lbd\/wp-content\/uploads\/2024\/09\/1000429989-768x512.jpg 768w, https:\/\/labestiadeportiva.com\/lbd\/wp-content\/uploads\/2024\/09\/1000429989-640x427.jpg 640w, https:\/\/labestiadeportiva.com\/lbd\/wp-content\/uploads\/2024\/09\/1000429989.jpg 1280w\" sizes=\"(max-width: 1024px) 100vw, 1024px\" \/><\/a><\/figure>\n<div class='epvc-post-count'><span class='epvc-eye'><\/span>  <span class=\"epvc-count\"> 1.145<\/span><span class='epvc-label'> veces le\u00edda<\/span><\/div>\n<div class=\"jwsharethis\">\nShare this: \n<br \/>\n<a href=\"mailto:?subject=Con%20el%20pie%20derecho&amp;body=https%3A%2F%2Flabestiadeportiva.com%2Flbd%2Fcon-el-pie-derecho-11%2F\">\n<img src=\"https:\/\/labestiadeportiva.com\/lbd\/wp-content\/plugins\/jw-share-this\/email.png\" alt=\"Share this page via Email\" \/>\n<\/a>\n<a target=\"_blank\" href=\"http:\/\/www.stumbleupon.com\/submit?url=https%3A%2F%2Flabestiadeportiva.com%2Flbd%2Fcon-el-pie-derecho-11%2F&amp;title=Con+el+pie+derecho\">\n<img src=\"https:\/\/labestiadeportiva.com\/lbd\/wp-content\/plugins\/jw-share-this\/su.png\" alt=\"Share this page via Stumble Upon\" \/>\n<\/a>\n<a target=\"_blank\" href=\"http:\/\/digg.com\/submit?url=https%3A%2F%2Flabestiadeportiva.com%2Flbd%2Fcon-el-pie-derecho-11%2F&amp;title=Con+el+pie+derecho\">\n<img src=\"https:\/\/labestiadeportiva.com\/lbd\/wp-content\/plugins\/jw-share-this\/digg.png\" alt=\"Share this page via Digg this\" \/>\n<\/a>\n<a target=\"_blank\" href=\"http:\/\/www.facebook.com\/sharer.php?u=https%3A%2F%2Flabestiadeportiva.com%2Flbd%2Fcon-el-pie-derecho-11%2F&amp;t=Con+el+pie+derecho\">\n<img src=\"https:\/\/labestiadeportiva.com\/lbd\/wp-content\/plugins\/jw-share-this\/fb.png\" alt=\"Share this page via Facebook\" \/>\n<\/a>\n<a target=\"_blank\" href=\"http:\/\/twitter.com\/intent\/tweet?text=I+like+https%3A%2F%2Flabestiadeportiva.com%2Flbd%2Fcon-el-pie-derecho-11%2F&amp;title=Con+el+pie+derecho\">\n<img src=\"https:\/\/labestiadeportiva.com\/lbd\/wp-content\/plugins\/jw-share-this\/twitter.png\" alt=\"Share this page via Twitter\" \/>\n<\/a>\n<\/div>\n","protected":false},"excerpt":{"rendered":"<p>Ayer por la noche en la provincia de San Juan Escuela Municipal debut\u00f3 en la Fase Final de la Copa Argentina con un claro triunfo por 4 a 1 sobre uno de los equipos locales \u00abLa Gloria\u00bb. Este jueves desde las 17 se medir\u00e1 ante el bonaerense Club Social Korn. 1.145 veces le\u00edda Share this:<\/p>\n","protected":false},"author":1,"featured_media":0,"comment_status":"open","ping_status":"open","sticky":false,"template":"","format":"standard","meta":[],"categories":[4486,5,6,2343,2608,1],"tags":[387,1530,5412,181,5408],"_links":{"self":[{"href":"https:\/\/labestiadeportiva.com\/lbd\/wp-json\/wp\/v2\/posts\/50468"}],"collection":[{"href":"https:\/\/labestiadeportiva.com\/lbd\/wp-json\/wp\/v2\/posts"}],"about":[{"href":"https:\/\/labestiadeportiva.com\/lbd\/wp-json\/wp\/v2\/types\/post"}],"author":[{"embeddable":true,"href":"https:\/\/labestiadeportiva.com\/lbd\/wp-json\/wp\/v2\/users\/1"}],"replies":[{"embeddable":true,"href":"https:\/\/labestiadeportiva.com\/lbd\/wp-json\/wp\/v2\/comments?post=50468"}],"version-history":[{"count":2,"href":"https:\/\/labestiadeportiva.com\/lbd\/wp-json\/wp\/v2\/posts\/50468\/revisions"}],"predecessor-version":[{"id":50472,"href":"https:\/\/labestiadeportiva.com\/lbd\/wp-json\/wp\/v2\/posts\/50468\/revisions\/50472"}],"wp:attachment":[{"href":"https:\/\/labestiadeportiva.com\/lbd\/wp-json\/wp\/v2\/media?parent=50468"}],"wp:term":[{"taxonomy":"category","embeddable":true,"href":"https:\/\/labestiadeportiva.com\/lbd\/wp-json\/wp\/v2\/categories?post=50468"},{"taxonomy":"post_tag","embeddable":true,"href":"https:\/\/labestiadeportiva.com\/lbd\/wp-json\/wp\/v2\/tags?post=50468"}],"curies":[{"name":"wp","href":"https:\/\/api.w.org\/{rel}","templated":true}]}}