{"id":50486,"date":"2024-09-20T17:13:30","date_gmt":"2024-09-20T20:13:30","guid":{"rendered":"http:\/\/labestiadeportiva.com\/lbd\/?p=50486"},"modified":"2024-09-20T18:37:55","modified_gmt":"2024-09-20T21:37:55","slug":"cross-en-el-autodromo-audio","status":"publish","type":"post","link":"https:\/\/labestiadeportiva.com\/lbd\/cross-en-el-autodromo-audio\/","title":{"rendered":"Cross en el aut\u00f3dromo (Audio)"},"content":{"rendered":"\n<figure class=\"wp-block-image size-large\"><a href=\"http:\/\/labestiadeportiva.com\/lbd\/wp-content\/uploads\/2024\/09\/1000432731.png\"><img loading=\"lazy\" width=\"1024\" height=\"666\" src=\"http:\/\/labestiadeportiva.com\/lbd\/wp-content\/uploads\/2024\/09\/1000432731-1024x666.png\" alt=\"\" class=\"wp-image-50495\" srcset=\"https:\/\/labestiadeportiva.com\/lbd\/wp-content\/uploads\/2024\/09\/1000432731-1024x666.png 1024w, https:\/\/labestiadeportiva.com\/lbd\/wp-content\/uploads\/2024\/09\/1000432731-300x195.png 300w, https:\/\/labestiadeportiva.com\/lbd\/wp-content\/uploads\/2024\/09\/1000432731-768x499.png 768w, https:\/\/labestiadeportiva.com\/lbd\/wp-content\/uploads\/2024\/09\/1000432731-640x416.png 640w, https:\/\/labestiadeportiva.com\/lbd\/wp-content\/uploads\/2024\/09\/1000432731.png 1080w\" sizes=\"(max-width: 1024px) 100vw, 1024px\" \/><\/a><\/figure>\n\n\n\n<figure class=\"wp-block-image size-full is-resized\"><a href=\"http:\/\/labestiadeportiva.com\/lbd\/wp-content\/uploads\/2022\/11\/CARA_PEREZ-2.jpg\"><img loading=\"lazy\" src=\"http:\/\/labestiadeportiva.com\/lbd\/wp-content\/uploads\/2022\/11\/CARA_PEREZ-2.jpg\" alt=\"\" class=\"wp-image-43576\" width=\"354\" height=\"72\" srcset=\"https:\/\/labestiadeportiva.com\/lbd\/wp-content\/uploads\/2022\/11\/CARA_PEREZ-2.jpg 600w, https:\/\/labestiadeportiva.com\/lbd\/wp-content\/uploads\/2022\/11\/CARA_PEREZ-2-300x62.jpg 300w\" sizes=\"(max-width: 354px) 100vw, 354px\" \/><\/a><\/figure>\n\n\n\n<p>Comunicaci\u00f3n telef\u00f3nica con el flamante presidente del Moto Club RG,  Nito Milovic.<\/p>\n\n\n\n<p>Regreso del Provincial a trav\u00e9s de la 2\u00b0 fecha con casi 90 inscriptos. Ser\u00e1 en el circuito en lavado en el aut\u00f3dromo \u00abCiudad de R\u00edo Grande\u00bb.<\/p>\n\n\n\n<p>Compartimos la entrevista lograda este viernes en la 94.1 FM del Sur. <\/p>\n\n\n\n<!--more-->\n\n\n\n<figure class=\"wp-block-embed is-type-video is-provider-youtube wp-block-embed-youtube wp-embed-aspect-4-3 wp-has-aspect-ratio\"><div class=\"wp-block-embed__wrapper\">\n<iframe loading=\"lazy\" title=\"Audio Nito Milovic\" width=\"474\" height=\"356\" src=\"https:\/\/www.youtube.com\/embed\/GccIskTPSnU?feature=oembed\" frameborder=\"0\" allow=\"accelerometer; autoplay; clipboard-write; encrypted-media; gyroscope; picture-in-picture; web-share\" referrerpolicy=\"strict-origin-when-cross-origin\" allowfullscreen><\/iframe>\n<\/div><\/figure>\n<div class='epvc-post-count'><span class='epvc-eye'><\/span>  <span class=\"epvc-count\"> 1.504<\/span><span class='epvc-label'> veces le\u00edda<\/span><\/div>\n<div class=\"jwsharethis\">\nShare this: \n<br \/>\n<a href=\"mailto:?subject=Cross%20en%20el%20aut%C3%B3dromo%20%28Audio%29&amp;body=https%3A%2F%2Flabestiadeportiva.com%2Flbd%2Fcross-en-el-autodromo-audio%2F\">\n<img src=\"https:\/\/labestiadeportiva.com\/lbd\/wp-content\/plugins\/jw-share-this\/email.png\" alt=\"Share this page via Email\" \/>\n<\/a>\n<a target=\"_blank\" href=\"http:\/\/www.stumbleupon.com\/submit?url=https%3A%2F%2Flabestiadeportiva.com%2Flbd%2Fcross-en-el-autodromo-audio%2F&amp;title=Cross+en+el+aut%C3%B3dromo+%28Audio%29\">\n<img src=\"https:\/\/labestiadeportiva.com\/lbd\/wp-content\/plugins\/jw-share-this\/su.png\" alt=\"Share this page via Stumble Upon\" \/>\n<\/a>\n<a target=\"_blank\" href=\"http:\/\/digg.com\/submit?url=https%3A%2F%2Flabestiadeportiva.com%2Flbd%2Fcross-en-el-autodromo-audio%2F&amp;title=Cross+en+el+aut%C3%B3dromo+%28Audio%29\">\n<img src=\"https:\/\/labestiadeportiva.com\/lbd\/wp-content\/plugins\/jw-share-this\/digg.png\" alt=\"Share this page via Digg this\" \/>\n<\/a>\n<a target=\"_blank\" href=\"http:\/\/www.facebook.com\/sharer.php?u=https%3A%2F%2Flabestiadeportiva.com%2Flbd%2Fcross-en-el-autodromo-audio%2F&amp;t=Cross+en+el+aut%C3%B3dromo+%28Audio%29\">\n<img src=\"https:\/\/labestiadeportiva.com\/lbd\/wp-content\/plugins\/jw-share-this\/fb.png\" alt=\"Share this page via Facebook\" \/>\n<\/a>\n<a target=\"_blank\" href=\"http:\/\/twitter.com\/intent\/tweet?text=I+like+https%3A%2F%2Flabestiadeportiva.com%2Flbd%2Fcross-en-el-autodromo-audio%2F&amp;title=Cross+en+el+aut%C3%B3dromo+%28Audio%29\">\n<img src=\"https:\/\/labestiadeportiva.com\/lbd\/wp-content\/plugins\/jw-share-this\/twitter.png\" alt=\"Share this page via Twitter\" \/>\n<\/a>\n<\/div>\n","protected":false},"excerpt":{"rendered":"<p>Comunicaci\u00f3n telef\u00f3nica con el flamante presidente del Moto Club RG, Nito Milovic. Regreso del Provincial a trav\u00e9s de la 2\u00b0 fecha con casi 90 inscriptos. Ser\u00e1 en el circuito en lavado en el aut\u00f3dromo \u00abCiudad de R\u00edo Grande\u00bb. Compartimos la entrevista lograda este viernes en la 94.1 FM del Sur. 1.504 veces le\u00edda Share this:<\/p>\n","protected":false},"author":1,"featured_media":0,"comment_status":"open","ping_status":"open","sticky":false,"template":"","format":"standard","meta":[],"categories":[5,60,68,1],"tags":[193,5413,5414,4138,71],"_links":{"self":[{"href":"https:\/\/labestiadeportiva.com\/lbd\/wp-json\/wp\/v2\/posts\/50486"}],"collection":[{"href":"https:\/\/labestiadeportiva.com\/lbd\/wp-json\/wp\/v2\/posts"}],"about":[{"href":"https:\/\/labestiadeportiva.com\/lbd\/wp-json\/wp\/v2\/types\/post"}],"author":[{"embeddable":true,"href":"https:\/\/labestiadeportiva.com\/lbd\/wp-json\/wp\/v2\/users\/1"}],"replies":[{"embeddable":true,"href":"https:\/\/labestiadeportiva.com\/lbd\/wp-json\/wp\/v2\/comments?post=50486"}],"version-history":[{"count":2,"href":"https:\/\/labestiadeportiva.com\/lbd\/wp-json\/wp\/v2\/posts\/50486\/revisions"}],"predecessor-version":[{"id":50501,"href":"https:\/\/labestiadeportiva.com\/lbd\/wp-json\/wp\/v2\/posts\/50486\/revisions\/50501"}],"wp:attachment":[{"href":"https:\/\/labestiadeportiva.com\/lbd\/wp-json\/wp\/v2\/media?parent=50486"}],"wp:term":[{"taxonomy":"category","embeddable":true,"href":"https:\/\/labestiadeportiva.com\/lbd\/wp-json\/wp\/v2\/categories?post=50486"},{"taxonomy":"post_tag","embeddable":true,"href":"https:\/\/labestiadeportiva.com\/lbd\/wp-json\/wp\/v2\/tags?post=50486"}],"curies":[{"name":"wp","href":"https:\/\/api.w.org\/{rel}","templated":true}]}}