{"id":50548,"date":"2024-09-26T10:27:13","date_gmt":"2024-09-26T13:27:13","guid":{"rendered":"http:\/\/labestiadeportiva.com\/lbd\/?p=50548"},"modified":"2024-09-26T13:48:35","modified_gmt":"2024-09-26T16:48:35","slug":"fecha-suspendida-6","status":"publish","type":"post","link":"https:\/\/labestiadeportiva.com\/lbd\/fecha-suspendida-6\/","title":{"rendered":"Fecha suspendida"},"content":{"rendered":"\n<figure class=\"wp-block-image size-large\"><a href=\"http:\/\/labestiadeportiva.com\/lbd\/wp-content\/uploads\/2024\/09\/1000444015.png\"><img loading=\"lazy\" width=\"1024\" height=\"349\" src=\"http:\/\/labestiadeportiva.com\/lbd\/wp-content\/uploads\/2024\/09\/1000444015-1024x349.png\" alt=\"\" class=\"wp-image-50557\" srcset=\"https:\/\/labestiadeportiva.com\/lbd\/wp-content\/uploads\/2024\/09\/1000444015-1024x349.png 1024w, https:\/\/labestiadeportiva.com\/lbd\/wp-content\/uploads\/2024\/09\/1000444015-300x102.png 300w, https:\/\/labestiadeportiva.com\/lbd\/wp-content\/uploads\/2024\/09\/1000444015-768x262.png 768w, https:\/\/labestiadeportiva.com\/lbd\/wp-content\/uploads\/2024\/09\/1000444015-640x218.png 640w, https:\/\/labestiadeportiva.com\/lbd\/wp-content\/uploads\/2024\/09\/1000444015.png 1068w\" sizes=\"(max-width: 1024px) 100vw, 1024px\" \/><\/a><\/figure>\n\n\n\n<figure class=\"wp-block-image size-full is-resized\"><a href=\"http:\/\/labestiadeportiva.com\/lbd\/wp-content\/uploads\/2022\/11\/CARA_PEREZ-2.jpg\"><img loading=\"lazy\" src=\"http:\/\/labestiadeportiva.com\/lbd\/wp-content\/uploads\/2022\/11\/CARA_PEREZ-2.jpg\" alt=\"\" class=\"wp-image-43576\" width=\"364\" height=\"74\" srcset=\"https:\/\/labestiadeportiva.com\/lbd\/wp-content\/uploads\/2022\/11\/CARA_PEREZ-2.jpg 600w, https:\/\/labestiadeportiva.com\/lbd\/wp-content\/uploads\/2022\/11\/CARA_PEREZ-2-300x62.jpg 300w\" sizes=\"(max-width: 364px) 100vw, 364px\" \/><\/a><\/figure>\n\n\n\n<p>Luego de la reuni\u00f3n de Comisi\u00f3n Directiva, realizada el mi\u00e9rcoles por la tarde, la Uni\u00f3n de Rugby de Tierra del Fuego a trav\u00e9s de su \u00e1rea de Competencia tom\u00f3 la decisi\u00f3n de reprogramar la 3\u00b0 fecha para el 16 de Noviembre pr\u00f3ximo. Asimismo la 4\u00b0 jornada llegar\u00e1 el domingo 6 de Octubre. Desde LBD te contamos detalles y novedades de la ovalada.<\/p>\n\n\n\n<!--more-->\n\n\n\n<p>Sin ninguna duda la situaci\u00f3n clim\u00e1tica, nevada incluida entre semana, fue el principal condicionante para tomar la decisi\u00f3n de postergar la tercera fecha del Torneo Clausura.<\/p>\n\n\n\n<p>Seg\u00fan pudimos averiguar la misma se reprogram\u00f3 para el fin de semana del 16 de noviembre pr\u00f3ximo.<\/p>\n\n\n\n<p>Asimismo se dio a conocer que la jornada 4 se disputar\u00e1 \u00edntegramente el domingo 6 de Octubre dado que el viernes y s\u00e1bado previo llegar\u00e1 la capacitaci\u00f3n UAR a cargo del ex Puma Martin Gait\u00e1n y el Oficial de Desarrollo Sergio \u00abColo\u00bb Abbate.<\/p>\n\n\n\n<p>De est\u00e1 manera luego de la primera y segunda fecha del Torneo Clausura disputada en la zona centro norte de la provincia la actividad oficial en cancha se detendr\u00e1 por los pr\u00f3ximos 10 d\u00edas.<\/p>\n\n\n\n<p>Torneo Clausura (Fecha 3) postergada<\/p>\n\n\n\n<p>Las \u00c1guilas\/R\u00edo Grande RHC<\/p>\n\n\n\n<p>Club Colegio del Sur\/URC<\/p>\n\n\n\n<p>Tolhuin RC\/Club Universitario <\/p>\n\n\n\n<p><\/p>\n\n\n\n<p><\/p>\n<div class='epvc-post-count'><span class='epvc-eye'><\/span>  <span class=\"epvc-count\"> 1.525<\/span><span class='epvc-label'> veces le\u00edda<\/span><\/div>\n<div class=\"jwsharethis\">\nShare this: \n<br \/>\n<a href=\"mailto:?subject=Fecha%20suspendida&amp;body=https%3A%2F%2Flabestiadeportiva.com%2Flbd%2Ffecha-suspendida-6%2F\">\n<img src=\"https:\/\/labestiadeportiva.com\/lbd\/wp-content\/plugins\/jw-share-this\/email.png\" alt=\"Share this page via Email\" \/>\n<\/a>\n<a target=\"_blank\" href=\"http:\/\/www.stumbleupon.com\/submit?url=https%3A%2F%2Flabestiadeportiva.com%2Flbd%2Ffecha-suspendida-6%2F&amp;title=Fecha+suspendida\">\n<img src=\"https:\/\/labestiadeportiva.com\/lbd\/wp-content\/plugins\/jw-share-this\/su.png\" alt=\"Share this page via Stumble Upon\" \/>\n<\/a>\n<a target=\"_blank\" href=\"http:\/\/digg.com\/submit?url=https%3A%2F%2Flabestiadeportiva.com%2Flbd%2Ffecha-suspendida-6%2F&amp;title=Fecha+suspendida\">\n<img src=\"https:\/\/labestiadeportiva.com\/lbd\/wp-content\/plugins\/jw-share-this\/digg.png\" alt=\"Share this page via Digg this\" \/>\n<\/a>\n<a target=\"_blank\" href=\"http:\/\/www.facebook.com\/sharer.php?u=https%3A%2F%2Flabestiadeportiva.com%2Flbd%2Ffecha-suspendida-6%2F&amp;t=Fecha+suspendida\">\n<img src=\"https:\/\/labestiadeportiva.com\/lbd\/wp-content\/plugins\/jw-share-this\/fb.png\" alt=\"Share this page via Facebook\" \/>\n<\/a>\n<a target=\"_blank\" href=\"http:\/\/twitter.com\/intent\/tweet?text=I+like+https%3A%2F%2Flabestiadeportiva.com%2Flbd%2Ffecha-suspendida-6%2F&amp;title=Fecha+suspendida\">\n<img src=\"https:\/\/labestiadeportiva.com\/lbd\/wp-content\/plugins\/jw-share-this\/twitter.png\" alt=\"Share this page via Twitter\" \/>\n<\/a>\n<\/div>\n","protected":false},"excerpt":{"rendered":"<p>Luego de la reuni\u00f3n de Comisi\u00f3n Directiva, realizada el mi\u00e9rcoles por la tarde, la Uni\u00f3n de Rugby de Tierra del Fuego a trav\u00e9s de su \u00e1rea de Competencia tom\u00f3 la decisi\u00f3n de reprogramar la 3\u00b0 fecha para el 16 de Noviembre pr\u00f3ximo. Asimismo la 4\u00b0 jornada llegar\u00e1 el domingo 6 de Octubre. Desde LBD te &hellip; <a href=\"https:\/\/labestiadeportiva.com\/lbd\/fecha-suspendida-6\/\" class=\"more-link\">Seguir leyendo <span class=\"screen-reader-text\">Fecha suspendida<\/span> <span class=\"meta-nav\">&rarr;<\/span><\/a><\/p>\n","protected":false},"author":1,"featured_media":0,"comment_status":"open","ping_status":"open","sticky":false,"template":"","format":"standard","meta":[],"categories":[5,1,2461],"tags":[83,107,1190],"_links":{"self":[{"href":"https:\/\/labestiadeportiva.com\/lbd\/wp-json\/wp\/v2\/posts\/50548"}],"collection":[{"href":"https:\/\/labestiadeportiva.com\/lbd\/wp-json\/wp\/v2\/posts"}],"about":[{"href":"https:\/\/labestiadeportiva.com\/lbd\/wp-json\/wp\/v2\/types\/post"}],"author":[{"embeddable":true,"href":"https:\/\/labestiadeportiva.com\/lbd\/wp-json\/wp\/v2\/users\/1"}],"replies":[{"embeddable":true,"href":"https:\/\/labestiadeportiva.com\/lbd\/wp-json\/wp\/v2\/comments?post=50548"}],"version-history":[{"count":4,"href":"https:\/\/labestiadeportiva.com\/lbd\/wp-json\/wp\/v2\/posts\/50548\/revisions"}],"predecessor-version":[{"id":50566,"href":"https:\/\/labestiadeportiva.com\/lbd\/wp-json\/wp\/v2\/posts\/50548\/revisions\/50566"}],"wp:attachment":[{"href":"https:\/\/labestiadeportiva.com\/lbd\/wp-json\/wp\/v2\/media?parent=50548"}],"wp:term":[{"taxonomy":"category","embeddable":true,"href":"https:\/\/labestiadeportiva.com\/lbd\/wp-json\/wp\/v2\/categories?post=50548"},{"taxonomy":"post_tag","embeddable":true,"href":"https:\/\/labestiadeportiva.com\/lbd\/wp-json\/wp\/v2\/tags?post=50548"}],"curies":[{"name":"wp","href":"https:\/\/api.w.org\/{rel}","templated":true}]}}